{"id":9593,"date":"2018-12-22T10:16:27","date_gmt":"2018-12-22T09:16:27","guid":{"rendered":"http:\/\/www.liceodeourense.com\/2.0\/?p=9593"},"modified":"2018-12-24T10:22:05","modified_gmt":"2018-12-24T09:22:05","slug":"noche-espectacular-con-los-evers-en-el-liceo","status":"publish","type":"post","link":"https:\/\/www.liceodeourense.com\/2.0\/?p=9593","title":{"rendered":"NOCHE ESPECTACULAR CON \u00abLOS EVERS\u00bb EN EL LICEO."},"content":{"rendered":"<h3><a href=\"http:\/\/www.liceodeourense.com\/2.0\/?attachment_id=9594\" rel=\"attachment wp-att-9594\"><img loading=\"lazy\" decoding=\"async\" class=\"alignright size-full wp-image-9594\" src=\"http:\/\/www.liceodeourense.com\/2.0\/wp-content\/uploads\/LOS-EVERS-21-12-18-1.jpg\" alt=\"\" width=\"720\" height=\"960\" srcset=\"https:\/\/www.liceodeourense.com\/2.0\/wp-content\/uploads\/LOS-EVERS-21-12-18-1.jpg 720w, https:\/\/www.liceodeourense.com\/2.0\/wp-content\/uploads\/LOS-EVERS-21-12-18-1-225x300.jpg 225w\" sizes=\"auto, (max-width: 720px) 100vw, 720px\" \/><\/a><\/h3>\n<h3>NOCHE ESPECTACULAR la que nos hicieron pasar los chicos de \u00abLOS EVERS\u00bb en EL LICEO, cantamos, bailamos, so\u00f1amos, una noche muy especial para celebrar estos d\u00edas de amistad con el pretexto de la navidad, gracias chicos por esta noche, tendremos m\u00e1s&#8230; seguro&#8230; . Gracias\u00a0CARLOS GARCIA, JOSE RAMON VIVAS, JOSE LUIS RODRIGUEZ, (Sambi) , RAMON ANDRE\u00a0 (Moncho),JOSE LUIS PEREZ, (Pepe),\u00a0 ANTONIO VAZQUEZ, (Tonino ).\u00a0 Y tambi\u00e9n gracias Mar\u00eda &#8211; Albino (Prosoda) por vuestra complicidad.<\/h3>\n<p>https:\/\/www.facebook.com\/245649778928332\/videos\/347071949180303\/?t=2<\/p>\n<p><a href=\"http:\/\/www.liceodeourense.com\/2.0\/?attachment_id=9595\" rel=\"attachment wp-att-9595\"><img loading=\"lazy\" decoding=\"async\" class=\"alignright size-full wp-image-9595\" src=\"http:\/\/www.liceodeourense.com\/2.0\/wp-content\/uploads\/LOS-EVERS-21-12-18-2.jpg\" alt=\"\" width=\"960\" height=\"720\" srcset=\"https:\/\/www.liceodeourense.com\/2.0\/wp-content\/uploads\/LOS-EVERS-21-12-18-2.jpg 960w, https:\/\/www.liceodeourense.com\/2.0\/wp-content\/uploads\/LOS-EVERS-21-12-18-2-300x225.jpg 300w, https:\/\/www.liceodeourense.com\/2.0\/wp-content\/uploads\/LOS-EVERS-21-12-18-2-768x576.jpg 768w\" sizes=\"auto, (max-width: 960px) 100vw, 960px\" \/><\/a> <a href=\"http:\/\/www.liceodeourense.com\/2.0\/?attachment_id=9597\" rel=\"attachment wp-att-9597\"><img loading=\"lazy\" decoding=\"async\" class=\"alignright size-full wp-image-9597\" src=\"http:\/\/www.liceodeourense.com\/2.0\/wp-content\/uploads\/LOS-EVERS-21-12-18-3.jpg\" alt=\"\" width=\"1190\" height=\"893\" srcset=\"https:\/\/www.liceodeourense.com\/2.0\/wp-content\/uploads\/LOS-EVERS-21-12-18-3.jpg 1190w, https:\/\/www.liceodeourense.com\/2.0\/wp-content\/uploads\/LOS-EVERS-21-12-18-3-300x225.jpg 300w, https:\/\/www.liceodeourense.com\/2.0\/wp-content\/uploads\/LOS-EVERS-21-12-18-3-768x576.jpg 768w, https:\/\/www.liceodeourense.com\/2.0\/wp-content\/uploads\/LOS-EVERS-21-12-18-3-1024x768.jpg 1024w\" sizes=\"auto, (max-width: 1190px) 100vw, 1190px\" \/><\/a> <a href=\"http:\/\/www.liceodeourense.com\/2.0\/?attachment_id=9598\" rel=\"attachment wp-att-9598\"><img loading=\"lazy\" decoding=\"async\" class=\"alignright size-full wp-image-9598\" src=\"http:\/\/www.liceodeourense.com\/2.0\/wp-content\/uploads\/LOS-EVERS-21-12-18-4.jpg\" alt=\"\" width=\"1190\" height=\"893\" srcset=\"https:\/\/www.liceodeourense.com\/2.0\/wp-content\/uploads\/LOS-EVERS-21-12-18-4.jpg 1190w, https:\/\/www.liceodeourense.com\/2.0\/wp-content\/uploads\/LOS-EVERS-21-12-18-4-300x225.jpg 300w, https:\/\/www.liceodeourense.com\/2.0\/wp-content\/uploads\/LOS-EVERS-21-12-18-4-768x576.jpg 768w, https:\/\/www.liceodeourense.com\/2.0\/wp-content\/uploads\/LOS-EVERS-21-12-18-4-1024x768.jpg 1024w\" sizes=\"auto, (max-width: 1190px) 100vw, 1190px\" \/><\/a> <a href=\"http:\/\/www.liceodeourense.com\/2.0\/?attachment_id=9599\" rel=\"attachment wp-att-9599\"><img loading=\"lazy\" decoding=\"async\" class=\"alignright size-full wp-image-9599\" src=\"http:\/\/www.liceodeourense.com\/2.0\/wp-content\/uploads\/LOS-EVERS-21-12-18-5.jpg\" alt=\"\" width=\"1190\" height=\"893\" srcset=\"https:\/\/www.liceodeourense.com\/2.0\/wp-content\/uploads\/LOS-EVERS-21-12-18-5.jpg 1190w, https:\/\/www.liceodeourense.com\/2.0\/wp-content\/uploads\/LOS-EVERS-21-12-18-5-300x225.jpg 300w, https:\/\/www.liceodeourense.com\/2.0\/wp-content\/uploads\/LOS-EVERS-21-12-18-5-768x576.jpg 768w, https:\/\/www.liceodeourense.com\/2.0\/wp-content\/uploads\/LOS-EVERS-21-12-18-5-1024x768.jpg 1024w\" sizes=\"auto, (max-width: 1190px) 100vw, 1190px\" \/><\/a> <a href=\"http:\/\/www.liceodeourense.com\/2.0\/?attachment_id=9600\" rel=\"attachment wp-att-9600\"><img loading=\"lazy\" decoding=\"async\" class=\"alignright size-full wp-image-9600\" src=\"http:\/\/www.liceodeourense.com\/2.0\/wp-content\/uploads\/LOS-EVERS-21-12-18-9.jpg\" alt=\"\" width=\"1190\" height=\"893\" srcset=\"https:\/\/www.liceodeourense.com\/2.0\/wp-content\/uploads\/LOS-EVERS-21-12-18-9.jpg 1190w, https:\/\/www.liceodeourense.com\/2.0\/wp-content\/uploads\/LOS-EVERS-21-12-18-9-300x225.jpg 300w, https:\/\/www.liceodeourense.com\/2.0\/wp-content\/uploads\/LOS-EVERS-21-12-18-9-768x576.jpg 768w, https:\/\/www.liceodeourense.com\/2.0\/wp-content\/uploads\/LOS-EVERS-21-12-18-9-1024x768.jpg 1024w\" sizes=\"auto, (max-width: 1190px) 100vw, 1190px\" \/><\/a><a href=\"http:\/\/www.liceodeourense.com\/2.0\/?attachment_id=9596\" rel=\"attachment wp-att-9596\"><img loading=\"lazy\" decoding=\"async\" class=\"alignright  wp-image-9596\" src=\"http:\/\/www.liceodeourense.com\/2.0\/wp-content\/uploads\/LOS-EVERS-1.jpg\" alt=\"\" width=\"753\" height=\"1319\" srcset=\"https:\/\/www.liceodeourense.com\/2.0\/wp-content\/uploads\/LOS-EVERS-1.jpg 548w, https:\/\/www.liceodeourense.com\/2.0\/wp-content\/uploads\/LOS-EVERS-1-171x300.jpg 171w\" sizes=\"auto, (max-width: 753px) 100vw, 753px\" \/><\/a><\/p>\n","protected":false},"excerpt":{"rendered":"<p>NOCHE ESPECTACULAR la que nos hicieron pasar los chicos de \u00abLOS EVERS\u00bb en EL LICEO, cantamos, bailamos, so\u00f1amos, una noche muy especial para celebrar estos d\u00edas de amistad con el pretexto de la navidad, gracias chicos por esta noche, tendremos m\u00e1s&#8230; seguro&#8230; . Gracias\u00a0CARLOS GARCIA, JOSE RAMON VIVAS, JOSE LUIS RODRIGUEZ, (Sambi) , RAMON ANDRE\u00a0 [&hellip;]<\/p>\n","protected":false},"author":2,"featured_media":0,"comment_status":"open","ping_status":"closed","sticky":false,"template":"","format":"standard","meta":{"footnotes":""},"categories":[21],"tags":[],"class_list":["post-9593","post","type-post","status-publish","format-standard","hentry","category-musica-concertos-patio-de-columnas"],"_links":{"self":[{"href":"https:\/\/www.liceodeourense.com\/2.0\/index.php?rest_route=\/wp\/v2\/posts\/9593","targetHints":{"allow":["GET"]}}],"collection":[{"href":"https:\/\/www.liceodeourense.com\/2.0\/index.php?rest_route=\/wp\/v2\/posts"}],"about":[{"href":"https:\/\/www.liceodeourense.com\/2.0\/index.php?rest_route=\/wp\/v2\/types\/post"}],"author":[{"embeddable":true,"href":"https:\/\/www.liceodeourense.com\/2.0\/index.php?rest_route=\/wp\/v2\/users\/2"}],"replies":[{"embeddable":true,"href":"https:\/\/www.liceodeourense.com\/2.0\/index.php?rest_route=%2Fwp%2Fv2%2Fcomments&post=9593"}],"version-history":[{"count":1,"href":"https:\/\/www.liceodeourense.com\/2.0\/index.php?rest_route=\/wp\/v2\/posts\/9593\/revisions"}],"predecessor-version":[{"id":9601,"href":"https:\/\/www.liceodeourense.com\/2.0\/index.php?rest_route=\/wp\/v2\/posts\/9593\/revisions\/9601"}],"wp:attachment":[{"href":"https:\/\/www.liceodeourense.com\/2.0\/index.php?rest_route=%2Fwp%2Fv2%2Fmedia&parent=9593"}],"wp:term":[{"taxonomy":"category","embeddable":true,"href":"https:\/\/www.liceodeourense.com\/2.0\/index.php?rest_route=%2Fwp%2Fv2%2Fcategories&post=9593"},{"taxonomy":"post_tag","embeddable":true,"href":"https:\/\/www.liceodeourense.com\/2.0\/index.php?rest_route=%2Fwp%2Fv2%2Ftags&post=9593"}],"curies":[{"name":"wp","href":"https:\/\/api.w.org\/{rel}","templated":true}]}}