{"id":9291,"date":"2018-11-21T09:56:57","date_gmt":"2018-11-21T08:56:57","guid":{"rendered":"http:\/\/www.liceodeourense.com\/2.0\/?p=9291"},"modified":"2018-11-21T18:13:04","modified_gmt":"2018-11-21T17:13:04","slug":"acto-de-recordo-e-homenaxe-a-victor-campio","status":"publish","type":"post","link":"https:\/\/www.liceodeourense.com\/2.0\/?p=9291","title":{"rendered":"ACTO DE RECORDO E HOMENAXE A V\u00cdCTOR CAMPIO."},"content":{"rendered":"<h3>O Liceo de Ourense quixo rendirlle unha sinxela pero sentida homenaxe \u00f3 poeta V\u00cdCTOR CAMPIO PEREIRA onte 20 de novembro no Sal\u00f3n Noble da Entidade.<\/h3>\n<h3>Un acto no que partiparon\u00a0 Angel Losada Nine abrindo o programa\u00a0 o piano, para despois facer unha\u00a0semblanza do noso poeta, primeiro Delf\u00edn Caseiro que percorreou a sua vida a car\u00f3n a s\u00faa obra,\u00a0 e Manuel Luis Blanco\u00a0 quen nos o recordou a Victor Campio\u00a0 do Grupo Dolmen. Tam\u00e9n aportou a s\u00faa experiencia persoal con Campio, Carmen Lorenzo, coa que concidiu na s\u00faa chega a Ourense no instituto de Ribadavia.<\/h3>\n<h3>A continuaci\u00f3n tuvo lugaro un recital a cargo de Manuel Blanco, Carmen Lorenzo e Teresa Devesa, (Membros do antiguo Grupo Dolmen), o que se sumaron amigos de Victor como Marina Sanchez, Mar\u00eda Gonz\u00e1lez (do C\u00edrculo Po\u00e9tico), Xaqu\u00edn Vales (da Coral de Ruada) ou o propio Delf\u00edn Caseiro.<\/h3>\n<h3>Moit\u00edsimas gracias a todos por estar con nos, e sobre todo por recordar o noso POETA: VICTOR CAMPIO PEREIRA.<\/h3>\n<p><iframe loading=\"lazy\" src=\"https:\/\/www.youtube.com\/embed\/prZhKlmXHKI\" width=\"560\" height=\"315\" frameborder=\"0\" allowfullscreen=\"allowfullscreen\"><\/iframe><br \/>\n<iframe loading=\"lazy\" src=\"https:\/\/www.youtube.com\/embed\/dAciknSZnqM\" width=\"560\" height=\"315\" frameborder=\"0\" allowfullscreen=\"allowfullscreen\"><\/iframe><br \/>\n<iframe loading=\"lazy\" src=\"https:\/\/www.youtube.com\/embed\/tEz9_1Q4Hf0\" width=\"560\" height=\"315\" frameborder=\"0\" allowfullscreen=\"allowfullscreen\"><\/iframe><\/p>\n<p><a href=\"http:\/\/www.liceodeourense.com\/2.0\/acto-de-recordo-e-homenaxe-a-victor-campio\/acto-recordo-victor-campio-1\/\" rel=\"attachment wp-att-9292\"><img loading=\"lazy\" decoding=\"async\" class=\"alignright size-full wp-image-9292\" src=\"http:\/\/www.liceodeourense.com\/2.0\/wp-content\/uploads\/ACTO-RECORDO-VICTOR-CAMPIO-1.jpg\" alt=\"\" width=\"2048\" height=\"1361\" srcset=\"https:\/\/www.liceodeourense.com\/2.0\/wp-content\/uploads\/ACTO-RECORDO-VICTOR-CAMPIO-1.jpg 2048w, https:\/\/www.liceodeourense.com\/2.0\/wp-content\/uploads\/ACTO-RECORDO-VICTOR-CAMPIO-1-300x199.jpg 300w, https:\/\/www.liceodeourense.com\/2.0\/wp-content\/uploads\/ACTO-RECORDO-VICTOR-CAMPIO-1-768x510.jpg 768w, https:\/\/www.liceodeourense.com\/2.0\/wp-content\/uploads\/ACTO-RECORDO-VICTOR-CAMPIO-1-1024x681.jpg 1024w\" sizes=\"auto, (max-width: 2048px) 100vw, 2048px\" \/><\/a> <a href=\"http:\/\/www.liceodeourense.com\/2.0\/acto-de-recordo-e-homenaxe-a-victor-campio\/acto-recordo-victor-campio-2\/\" rel=\"attachment wp-att-9293\"><img loading=\"lazy\" decoding=\"async\" class=\"alignright size-full wp-image-9293\" src=\"http:\/\/www.liceodeourense.com\/2.0\/wp-content\/uploads\/ACTO-RECORDO-VICTOR-CAMPIO-2.jpg\" alt=\"\" width=\"1190\" height=\"893\" srcset=\"https:\/\/www.liceodeourense.com\/2.0\/wp-content\/uploads\/ACTO-RECORDO-VICTOR-CAMPIO-2.jpg 1190w, https:\/\/www.liceodeourense.com\/2.0\/wp-content\/uploads\/ACTO-RECORDO-VICTOR-CAMPIO-2-300x225.jpg 300w, https:\/\/www.liceodeourense.com\/2.0\/wp-content\/uploads\/ACTO-RECORDO-VICTOR-CAMPIO-2-768x576.jpg 768w, https:\/\/www.liceodeourense.com\/2.0\/wp-content\/uploads\/ACTO-RECORDO-VICTOR-CAMPIO-2-1024x768.jpg 1024w\" sizes=\"auto, (max-width: 1190px) 100vw, 1190px\" \/><\/a> <a href=\"http:\/\/www.liceodeourense.com\/2.0\/acto-de-recordo-e-homenaxe-a-victor-campio\/acto-recordo-victor-campio-3\/\" rel=\"attachment wp-att-9294\"><img loading=\"lazy\" decoding=\"async\" class=\"alignright size-full wp-image-9294\" src=\"http:\/\/www.liceodeourense.com\/2.0\/wp-content\/uploads\/ACTO-RECORDO-VICTOR-CAMPIO-3.jpg\" alt=\"\" width=\"900\" height=\"539\" srcset=\"https:\/\/www.liceodeourense.com\/2.0\/wp-content\/uploads\/ACTO-RECORDO-VICTOR-CAMPIO-3.jpg 900w, https:\/\/www.liceodeourense.com\/2.0\/wp-content\/uploads\/ACTO-RECORDO-VICTOR-CAMPIO-3-300x180.jpg 300w, https:\/\/www.liceodeourense.com\/2.0\/wp-content\/uploads\/ACTO-RECORDO-VICTOR-CAMPIO-3-768x460.jpg 768w\" sizes=\"auto, (max-width: 900px) 100vw, 900px\" \/><\/a> <a href=\"http:\/\/www.liceodeourense.com\/2.0\/acto-de-recordo-e-homenaxe-a-victor-campio\/acto-recordo-victor-campio-4\/\" rel=\"attachment wp-att-9295\"><img loading=\"lazy\" decoding=\"async\" class=\"alignright size-full wp-image-9295\" src=\"http:\/\/www.liceodeourense.com\/2.0\/wp-content\/uploads\/ACTO-RECORDO-VICTOR-CAMPIO-4.jpg\" alt=\"\" width=\"2048\" height=\"1361\" srcset=\"https:\/\/www.liceodeourense.com\/2.0\/wp-content\/uploads\/ACTO-RECORDO-VICTOR-CAMPIO-4.jpg 2048w, https:\/\/www.liceodeourense.com\/2.0\/wp-content\/uploads\/ACTO-RECORDO-VICTOR-CAMPIO-4-300x199.jpg 300w, https:\/\/www.liceodeourense.com\/2.0\/wp-content\/uploads\/ACTO-RECORDO-VICTOR-CAMPIO-4-768x510.jpg 768w, https:\/\/www.liceodeourense.com\/2.0\/wp-content\/uploads\/ACTO-RECORDO-VICTOR-CAMPIO-4-1024x681.jpg 1024w\" sizes=\"auto, (max-width: 2048px) 100vw, 2048px\" \/><\/a> <a href=\"http:\/\/www.liceodeourense.com\/2.0\/acto-de-recordo-e-homenaxe-a-victor-campio\/acto-recordo-victor-campio-5\/\" rel=\"attachment wp-att-9296\"><img loading=\"lazy\" decoding=\"async\" class=\"alignright size-full wp-image-9296\" src=\"http:\/\/www.liceodeourense.com\/2.0\/wp-content\/uploads\/ACTO-RECORDO-VICTOR-CAMPIO-5.jpg\" alt=\"\" width=\"2048\" height=\"1362\" srcset=\"https:\/\/www.liceodeourense.com\/2.0\/wp-content\/uploads\/ACTO-RECORDO-VICTOR-CAMPIO-5.jpg 2048w, https:\/\/www.liceodeourense.com\/2.0\/wp-content\/uploads\/ACTO-RECORDO-VICTOR-CAMPIO-5-300x200.jpg 300w, https:\/\/www.liceodeourense.com\/2.0\/wp-content\/uploads\/ACTO-RECORDO-VICTOR-CAMPIO-5-768x511.jpg 768w, https:\/\/www.liceodeourense.com\/2.0\/wp-content\/uploads\/ACTO-RECORDO-VICTOR-CAMPIO-5-1024x681.jpg 1024w\" sizes=\"auto, (max-width: 2048px) 100vw, 2048px\" \/><\/a> <a href=\"http:\/\/www.liceodeourense.com\/2.0\/acto-de-recordo-e-homenaxe-a-victor-campio\/acto-recordo-victor-campio-6\/\" rel=\"attachment wp-att-9297\"><img loading=\"lazy\" decoding=\"async\" class=\"alignright size-full wp-image-9297\" src=\"http:\/\/www.liceodeourense.com\/2.0\/wp-content\/uploads\/ACTO-RECORDO-VICTOR-CAMPIO-6.jpg\" alt=\"\" width=\"2048\" height=\"1361\" srcset=\"https:\/\/www.liceodeourense.com\/2.0\/wp-content\/uploads\/ACTO-RECORDO-VICTOR-CAMPIO-6.jpg 2048w, https:\/\/www.liceodeourense.com\/2.0\/wp-content\/uploads\/ACTO-RECORDO-VICTOR-CAMPIO-6-300x199.jpg 300w, https:\/\/www.liceodeourense.com\/2.0\/wp-content\/uploads\/ACTO-RECORDO-VICTOR-CAMPIO-6-768x510.jpg 768w, https:\/\/www.liceodeourense.com\/2.0\/wp-content\/uploads\/ACTO-RECORDO-VICTOR-CAMPIO-6-1024x681.jpg 1024w\" sizes=\"auto, (max-width: 2048px) 100vw, 2048px\" \/><\/a> <a href=\"http:\/\/www.liceodeourense.com\/2.0\/acto-de-recordo-e-homenaxe-a-victor-campio\/acto-recordo-victor-campio-7\/\" rel=\"attachment wp-att-9298\"><img loading=\"lazy\" decoding=\"async\" class=\"alignright size-full wp-image-9298\" src=\"http:\/\/www.liceodeourense.com\/2.0\/wp-content\/uploads\/ACTO-RECORDO-VICTOR-CAMPIO-7.jpg\" alt=\"\" width=\"2048\" height=\"1361\" srcset=\"https:\/\/www.liceodeourense.com\/2.0\/wp-content\/uploads\/ACTO-RECORDO-VICTOR-CAMPIO-7.jpg 2048w, https:\/\/www.liceodeourense.com\/2.0\/wp-content\/uploads\/ACTO-RECORDO-VICTOR-CAMPIO-7-300x199.jpg 300w, https:\/\/www.liceodeourense.com\/2.0\/wp-content\/uploads\/ACTO-RECORDO-VICTOR-CAMPIO-7-768x510.jpg 768w, https:\/\/www.liceodeourense.com\/2.0\/wp-content\/uploads\/ACTO-RECORDO-VICTOR-CAMPIO-7-1024x681.jpg 1024w\" sizes=\"auto, (max-width: 2048px) 100vw, 2048px\" \/><\/a> <a href=\"http:\/\/www.liceodeourense.com\/2.0\/acto-de-recordo-e-homenaxe-a-victor-campio\/acto-recordo-victor-campio-8\/\" rel=\"attachment wp-att-9299\"><img loading=\"lazy\" decoding=\"async\" class=\"alignright size-full wp-image-9299\" src=\"http:\/\/www.liceodeourense.com\/2.0\/wp-content\/uploads\/ACTO-RECORDO-VICTOR-CAMPIO-8.jpg\" alt=\"\" width=\"2048\" height=\"1361\" srcset=\"https:\/\/www.liceodeourense.com\/2.0\/wp-content\/uploads\/ACTO-RECORDO-VICTOR-CAMPIO-8.jpg 2048w, https:\/\/www.liceodeourense.com\/2.0\/wp-content\/uploads\/ACTO-RECORDO-VICTOR-CAMPIO-8-300x199.jpg 300w, https:\/\/www.liceodeourense.com\/2.0\/wp-content\/uploads\/ACTO-RECORDO-VICTOR-CAMPIO-8-768x510.jpg 768w, https:\/\/www.liceodeourense.com\/2.0\/wp-content\/uploads\/ACTO-RECORDO-VICTOR-CAMPIO-8-1024x681.jpg 1024w\" sizes=\"auto, (max-width: 2048px) 100vw, 2048px\" \/><\/a> <a href=\"http:\/\/www.liceodeourense.com\/2.0\/acto-de-recordo-e-homenaxe-a-victor-campio\/acto-recordo-victor-campio-9\/\" rel=\"attachment wp-att-9300\"><img loading=\"lazy\" decoding=\"async\" class=\"alignright size-full wp-image-9300\" src=\"http:\/\/www.liceodeourense.com\/2.0\/wp-content\/uploads\/ACTO-RECORDO-VICTOR-CAMPIO-9.jpg\" alt=\"\" width=\"2048\" height=\"1361\" srcset=\"https:\/\/www.liceodeourense.com\/2.0\/wp-content\/uploads\/ACTO-RECORDO-VICTOR-CAMPIO-9.jpg 2048w, https:\/\/www.liceodeourense.com\/2.0\/wp-content\/uploads\/ACTO-RECORDO-VICTOR-CAMPIO-9-300x199.jpg 300w, https:\/\/www.liceodeourense.com\/2.0\/wp-content\/uploads\/ACTO-RECORDO-VICTOR-CAMPIO-9-768x510.jpg 768w, https:\/\/www.liceodeourense.com\/2.0\/wp-content\/uploads\/ACTO-RECORDO-VICTOR-CAMPIO-9-1024x681.jpg 1024w\" sizes=\"auto, (max-width: 2048px) 100vw, 2048px\" \/><\/a> <a href=\"http:\/\/www.liceodeourense.com\/2.0\/acto-de-recordo-e-homenaxe-a-victor-campio\/acto-recordo-victor-campio-10\/\" rel=\"attachment wp-att-9301\"><img loading=\"lazy\" decoding=\"async\" class=\"alignright size-full wp-image-9301\" src=\"http:\/\/www.liceodeourense.com\/2.0\/wp-content\/uploads\/ACTO-RECORDO-VICTOR-CAMPIO-10.jpg\" alt=\"\" width=\"2048\" height=\"1361\" srcset=\"https:\/\/www.liceodeourense.com\/2.0\/wp-content\/uploads\/ACTO-RECORDO-VICTOR-CAMPIO-10.jpg 2048w, https:\/\/www.liceodeourense.com\/2.0\/wp-content\/uploads\/ACTO-RECORDO-VICTOR-CAMPIO-10-300x199.jpg 300w, https:\/\/www.liceodeourense.com\/2.0\/wp-content\/uploads\/ACTO-RECORDO-VICTOR-CAMPIO-10-768x510.jpg 768w, https:\/\/www.liceodeourense.com\/2.0\/wp-content\/uploads\/ACTO-RECORDO-VICTOR-CAMPIO-10-1024x681.jpg 1024w\" sizes=\"auto, (max-width: 2048px) 100vw, 2048px\" \/><\/a> <a href=\"http:\/\/www.liceodeourense.com\/2.0\/acto-de-recordo-e-homenaxe-a-victor-campio\/acto-recordo-victor-campio-11\/\" rel=\"attachment wp-att-9302\"><img loading=\"lazy\" decoding=\"async\" class=\"alignright size-full wp-image-9302\" src=\"http:\/\/www.liceodeourense.com\/2.0\/wp-content\/uploads\/ACTO-RECORDO-VICTOR-CAMPIO-11.jpg\" alt=\"\" width=\"2048\" height=\"1361\" srcset=\"https:\/\/www.liceodeourense.com\/2.0\/wp-content\/uploads\/ACTO-RECORDO-VICTOR-CAMPIO-11.jpg 2048w, https:\/\/www.liceodeourense.com\/2.0\/wp-content\/uploads\/ACTO-RECORDO-VICTOR-CAMPIO-11-300x199.jpg 300w, https:\/\/www.liceodeourense.com\/2.0\/wp-content\/uploads\/ACTO-RECORDO-VICTOR-CAMPIO-11-768x510.jpg 768w, https:\/\/www.liceodeourense.com\/2.0\/wp-content\/uploads\/ACTO-RECORDO-VICTOR-CAMPIO-11-1024x681.jpg 1024w\" sizes=\"auto, (max-width: 2048px) 100vw, 2048px\" \/><\/a> <a href=\"http:\/\/www.liceodeourense.com\/2.0\/acto-de-recordo-e-homenaxe-a-victor-campio\/acto-recordo-victor-campio-12\/\" rel=\"attachment wp-att-9303\"><img loading=\"lazy\" decoding=\"async\" class=\"alignright size-full wp-image-9303\" src=\"http:\/\/www.liceodeourense.com\/2.0\/wp-content\/uploads\/ACTO-RECORDO-VICTOR-CAMPIO-12.jpg\" alt=\"\" width=\"2048\" height=\"1361\" srcset=\"https:\/\/www.liceodeourense.com\/2.0\/wp-content\/uploads\/ACTO-RECORDO-VICTOR-CAMPIO-12.jpg 2048w, https:\/\/www.liceodeourense.com\/2.0\/wp-content\/uploads\/ACTO-RECORDO-VICTOR-CAMPIO-12-300x199.jpg 300w, https:\/\/www.liceodeourense.com\/2.0\/wp-content\/uploads\/ACTO-RECORDO-VICTOR-CAMPIO-12-768x510.jpg 768w, https:\/\/www.liceodeourense.com\/2.0\/wp-content\/uploads\/ACTO-RECORDO-VICTOR-CAMPIO-12-1024x681.jpg 1024w\" sizes=\"auto, (max-width: 2048px) 100vw, 2048px\" \/><\/a> <a href=\"http:\/\/www.liceodeourense.com\/2.0\/acto-de-recordo-e-homenaxe-a-victor-campio\/acto-recordo-victor-campio-13\/\" rel=\"attachment wp-att-9304\"><img loading=\"lazy\" decoding=\"async\" class=\"alignright size-full wp-image-9304\" src=\"http:\/\/www.liceodeourense.com\/2.0\/wp-content\/uploads\/ACTO-RECORDO-VICTOR-CAMPIO-13.jpg\" alt=\"\" width=\"2048\" height=\"1361\" srcset=\"https:\/\/www.liceodeourense.com\/2.0\/wp-content\/uploads\/ACTO-RECORDO-VICTOR-CAMPIO-13.jpg 2048w, https:\/\/www.liceodeourense.com\/2.0\/wp-content\/uploads\/ACTO-RECORDO-VICTOR-CAMPIO-13-300x199.jpg 300w, https:\/\/www.liceodeourense.com\/2.0\/wp-content\/uploads\/ACTO-RECORDO-VICTOR-CAMPIO-13-768x510.jpg 768w, https:\/\/www.liceodeourense.com\/2.0\/wp-content\/uploads\/ACTO-RECORDO-VICTOR-CAMPIO-13-1024x681.jpg 1024w\" sizes=\"auto, (max-width: 2048px) 100vw, 2048px\" \/><\/a> <a href=\"http:\/\/www.liceodeourense.com\/2.0\/acto-de-recordo-e-homenaxe-a-victor-campio\/acto-recordo-victor-campio-14\/\" rel=\"attachment wp-att-9305\"><img loading=\"lazy\" decoding=\"async\" class=\"alignright size-full wp-image-9305\" src=\"http:\/\/www.liceodeourense.com\/2.0\/wp-content\/uploads\/ACTO-RECORDO-VICTOR-CAMPIO-14.jpg\" alt=\"\" width=\"2048\" height=\"1362\" srcset=\"https:\/\/www.liceodeourense.com\/2.0\/wp-content\/uploads\/ACTO-RECORDO-VICTOR-CAMPIO-14.jpg 2048w, https:\/\/www.liceodeourense.com\/2.0\/wp-content\/uploads\/ACTO-RECORDO-VICTOR-CAMPIO-14-300x200.jpg 300w, https:\/\/www.liceodeourense.com\/2.0\/wp-content\/uploads\/ACTO-RECORDO-VICTOR-CAMPIO-14-768x511.jpg 768w, https:\/\/www.liceodeourense.com\/2.0\/wp-content\/uploads\/ACTO-RECORDO-VICTOR-CAMPIO-14-1024x681.jpg 1024w\" sizes=\"auto, (max-width: 2048px) 100vw, 2048px\" \/><\/a><\/p>\n","protected":false},"excerpt":{"rendered":"<p>O Liceo de Ourense quixo rendirlle unha sinxela pero sentida homenaxe \u00f3 poeta V\u00cdCTOR CAMPIO PEREIRA onte 20 de novembro no Sal\u00f3n Noble da Entidade. Un acto no que partiparon\u00a0 Angel Losada Nine abrindo o programa\u00a0 o piano, para despois facer unha\u00a0semblanza do noso poeta, primeiro Delf\u00edn Caseiro que percorreou a sua vida a car\u00f3n [&hellip;]<\/p>\n","protected":false},"author":2,"featured_media":0,"comment_status":"open","ping_status":"closed","sticky":false,"template":"","format":"standard","meta":{"footnotes":""},"categories":[4],"tags":[],"class_list":["post-9291","post","type-post","status-publish","format-standard","hentry","category-liceo"],"_links":{"self":[{"href":"https:\/\/www.liceodeourense.com\/2.0\/index.php?rest_route=\/wp\/v2\/posts\/9291","targetHints":{"allow":["GET"]}}],"collection":[{"href":"https:\/\/www.liceodeourense.com\/2.0\/index.php?rest_route=\/wp\/v2\/posts"}],"about":[{"href":"https:\/\/www.liceodeourense.com\/2.0\/index.php?rest_route=\/wp\/v2\/types\/post"}],"author":[{"embeddable":true,"href":"https:\/\/www.liceodeourense.com\/2.0\/index.php?rest_route=\/wp\/v2\/users\/2"}],"replies":[{"embeddable":true,"href":"https:\/\/www.liceodeourense.com\/2.0\/index.php?rest_route=%2Fwp%2Fv2%2Fcomments&post=9291"}],"version-history":[{"count":3,"href":"https:\/\/www.liceodeourense.com\/2.0\/index.php?rest_route=\/wp\/v2\/posts\/9291\/revisions"}],"predecessor-version":[{"id":9308,"href":"https:\/\/www.liceodeourense.com\/2.0\/index.php?rest_route=\/wp\/v2\/posts\/9291\/revisions\/9308"}],"wp:attachment":[{"href":"https:\/\/www.liceodeourense.com\/2.0\/index.php?rest_route=%2Fwp%2Fv2%2Fmedia&parent=9291"}],"wp:term":[{"taxonomy":"category","embeddable":true,"href":"https:\/\/www.liceodeourense.com\/2.0\/index.php?rest_route=%2Fwp%2Fv2%2Fcategories&post=9291"},{"taxonomy":"post_tag","embeddable":true,"href":"https:\/\/www.liceodeourense.com\/2.0\/index.php?rest_route=%2Fwp%2Fv2%2Ftags&post=9291"}],"curies":[{"name":"wp","href":"https:\/\/api.w.org\/{rel}","templated":true}]}}