{"id":9261,"date":"2018-11-13T21:26:58","date_gmt":"2018-11-13T20:26:58","guid":{"rendered":"http:\/\/www.liceodeourense.com\/2.0\/?p=9261"},"modified":"2018-11-13T21:26:58","modified_gmt":"2018-11-13T20:26:58","slug":"jornada-en-recuerdo-del-cardenal-quevedo-en-el-200-aniversario-de-su-fallecimiento","status":"publish","type":"post","link":"https:\/\/www.liceodeourense.com\/2.0\/?p=9261","title":{"rendered":"JORNADA EN RECUERDO DEL CARDENAL QUEVEDO\u00bb. en el 200 aniversario de su fallecimiento."},"content":{"rendered":"<h3>El Liceo de Ourense ha organizado para la tarde del martes, 13 de noviembre una\u00a0JORNADA EN RECUERDO DEL CARDENAL QUEVEDO\u00bb.\u00a0en el 200 aniversario de su fallecimiento.\u00a0 La jornada se inici\u00f3 a las 18.30 horas, en\u00a0S.I. CATEDRAL OURENSE, con una\u00a0VISITA dirigida por\u00a0D. MIGUEL ANGEL GONZ\u00c1LEZ GARC\u00cdA, con un nutrido numero de liceistas y ourensanos que no perdieron detalle de las detalladas explicaciones.<\/h3>\n<p><a href=\"http:\/\/www.liceodeourense.com\/2.0\/jornada-en-recuerdo-del-cardenal-quevedo-en-el-200-aniversario-de-su-fallecimiento\/img_20181113_182940\/\" rel=\"attachment wp-att-9262\"><img loading=\"lazy\" decoding=\"async\" class=\"alignright size-full wp-image-9262\" src=\"http:\/\/www.liceodeourense.com\/2.0\/wp-content\/uploads\/IMG_20181113_182940.jpg\" alt=\"\" width=\"1190\" height=\"893\" srcset=\"https:\/\/www.liceodeourense.com\/2.0\/wp-content\/uploads\/IMG_20181113_182940.jpg 1190w, https:\/\/www.liceodeourense.com\/2.0\/wp-content\/uploads\/IMG_20181113_182940-300x225.jpg 300w, https:\/\/www.liceodeourense.com\/2.0\/wp-content\/uploads\/IMG_20181113_182940-768x576.jpg 768w, https:\/\/www.liceodeourense.com\/2.0\/wp-content\/uploads\/IMG_20181113_182940-1024x768.jpg 1024w\" sizes=\"auto, (max-width: 1190px) 100vw, 1190px\" \/><\/a> <a href=\"http:\/\/www.liceodeourense.com\/2.0\/jornada-en-recuerdo-del-cardenal-quevedo-en-el-200-aniversario-de-su-fallecimiento\/img_20181113_183016\/\" rel=\"attachment wp-att-9263\"><img loading=\"lazy\" decoding=\"async\" class=\"alignright size-full wp-image-9263\" src=\"http:\/\/www.liceodeourense.com\/2.0\/wp-content\/uploads\/IMG_20181113_183016.jpg\" alt=\"\" width=\"1190\" height=\"893\" srcset=\"https:\/\/www.liceodeourense.com\/2.0\/wp-content\/uploads\/IMG_20181113_183016.jpg 1190w, https:\/\/www.liceodeourense.com\/2.0\/wp-content\/uploads\/IMG_20181113_183016-300x225.jpg 300w, https:\/\/www.liceodeourense.com\/2.0\/wp-content\/uploads\/IMG_20181113_183016-768x576.jpg 768w, https:\/\/www.liceodeourense.com\/2.0\/wp-content\/uploads\/IMG_20181113_183016-1024x768.jpg 1024w\" sizes=\"auto, (max-width: 1190px) 100vw, 1190px\" \/><\/a> <a href=\"http:\/\/www.liceodeourense.com\/2.0\/jornada-en-recuerdo-del-cardenal-quevedo-en-el-200-aniversario-de-su-fallecimiento\/img_20181113_183025\/\" rel=\"attachment wp-att-9264\"><img loading=\"lazy\" decoding=\"async\" class=\"alignright size-full wp-image-9264\" src=\"http:\/\/www.liceodeourense.com\/2.0\/wp-content\/uploads\/IMG_20181113_183025.jpg\" alt=\"\" width=\"893\" height=\"1190\" srcset=\"https:\/\/www.liceodeourense.com\/2.0\/wp-content\/uploads\/IMG_20181113_183025.jpg 893w, https:\/\/www.liceodeourense.com\/2.0\/wp-content\/uploads\/IMG_20181113_183025-225x300.jpg 225w, https:\/\/www.liceodeourense.com\/2.0\/wp-content\/uploads\/IMG_20181113_183025-768x1024.jpg 768w\" sizes=\"auto, (max-width: 893px) 100vw, 893px\" \/><\/a>.<\/p>\n<h3>Y posteriormente a a las\u00a0 20.15 horas. , en el Sal\u00f3n Noble Liceo, la magistral CONFERENCIA DE\u00a0\u00a0D. MIGUEL ANGEL GONZ\u00c1LEZ GARC\u00cdA con el t\u00edtulo: \u00abNos quiso y le quisimos: \u00a0Don Pedro de Quevedo Cardenal y Obispo de Ourense en el bicentenario de su muerte (1818-2018), un respaso por la vida del Cardenal Quevedo.<\/h3>\n<p><a href=\"http:\/\/www.liceodeourense.com\/2.0\/jornada-en-recuerdo-del-cardenal-quevedo-en-el-200-aniversario-de-su-fallecimiento\/img_20181113_201626\/\" rel=\"attachment wp-att-9265\"><img loading=\"lazy\" decoding=\"async\" class=\"alignright size-full wp-image-9265\" src=\"http:\/\/www.liceodeourense.com\/2.0\/wp-content\/uploads\/IMG_20181113_201626.jpg\" alt=\"\" width=\"1190\" height=\"893\" srcset=\"https:\/\/www.liceodeourense.com\/2.0\/wp-content\/uploads\/IMG_20181113_201626.jpg 1190w, https:\/\/www.liceodeourense.com\/2.0\/wp-content\/uploads\/IMG_20181113_201626-300x225.jpg 300w, https:\/\/www.liceodeourense.com\/2.0\/wp-content\/uploads\/IMG_20181113_201626-768x576.jpg 768w, https:\/\/www.liceodeourense.com\/2.0\/wp-content\/uploads\/IMG_20181113_201626-1024x768.jpg 1024w\" sizes=\"auto, (max-width: 1190px) 100vw, 1190px\" \/><\/a><\/p>\n<h3>\u00a0\u00abD.\u00a0Pedro de Alc\u00e1ntara Benito Antonio de Quevedo y Quintano (Villanueva del Fresno, Badajoz, 12 de enero de 1736 \u2013 Orense, 28 de marzo de 1818) fue uno de los eclesi\u00e1sticos m\u00e1s relevantes de Espa\u00f1a en el cambio de los siglos XVIII al XIX1 . Sus padres pertenec\u00edan a la peque\u00f1a nobleza local extreme\u00f1a. En 1754 oposit\u00f3 y gan\u00f3 una beca en el colegio de Cuenca en Salamanca, iniciando as\u00ed una brillante carrera eclesi\u00e1stica que le llevar\u00eda a licenciarse en teolog\u00eda en \u00c1vila, a opositar a la canonj\u00eda magistral de Badajoz (1755) y a ganar la lector\u00eda de Zamora (1756) de la que tom\u00f3 posesi\u00f3n en mayo de 1757. Ordenado sacerdote en 1760, fue elegido magistral de Salamanca por oposici\u00f3n, gradu\u00e1ndose en Leyes en su universidad. Ocupaba el cargo de Vicecanciller cuando fue propuesto como obispo de Orense, pero tard\u00f3 tiempo en aceptar.\u00a0El obispado de Orense le ocup\u00f3 prioritariamente, renunciando a otros honores como el arzobispado de Sevilla en dos ocasiones (1776, 1814) y el cargo de Inquisidor General (1783). En Orense realiz\u00f3 una extensa labor pastoral, fundando el hospicio, el hospital de San Roque, el colegio de las Mercedes para ni\u00f1as y el Seminario Diocesano de San Fernando (1803) en los edificios que hab\u00edan ocupado los Jesuitas. En este destino se destac\u00f3 por acoger entre 1789 y 1792 a numerosos eclesi\u00e1sticos franceses de los expulsados y perseguidos tras la Revoluci\u00f3n. Reconocido y respetado, a partir de 1808 alcanz\u00f3 una ef\u00edmera gloria pol\u00edtica.<\/h3>\n<p><a href=\"http:\/\/www.liceodeourense.com\/2.0\/jornada-en-recuerdo-del-cardenal-quevedo-en-el-200-aniversario-de-su-fallecimiento\/img_20181113_201638\/\" rel=\"attachment wp-att-9267\"><img loading=\"lazy\" decoding=\"async\" class=\"alignright size-full wp-image-9267\" src=\"http:\/\/www.liceodeourense.com\/2.0\/wp-content\/uploads\/IMG_20181113_201638.jpg\" alt=\"\" width=\"1190\" height=\"893\" srcset=\"https:\/\/www.liceodeourense.com\/2.0\/wp-content\/uploads\/IMG_20181113_201638.jpg 1190w, https:\/\/www.liceodeourense.com\/2.0\/wp-content\/uploads\/IMG_20181113_201638-300x225.jpg 300w, https:\/\/www.liceodeourense.com\/2.0\/wp-content\/uploads\/IMG_20181113_201638-768x576.jpg 768w, https:\/\/www.liceodeourense.com\/2.0\/wp-content\/uploads\/IMG_20181113_201638-1024x768.jpg 1024w\" sizes=\"auto, (max-width: 1190px) 100vw, 1190px\" \/><\/a> <a href=\"http:\/\/www.liceodeourense.com\/2.0\/jornada-en-recuerdo-del-cardenal-quevedo-en-el-200-aniversario-de-su-fallecimiento\/img_20181113_201634\/\" rel=\"attachment wp-att-9266\"><img loading=\"lazy\" decoding=\"async\" class=\"alignright size-full wp-image-9266\" src=\"http:\/\/www.liceodeourense.com\/2.0\/wp-content\/uploads\/IMG_20181113_201634.jpg\" alt=\"\" width=\"1190\" height=\"893\" srcset=\"https:\/\/www.liceodeourense.com\/2.0\/wp-content\/uploads\/IMG_20181113_201634.jpg 1190w, https:\/\/www.liceodeourense.com\/2.0\/wp-content\/uploads\/IMG_20181113_201634-300x225.jpg 300w, https:\/\/www.liceodeourense.com\/2.0\/wp-content\/uploads\/IMG_20181113_201634-768x576.jpg 768w, https:\/\/www.liceodeourense.com\/2.0\/wp-content\/uploads\/IMG_20181113_201634-1024x768.jpg 1024w\" sizes=\"auto, (max-width: 1190px) 100vw, 1190px\" \/><\/a><\/p>\n","protected":false},"excerpt":{"rendered":"<p>El Liceo de Ourense ha organizado para la tarde del martes, 13 de noviembre una\u00a0JORNADA EN RECUERDO DEL CARDENAL QUEVEDO\u00bb.\u00a0en el 200 aniversario de su fallecimiento.\u00a0 La jornada se inici\u00f3 a las 18.30 horas, en\u00a0S.I. CATEDRAL OURENSE, con una\u00a0VISITA dirigida por\u00a0D. MIGUEL ANGEL GONZ\u00c1LEZ GARC\u00cdA, con un nutrido numero de liceistas y ourensanos que no [&hellip;]<\/p>\n","protected":false},"author":2,"featured_media":0,"comment_status":"open","ping_status":"closed","sticky":false,"template":"","format":"standard","meta":{"footnotes":""},"categories":[8],"tags":[],"class_list":["post-9261","post","type-post","status-publish","format-standard","hentry","category-seccion-de-arte-e-historia"],"_links":{"self":[{"href":"https:\/\/www.liceodeourense.com\/2.0\/index.php?rest_route=\/wp\/v2\/posts\/9261","targetHints":{"allow":["GET"]}}],"collection":[{"href":"https:\/\/www.liceodeourense.com\/2.0\/index.php?rest_route=\/wp\/v2\/posts"}],"about":[{"href":"https:\/\/www.liceodeourense.com\/2.0\/index.php?rest_route=\/wp\/v2\/types\/post"}],"author":[{"embeddable":true,"href":"https:\/\/www.liceodeourense.com\/2.0\/index.php?rest_route=\/wp\/v2\/users\/2"}],"replies":[{"embeddable":true,"href":"https:\/\/www.liceodeourense.com\/2.0\/index.php?rest_route=%2Fwp%2Fv2%2Fcomments&post=9261"}],"version-history":[{"count":2,"href":"https:\/\/www.liceodeourense.com\/2.0\/index.php?rest_route=\/wp\/v2\/posts\/9261\/revisions"}],"predecessor-version":[{"id":9269,"href":"https:\/\/www.liceodeourense.com\/2.0\/index.php?rest_route=\/wp\/v2\/posts\/9261\/revisions\/9269"}],"wp:attachment":[{"href":"https:\/\/www.liceodeourense.com\/2.0\/index.php?rest_route=%2Fwp%2Fv2%2Fmedia&parent=9261"}],"wp:term":[{"taxonomy":"category","embeddable":true,"href":"https:\/\/www.liceodeourense.com\/2.0\/index.php?rest_route=%2Fwp%2Fv2%2Fcategories&post=9261"},{"taxonomy":"post_tag","embeddable":true,"href":"https:\/\/www.liceodeourense.com\/2.0\/index.php?rest_route=%2Fwp%2Fv2%2Ftags&post=9261"}],"curies":[{"name":"wp","href":"https:\/\/api.w.org\/{rel}","templated":true}]}}