{"id":8639,"date":"2018-06-02T08:56:53","date_gmt":"2018-06-02T07:56:53","guid":{"rendered":"http:\/\/www.liceodeourense.com\/2.0\/?p=8639"},"modified":"2018-06-06T08:59:06","modified_gmt":"2018-06-06T07:59:06","slug":"obradoiro-de-teares-do-ccp-xaquin-lorenzo-da-deputacion-de-ourense","status":"publish","type":"post","link":"https:\/\/www.liceodeourense.com\/2.0\/?p=8639","title":{"rendered":"Obradoiro de Teares do CCP Xaqu\u00edn Lorenzo da Deputaci\u00f3n de Ourense"},"content":{"rendered":"<h3>Inauguraci\u00f3n da exposici\u00f3n fin de curso do Obradoiro de Teares do CCP Xaqu\u00edn Lorenzo da Deputaci\u00f3n de Ourense, cos asistentes participantes: Concha Outeiri\u00f1o, a monitora; os alumnos; Jos\u00e9 Luis Troiti\u00f1a, xerente do Liceo; e Rosendo L. Fern\u00e1ndez, vicepresidente da Deptuaci\u00f3n.<\/h3>\n<p><a href=\"http:\/\/www.liceodeourense.com\/2.0\/obradoiro-de-teares-do-ccp-xaquin-lorenzo-da-deputacion-de-ourense\/2018-expo-teares_d2x0641\/\" rel=\"attachment wp-att-8641\"><img loading=\"lazy\" decoding=\"async\" class=\"alignright size-full wp-image-8641\" src=\"http:\/\/www.liceodeourense.com\/2.0\/wp-content\/uploads\/2018-expo-teares_D2X0641.jpg\" alt=\"\" width=\"1633\" height=\"2468\" srcset=\"https:\/\/www.liceodeourense.com\/2.0\/wp-content\/uploads\/2018-expo-teares_D2X0641.jpg 1633w, https:\/\/www.liceodeourense.com\/2.0\/wp-content\/uploads\/2018-expo-teares_D2X0641-199x300.jpg 199w, https:\/\/www.liceodeourense.com\/2.0\/wp-content\/uploads\/2018-expo-teares_D2X0641-768x1161.jpg 768w, https:\/\/www.liceodeourense.com\/2.0\/wp-content\/uploads\/2018-expo-teares_D2X0641-678x1024.jpg 678w\" sizes=\"auto, (max-width: 1633px) 100vw, 1633px\" \/><\/a> <a href=\"http:\/\/www.liceodeourense.com\/2.0\/obradoiro-de-teares-do-ccp-xaquin-lorenzo-da-deputacion-de-ourense\/2018-expo-teares_d2x0646\/\" rel=\"attachment wp-att-8642\"><img loading=\"lazy\" decoding=\"async\" class=\"alignright size-full wp-image-8642\" src=\"http:\/\/www.liceodeourense.com\/2.0\/wp-content\/uploads\/2018-expo-teares_D2X0646.jpg\" alt=\"\" width=\"2384\" height=\"1673\" srcset=\"https:\/\/www.liceodeourense.com\/2.0\/wp-content\/uploads\/2018-expo-teares_D2X0646.jpg 2384w, https:\/\/www.liceodeourense.com\/2.0\/wp-content\/uploads\/2018-expo-teares_D2X0646-300x211.jpg 300w, https:\/\/www.liceodeourense.com\/2.0\/wp-content\/uploads\/2018-expo-teares_D2X0646-768x539.jpg 768w, https:\/\/www.liceodeourense.com\/2.0\/wp-content\/uploads\/2018-expo-teares_D2X0646-1024x719.jpg 1024w\" sizes=\"auto, (max-width: 2384px) 100vw, 2384px\" \/><\/a> <a href=\"http:\/\/www.liceodeourense.com\/2.0\/obradoiro-de-teares-do-ccp-xaquin-lorenzo-da-deputacion-de-ourense\/2018-expo-teares_d2x0648\/\" rel=\"attachment wp-att-8643\"><img loading=\"lazy\" decoding=\"async\" class=\"alignright size-full wp-image-8643\" src=\"http:\/\/www.liceodeourense.com\/2.0\/wp-content\/uploads\/2018-expo-teares_D2X0648.jpg\" alt=\"\" width=\"2432\" height=\"1341\" srcset=\"https:\/\/www.liceodeourense.com\/2.0\/wp-content\/uploads\/2018-expo-teares_D2X0648.jpg 2432w, https:\/\/www.liceodeourense.com\/2.0\/wp-content\/uploads\/2018-expo-teares_D2X0648-300x165.jpg 300w, https:\/\/www.liceodeourense.com\/2.0\/wp-content\/uploads\/2018-expo-teares_D2X0648-768x423.jpg 768w, https:\/\/www.liceodeourense.com\/2.0\/wp-content\/uploads\/2018-expo-teares_D2X0648-1024x565.jpg 1024w\" sizes=\"auto, (max-width: 2432px) 100vw, 2432px\" \/><\/a> <a href=\"http:\/\/www.liceodeourense.com\/2.0\/obradoiro-de-teares-do-ccp-xaquin-lorenzo-da-deputacion-de-ourense\/2018-expo-teares_d2x0649\/\" rel=\"attachment wp-att-8644\"><img loading=\"lazy\" decoding=\"async\" class=\"alignright size-full wp-image-8644\" src=\"http:\/\/www.liceodeourense.com\/2.0\/wp-content\/uploads\/2018-expo-teares_D2X0649.jpg\" alt=\"\" width=\"1456\" height=\"2311\" srcset=\"https:\/\/www.liceodeourense.com\/2.0\/wp-content\/uploads\/2018-expo-teares_D2X0649.jpg 1456w, https:\/\/www.liceodeourense.com\/2.0\/wp-content\/uploads\/2018-expo-teares_D2X0649-189x300.jpg 189w, https:\/\/www.liceodeourense.com\/2.0\/wp-content\/uploads\/2018-expo-teares_D2X0649-768x1219.jpg 768w, https:\/\/www.liceodeourense.com\/2.0\/wp-content\/uploads\/2018-expo-teares_D2X0649-645x1024.jpg 645w\" sizes=\"auto, (max-width: 1456px) 100vw, 1456px\" \/><\/a> <a href=\"http:\/\/www.liceodeourense.com\/2.0\/obradoiro-de-teares-do-ccp-xaquin-lorenzo-da-deputacion-de-ourense\/2018-expo-teares_d2x0651\/\" rel=\"attachment wp-att-8645\"><img loading=\"lazy\" decoding=\"async\" class=\"alignright size-full wp-image-8645\" src=\"http:\/\/www.liceodeourense.com\/2.0\/wp-content\/uploads\/2018-expo-teares_D2X0651.jpg\" alt=\"\" width=\"1481\" height=\"2585\" srcset=\"https:\/\/www.liceodeourense.com\/2.0\/wp-content\/uploads\/2018-expo-teares_D2X0651.jpg 1481w, https:\/\/www.liceodeourense.com\/2.0\/wp-content\/uploads\/2018-expo-teares_D2X0651-172x300.jpg 172w, https:\/\/www.liceodeourense.com\/2.0\/wp-content\/uploads\/2018-expo-teares_D2X0651-768x1340.jpg 768w, https:\/\/www.liceodeourense.com\/2.0\/wp-content\/uploads\/2018-expo-teares_D2X0651-587x1024.jpg 587w\" sizes=\"auto, (max-width: 1481px) 100vw, 1481px\" \/><\/a> <a href=\"http:\/\/www.liceodeourense.com\/2.0\/obradoiro-de-teares-do-ccp-xaquin-lorenzo-da-deputacion-de-ourense\/2018-expo-teares_d2x0652\/\" rel=\"attachment wp-att-8646\"><img loading=\"lazy\" decoding=\"async\" class=\"alignright size-full wp-image-8646\" src=\"http:\/\/www.liceodeourense.com\/2.0\/wp-content\/uploads\/2018-expo-teares_D2X0652.jpg\" alt=\"\" width=\"2680\" height=\"1780\" srcset=\"https:\/\/www.liceodeourense.com\/2.0\/wp-content\/uploads\/2018-expo-teares_D2X0652.jpg 2680w, https:\/\/www.liceodeourense.com\/2.0\/wp-content\/uploads\/2018-expo-teares_D2X0652-300x199.jpg 300w, https:\/\/www.liceodeourense.com\/2.0\/wp-content\/uploads\/2018-expo-teares_D2X0652-768x510.jpg 768w, https:\/\/www.liceodeourense.com\/2.0\/wp-content\/uploads\/2018-expo-teares_D2X0652-1024x680.jpg 1024w\" sizes=\"auto, (max-width: 2680px) 100vw, 2680px\" \/><\/a> <a href=\"http:\/\/www.liceodeourense.com\/2.0\/obradoiro-de-teares-do-ccp-xaquin-lorenzo-da-deputacion-de-ourense\/2018-expo-teares_d2x0655\/\" rel=\"attachment wp-att-8647\"><img loading=\"lazy\" decoding=\"async\" class=\"alignright size-full wp-image-8647\" src=\"http:\/\/www.liceodeourense.com\/2.0\/wp-content\/uploads\/2018-expo-teares_D2X0655.jpg\" alt=\"\" width=\"1780\" height=\"2680\" srcset=\"https:\/\/www.liceodeourense.com\/2.0\/wp-content\/uploads\/2018-expo-teares_D2X0655.jpg 1780w, https:\/\/www.liceodeourense.com\/2.0\/wp-content\/uploads\/2018-expo-teares_D2X0655-199x300.jpg 199w, https:\/\/www.liceodeourense.com\/2.0\/wp-content\/uploads\/2018-expo-teares_D2X0655-768x1156.jpg 768w, https:\/\/www.liceodeourense.com\/2.0\/wp-content\/uploads\/2018-expo-teares_D2X0655-680x1024.jpg 680w\" sizes=\"auto, (max-width: 1780px) 100vw, 1780px\" \/><\/a> <a href=\"http:\/\/www.liceodeourense.com\/2.0\/obradoiro-de-teares-do-ccp-xaquin-lorenzo-da-deputacion-de-ourense\/2018-expo-teares_d2x0662\/\" rel=\"attachment wp-att-8648\"><img loading=\"lazy\" decoding=\"async\" class=\"alignright size-full wp-image-8648\" src=\"http:\/\/www.liceodeourense.com\/2.0\/wp-content\/uploads\/2018-expo-teares_D2X0662.jpg\" alt=\"\" width=\"1289\" height=\"2194\" srcset=\"https:\/\/www.liceodeourense.com\/2.0\/wp-content\/uploads\/2018-expo-teares_D2X0662.jpg 1289w, https:\/\/www.liceodeourense.com\/2.0\/wp-content\/uploads\/2018-expo-teares_D2X0662-176x300.jpg 176w, https:\/\/www.liceodeourense.com\/2.0\/wp-content\/uploads\/2018-expo-teares_D2X0662-768x1307.jpg 768w, https:\/\/www.liceodeourense.com\/2.0\/wp-content\/uploads\/2018-expo-teares_D2X0662-602x1024.jpg 602w\" sizes=\"auto, (max-width: 1289px) 100vw, 1289px\" \/><\/a> <a href=\"http:\/\/www.liceodeourense.com\/2.0\/obradoiro-de-teares-do-ccp-xaquin-lorenzo-da-deputacion-de-ourense\/2018-expo-teares_d2x0664\/\" rel=\"attachment wp-att-8649\"><img loading=\"lazy\" decoding=\"async\" class=\"alignright size-full wp-image-8649\" src=\"http:\/\/www.liceodeourense.com\/2.0\/wp-content\/uploads\/2018-expo-teares_D2X0664.jpg\" alt=\"\" width=\"2513\" height=\"1709\" srcset=\"https:\/\/www.liceodeourense.com\/2.0\/wp-content\/uploads\/2018-expo-teares_D2X0664.jpg 2513w, https:\/\/www.liceodeourense.com\/2.0\/wp-content\/uploads\/2018-expo-teares_D2X0664-300x204.jpg 300w, https:\/\/www.liceodeourense.com\/2.0\/wp-content\/uploads\/2018-expo-teares_D2X0664-768x522.jpg 768w, https:\/\/www.liceodeourense.com\/2.0\/wp-content\/uploads\/2018-expo-teares_D2X0664-1024x696.jpg 1024w\" sizes=\"auto, (max-width: 2513px) 100vw, 2513px\" \/><\/a> <a href=\"http:\/\/www.liceodeourense.com\/2.0\/obradoiro-de-teares-do-ccp-xaquin-lorenzo-da-deputacion-de-ourense\/2018-expo-teares_d2x0665\/\" rel=\"attachment wp-att-8650\"><img loading=\"lazy\" decoding=\"async\" class=\"alignright size-full wp-image-8650\" src=\"http:\/\/www.liceodeourense.com\/2.0\/wp-content\/uploads\/2018-expo-teares_D2X0665.jpg\" alt=\"\" width=\"2680\" height=\"1780\" srcset=\"https:\/\/www.liceodeourense.com\/2.0\/wp-content\/uploads\/2018-expo-teares_D2X0665.jpg 2680w, https:\/\/www.liceodeourense.com\/2.0\/wp-content\/uploads\/2018-expo-teares_D2X0665-300x199.jpg 300w, https:\/\/www.liceodeourense.com\/2.0\/wp-content\/uploads\/2018-expo-teares_D2X0665-768x510.jpg 768w, https:\/\/www.liceodeourense.com\/2.0\/wp-content\/uploads\/2018-expo-teares_D2X0665-1024x680.jpg 1024w\" sizes=\"auto, (max-width: 2680px) 100vw, 2680px\" \/><\/a> <a href=\"http:\/\/www.liceodeourense.com\/2.0\/obradoiro-de-teares-do-ccp-xaquin-lorenzo-da-deputacion-de-ourense\/2018-expo-teares_d2x0667\/\" rel=\"attachment wp-att-8651\"><img loading=\"lazy\" decoding=\"async\" class=\"alignright size-full wp-image-8651\" src=\"http:\/\/www.liceodeourense.com\/2.0\/wp-content\/uploads\/2018-expo-teares_D2X0667.jpg\" alt=\"\" width=\"1906\" height=\"1748\" srcset=\"https:\/\/www.liceodeourense.com\/2.0\/wp-content\/uploads\/2018-expo-teares_D2X0667.jpg 1906w, https:\/\/www.liceodeourense.com\/2.0\/wp-content\/uploads\/2018-expo-teares_D2X0667-300x275.jpg 300w, https:\/\/www.liceodeourense.com\/2.0\/wp-content\/uploads\/2018-expo-teares_D2X0667-768x704.jpg 768w, https:\/\/www.liceodeourense.com\/2.0\/wp-content\/uploads\/2018-expo-teares_D2X0667-1024x939.jpg 1024w\" sizes=\"auto, (max-width: 1906px) 100vw, 1906px\" \/><\/a> <a href=\"http:\/\/www.liceodeourense.com\/2.0\/obradoiro-de-teares-do-ccp-xaquin-lorenzo-da-deputacion-de-ourense\/2018-expo-teares_d2x0670\/\" rel=\"attachment wp-att-8652\"><img loading=\"lazy\" decoding=\"async\" class=\"alignright size-full wp-image-8652\" src=\"http:\/\/www.liceodeourense.com\/2.0\/wp-content\/uploads\/2018-expo-teares_D2X0670.jpg\" alt=\"\" width=\"2677\" height=\"1421\" srcset=\"https:\/\/www.liceodeourense.com\/2.0\/wp-content\/uploads\/2018-expo-teares_D2X0670.jpg 2677w, https:\/\/www.liceodeourense.com\/2.0\/wp-content\/uploads\/2018-expo-teares_D2X0670-300x159.jpg 300w, https:\/\/www.liceodeourense.com\/2.0\/wp-content\/uploads\/2018-expo-teares_D2X0670-768x408.jpg 768w, https:\/\/www.liceodeourense.com\/2.0\/wp-content\/uploads\/2018-expo-teares_D2X0670-1024x544.jpg 1024w\" sizes=\"auto, (max-width: 2677px) 100vw, 2677px\" \/><\/a> <a href=\"http:\/\/www.liceodeourense.com\/2.0\/obradoiro-de-teares-do-ccp-xaquin-lorenzo-da-deputacion-de-ourense\/2018-expo-teares_d2x0673\/\" rel=\"attachment wp-att-8653\"><img loading=\"lazy\" decoding=\"async\" class=\"alignright size-full wp-image-8653\" src=\"http:\/\/www.liceodeourense.com\/2.0\/wp-content\/uploads\/2018-expo-teares_D2X0673.jpg\" alt=\"\" width=\"2654\" height=\"1763\" srcset=\"https:\/\/www.liceodeourense.com\/2.0\/wp-content\/uploads\/2018-expo-teares_D2X0673.jpg 2654w, https:\/\/www.liceodeourense.com\/2.0\/wp-content\/uploads\/2018-expo-teares_D2X0673-300x199.jpg 300w, https:\/\/www.liceodeourense.com\/2.0\/wp-content\/uploads\/2018-expo-teares_D2X0673-768x510.jpg 768w, https:\/\/www.liceodeourense.com\/2.0\/wp-content\/uploads\/2018-expo-teares_D2X0673-1024x680.jpg 1024w\" sizes=\"auto, (max-width: 2654px) 100vw, 2654px\" \/><\/a> <a href=\"http:\/\/www.liceodeourense.com\/2.0\/obradoiro-de-teares-do-ccp-xaquin-lorenzo-da-deputacion-de-ourense\/2018-expo-teares_d2x0675\/\" rel=\"attachment wp-att-8654\"><img loading=\"lazy\" decoding=\"async\" class=\"alignright size-full wp-image-8654\" src=\"http:\/\/www.liceodeourense.com\/2.0\/wp-content\/uploads\/2018-expo-teares_D2X0675.jpg\" alt=\"\" width=\"1479\" height=\"1551\" srcset=\"https:\/\/www.liceodeourense.com\/2.0\/wp-content\/uploads\/2018-expo-teares_D2X0675.jpg 1479w, https:\/\/www.liceodeourense.com\/2.0\/wp-content\/uploads\/2018-expo-teares_D2X0675-286x300.jpg 286w, https:\/\/www.liceodeourense.com\/2.0\/wp-content\/uploads\/2018-expo-teares_D2X0675-768x805.jpg 768w, https:\/\/www.liceodeourense.com\/2.0\/wp-content\/uploads\/2018-expo-teares_D2X0675-976x1024.jpg 976w\" sizes=\"auto, (max-width: 1479px) 100vw, 1479px\" \/><\/a> <a href=\"http:\/\/www.liceodeourense.com\/2.0\/obradoiro-de-teares-do-ccp-xaquin-lorenzo-da-deputacion-de-ourense\/2018-expo-teares_d2x0678\/\" rel=\"attachment wp-att-8655\"><img loading=\"lazy\" decoding=\"async\" class=\"alignright size-full wp-image-8655\" src=\"http:\/\/www.liceodeourense.com\/2.0\/wp-content\/uploads\/2018-expo-teares_D2X0678.jpg\" alt=\"\" width=\"2104\" height=\"1663\" srcset=\"https:\/\/www.liceodeourense.com\/2.0\/wp-content\/uploads\/2018-expo-teares_D2X0678.jpg 2104w, https:\/\/www.liceodeourense.com\/2.0\/wp-content\/uploads\/2018-expo-teares_D2X0678-300x237.jpg 300w, https:\/\/www.liceodeourense.com\/2.0\/wp-content\/uploads\/2018-expo-teares_D2X0678-768x607.jpg 768w, https:\/\/www.liceodeourense.com\/2.0\/wp-content\/uploads\/2018-expo-teares_D2X0678-1024x809.jpg 1024w\" sizes=\"auto, (max-width: 2104px) 100vw, 2104px\" \/><\/a> <a href=\"http:\/\/www.liceodeourense.com\/2.0\/obradoiro-de-teares-do-ccp-xaquin-lorenzo-da-deputacion-de-ourense\/2018-expo-teares_d2x0680\/\" rel=\"attachment wp-att-8656\"><img loading=\"lazy\" decoding=\"async\" class=\"alignright size-full wp-image-8656\" src=\"http:\/\/www.liceodeourense.com\/2.0\/wp-content\/uploads\/2018-expo-teares_D2X0680.jpg\" alt=\"\" width=\"1847\" height=\"1542\" srcset=\"https:\/\/www.liceodeourense.com\/2.0\/wp-content\/uploads\/2018-expo-teares_D2X0680.jpg 1847w, https:\/\/www.liceodeourense.com\/2.0\/wp-content\/uploads\/2018-expo-teares_D2X0680-300x250.jpg 300w, https:\/\/www.liceodeourense.com\/2.0\/wp-content\/uploads\/2018-expo-teares_D2X0680-768x641.jpg 768w, https:\/\/www.liceodeourense.com\/2.0\/wp-content\/uploads\/2018-expo-teares_D2X0680-1024x855.jpg 1024w\" sizes=\"auto, (max-width: 1847px) 100vw, 1847px\" \/><\/a> <a href=\"http:\/\/www.liceodeourense.com\/2.0\/obradoiro-de-teares-do-ccp-xaquin-lorenzo-da-deputacion-de-ourense\/2018-expo-teares_d2x0685\/\" rel=\"attachment wp-att-8657\"><img loading=\"lazy\" decoding=\"async\" class=\"alignright size-full wp-image-8657\" src=\"http:\/\/www.liceodeourense.com\/2.0\/wp-content\/uploads\/2018-expo-teares_D2X0685.jpg\" alt=\"\" width=\"2548\" height=\"1762\" srcset=\"https:\/\/www.liceodeourense.com\/2.0\/wp-content\/uploads\/2018-expo-teares_D2X0685.jpg 2548w, https:\/\/www.liceodeourense.com\/2.0\/wp-content\/uploads\/2018-expo-teares_D2X0685-300x207.jpg 300w, https:\/\/www.liceodeourense.com\/2.0\/wp-content\/uploads\/2018-expo-teares_D2X0685-768x531.jpg 768w, https:\/\/www.liceodeourense.com\/2.0\/wp-content\/uploads\/2018-expo-teares_D2X0685-1024x708.jpg 1024w\" sizes=\"auto, (max-width: 2548px) 100vw, 2548px\" \/><\/a> <a href=\"http:\/\/www.liceodeourense.com\/2.0\/obradoiro-de-teares-do-ccp-xaquin-lorenzo-da-deputacion-de-ourense\/2018-expo-teares_d2x0689\/\" rel=\"attachment wp-att-8658\"><img loading=\"lazy\" decoding=\"async\" class=\"alignright size-full wp-image-8658\" src=\"http:\/\/www.liceodeourense.com\/2.0\/wp-content\/uploads\/2018-expo-teares_D2X0689.jpg\" alt=\"\" width=\"2601\" height=\"1735\" srcset=\"https:\/\/www.liceodeourense.com\/2.0\/wp-content\/uploads\/2018-expo-teares_D2X0689.jpg 2601w, https:\/\/www.liceodeourense.com\/2.0\/wp-content\/uploads\/2018-expo-teares_D2X0689-300x200.jpg 300w, https:\/\/www.liceodeourense.com\/2.0\/wp-content\/uploads\/2018-expo-teares_D2X0689-768x512.jpg 768w, https:\/\/www.liceodeourense.com\/2.0\/wp-content\/uploads\/2018-expo-teares_D2X0689-1024x683.jpg 1024w\" sizes=\"auto, (max-width: 2601px) 100vw, 2601px\" \/><\/a><\/p>\n","protected":false},"excerpt":{"rendered":"<p>Inauguraci\u00f3n da exposici\u00f3n fin de curso do Obradoiro de Teares do CCP Xaqu\u00edn Lorenzo da Deputaci\u00f3n de Ourense, cos asistentes participantes: Concha Outeiri\u00f1o, a monitora; os alumnos; Jos\u00e9 Luis Troiti\u00f1a, xerente do Liceo; e Rosendo L. Fern\u00e1ndez, vicepresidente da Deptuaci\u00f3n.<\/p>\n","protected":false},"author":2,"featured_media":0,"comment_status":"open","ping_status":"closed","sticky":false,"template":"","format":"standard","meta":{"footnotes":""},"categories":[15],"tags":[],"class_list":["post-8639","post","type-post","status-publish","format-standard","hentry","category-exposicions"],"_links":{"self":[{"href":"https:\/\/www.liceodeourense.com\/2.0\/index.php?rest_route=\/wp\/v2\/posts\/8639","targetHints":{"allow":["GET"]}}],"collection":[{"href":"https:\/\/www.liceodeourense.com\/2.0\/index.php?rest_route=\/wp\/v2\/posts"}],"about":[{"href":"https:\/\/www.liceodeourense.com\/2.0\/index.php?rest_route=\/wp\/v2\/types\/post"}],"author":[{"embeddable":true,"href":"https:\/\/www.liceodeourense.com\/2.0\/index.php?rest_route=\/wp\/v2\/users\/2"}],"replies":[{"embeddable":true,"href":"https:\/\/www.liceodeourense.com\/2.0\/index.php?rest_route=%2Fwp%2Fv2%2Fcomments&post=8639"}],"version-history":[{"count":2,"href":"https:\/\/www.liceodeourense.com\/2.0\/index.php?rest_route=\/wp\/v2\/posts\/8639\/revisions"}],"predecessor-version":[{"id":8660,"href":"https:\/\/www.liceodeourense.com\/2.0\/index.php?rest_route=\/wp\/v2\/posts\/8639\/revisions\/8660"}],"wp:attachment":[{"href":"https:\/\/www.liceodeourense.com\/2.0\/index.php?rest_route=%2Fwp%2Fv2%2Fmedia&parent=8639"}],"wp:term":[{"taxonomy":"category","embeddable":true,"href":"https:\/\/www.liceodeourense.com\/2.0\/index.php?rest_route=%2Fwp%2Fv2%2Fcategories&post=8639"},{"taxonomy":"post_tag","embeddable":true,"href":"https:\/\/www.liceodeourense.com\/2.0\/index.php?rest_route=%2Fwp%2Fv2%2Ftags&post=8639"}],"curies":[{"name":"wp","href":"https:\/\/api.w.org\/{rel}","templated":true}]}}