{"id":8310,"date":"2018-03-22T21:34:05","date_gmt":"2018-03-22T20:34:05","guid":{"rendered":"http:\/\/www.liceodeourense.com\/2.0\/?p=8310"},"modified":"2018-04-02T16:25:53","modified_gmt":"2018-04-02T15:25:53","slug":"a-poesia-de-xose-lois-rua-na-voz-de-carmen-ares","status":"publish","type":"post","link":"https:\/\/www.liceodeourense.com\/2.0\/?p=8310","title":{"rendered":"a POES\u00cdA de XOS\u00e9 LOIS R\u00daA na VOZ de CARMEN ARES."},"content":{"rendered":"<p><a href=\"http:\/\/www.liceodeourense.com\/2.0\/a-poesia-de-xose-lois-rua-na-voz-de-carmen-ares\/img_20180322_200944\/\" rel=\"attachment wp-att-8311\"><img loading=\"lazy\" decoding=\"async\" class=\"alignright size-full wp-image-8311\" src=\"http:\/\/www.liceodeourense.com\/2.0\/wp-content\/uploads\/IMG_20180322_200944.jpg\" alt=\"\" width=\"893\" height=\"1190\" srcset=\"https:\/\/www.liceodeourense.com\/2.0\/wp-content\/uploads\/IMG_20180322_200944.jpg 893w, https:\/\/www.liceodeourense.com\/2.0\/wp-content\/uploads\/IMG_20180322_200944-225x300.jpg 225w, https:\/\/www.liceodeourense.com\/2.0\/wp-content\/uploads\/IMG_20180322_200944-768x1024.jpg 768w\" sizes=\"auto, (max-width: 893px) 100vw, 893px\" \/><\/a><\/p>\n<p>As\u00ed, na voz de CARMEN ARES soaron as poes\u00edas de XOS\u00c9 LOIS R\u00daA esta tarde na Sala de Tertulia do Liceo de Ourense, unha tarde m\u00e1is de poes\u00eda, unha tarde m\u00e1is nesta auria do Liceo.<\/p>\n<p>Beiz\u00f3ns Carmen, beiz\u00f3ns Xose Lois.<\/p>\n<p><a href=\"http:\/\/www.liceodeourense.com\/2.0\/a-poesia-de-xose-lois-rua-na-voz-de-carmen-ares\/img_20180322_201020_1\/\" rel=\"attachment wp-att-8312\"><img loading=\"lazy\" decoding=\"async\" class=\"alignright size-full wp-image-8312\" src=\"http:\/\/www.liceodeourense.com\/2.0\/wp-content\/uploads\/IMG_20180322_201020_1.jpg\" alt=\"\" width=\"734\" height=\"979\" srcset=\"https:\/\/www.liceodeourense.com\/2.0\/wp-content\/uploads\/IMG_20180322_201020_1.jpg 734w, https:\/\/www.liceodeourense.com\/2.0\/wp-content\/uploads\/IMG_20180322_201020_1-225x300.jpg 225w\" sizes=\"auto, (max-width: 734px) 100vw, 734px\" \/><\/a> <a href=\"http:\/\/www.liceodeourense.com\/2.0\/a-poesia-de-xose-lois-rua-na-voz-de-carmen-ares\/img_20180322_201203\/\" rel=\"attachment wp-att-8313\"><img loading=\"lazy\" decoding=\"async\" class=\"alignright size-full wp-image-8313\" src=\"http:\/\/www.liceodeourense.com\/2.0\/wp-content\/uploads\/IMG_20180322_201203.jpg\" alt=\"\" width=\"734\" height=\"979\" srcset=\"https:\/\/www.liceodeourense.com\/2.0\/wp-content\/uploads\/IMG_20180322_201203.jpg 734w, https:\/\/www.liceodeourense.com\/2.0\/wp-content\/uploads\/IMG_20180322_201203-225x300.jpg 225w\" sizes=\"auto, (max-width: 734px) 100vw, 734px\" \/><\/a><a href=\"http:\/\/www.liceodeourense.com\/2.0\/a-poesia-de-xose-lois-rua-na-voz-de-carmen-ares\/trav-candi-e-eu-22-3-2018\/\" rel=\"attachment wp-att-8352\"><img loading=\"lazy\" decoding=\"async\" class=\"alignright size-full wp-image-8352\" src=\"http:\/\/www.liceodeourense.com\/2.0\/wp-content\/uploads\/TRAV-CANDI-E-EU-22-3-2018.jpg\" alt=\"\" width=\"1282\" height=\"854\" srcset=\"https:\/\/www.liceodeourense.com\/2.0\/wp-content\/uploads\/TRAV-CANDI-E-EU-22-3-2018.jpg 1282w, https:\/\/www.liceodeourense.com\/2.0\/wp-content\/uploads\/TRAV-CANDI-E-EU-22-3-2018-300x200.jpg 300w, https:\/\/www.liceodeourense.com\/2.0\/wp-content\/uploads\/TRAV-CANDI-E-EU-22-3-2018-768x512.jpg 768w, https:\/\/www.liceodeourense.com\/2.0\/wp-content\/uploads\/TRAV-CANDI-E-EU-22-3-2018-1024x682.jpg 1024w\" sizes=\"auto, (max-width: 1282px) 100vw, 1282px\" \/><\/a><a href=\"http:\/\/www.liceodeourense.com\/2.0\/a-poesia-de-xose-lois-rua-na-voz-de-carmen-ares\/travesia-publico-22-3-2018\/\" rel=\"attachment wp-att-8353\"><img loading=\"lazy\" decoding=\"async\" class=\"alignright size-full wp-image-8353\" src=\"http:\/\/www.liceodeourense.com\/2.0\/wp-content\/uploads\/TRAVESIA-PUBLICO-22-3-2018.jpg\" alt=\"\" width=\"1282\" height=\"854\" srcset=\"https:\/\/www.liceodeourense.com\/2.0\/wp-content\/uploads\/TRAVESIA-PUBLICO-22-3-2018.jpg 1282w, https:\/\/www.liceodeourense.com\/2.0\/wp-content\/uploads\/TRAVESIA-PUBLICO-22-3-2018-300x200.jpg 300w, https:\/\/www.liceodeourense.com\/2.0\/wp-content\/uploads\/TRAVESIA-PUBLICO-22-3-2018-768x512.jpg 768w, https:\/\/www.liceodeourense.com\/2.0\/wp-content\/uploads\/TRAVESIA-PUBLICO-22-3-2018-1024x682.jpg 1024w\" sizes=\"auto, (max-width: 1282px) 100vw, 1282px\" \/><\/a><a href=\"http:\/\/www.liceodeourense.com\/2.0\/a-poesia-de-xose-lois-rua-na-voz-de-carmen-ares\/traves-publico-22-3-2018\/\" rel=\"attachment wp-att-8354\"><img loading=\"lazy\" decoding=\"async\" class=\"alignright size-full wp-image-8354\" src=\"http:\/\/www.liceodeourense.com\/2.0\/wp-content\/uploads\/TRAVES-PUBLICO-22-3-2018.jpg\" alt=\"\" width=\"1282\" height=\"854\" srcset=\"https:\/\/www.liceodeourense.com\/2.0\/wp-content\/uploads\/TRAVES-PUBLICO-22-3-2018.jpg 1282w, https:\/\/www.liceodeourense.com\/2.0\/wp-content\/uploads\/TRAVES-PUBLICO-22-3-2018-300x200.jpg 300w, https:\/\/www.liceodeourense.com\/2.0\/wp-content\/uploads\/TRAVES-PUBLICO-22-3-2018-768x512.jpg 768w, https:\/\/www.liceodeourense.com\/2.0\/wp-content\/uploads\/TRAVES-PUBLICO-22-3-2018-1024x682.jpg 1024w\" sizes=\"auto, (max-width: 1282px) 100vw, 1282px\" \/><\/a><a href=\"http:\/\/www.liceodeourense.com\/2.0\/a-poesia-de-xose-lois-rua-na-voz-de-carmen-ares\/trav-lendo-e-candi-22-3-201\/\" rel=\"attachment wp-att-8355\"><img loading=\"lazy\" decoding=\"async\" class=\"alignright size-full wp-image-8355\" src=\"http:\/\/www.liceodeourense.com\/2.0\/wp-content\/uploads\/TRAV-LENDO-E-CANDI-22-3-201.jpg\" alt=\"\" width=\"1282\" height=\"854\" srcset=\"https:\/\/www.liceodeourense.com\/2.0\/wp-content\/uploads\/TRAV-LENDO-E-CANDI-22-3-201.jpg 1282w, https:\/\/www.liceodeourense.com\/2.0\/wp-content\/uploads\/TRAV-LENDO-E-CANDI-22-3-201-300x200.jpg 300w, https:\/\/www.liceodeourense.com\/2.0\/wp-content\/uploads\/TRAV-LENDO-E-CANDI-22-3-201-768x512.jpg 768w, https:\/\/www.liceodeourense.com\/2.0\/wp-content\/uploads\/TRAV-LENDO-E-CANDI-22-3-201-1024x682.jpg 1024w\" sizes=\"auto, (max-width: 1282px) 100vw, 1282px\" \/><\/a> <a href=\"http:\/\/www.liceodeourense.com\/2.0\/a-poesia-de-xose-lois-rua-na-voz-de-carmen-ares\/img_20180322_210256\/\" rel=\"attachment wp-att-8314\"><img loading=\"lazy\" decoding=\"async\" class=\"alignright size-full wp-image-8314\" src=\"http:\/\/www.liceodeourense.com\/2.0\/wp-content\/uploads\/IMG_20180322_210256.jpg\" alt=\"\" width=\"893\" height=\"1190\" srcset=\"https:\/\/www.liceodeourense.com\/2.0\/wp-content\/uploads\/IMG_20180322_210256.jpg 893w, https:\/\/www.liceodeourense.com\/2.0\/wp-content\/uploads\/IMG_20180322_210256-225x300.jpg 225w, https:\/\/www.liceodeourense.com\/2.0\/wp-content\/uploads\/IMG_20180322_210256-768x1024.jpg 768w\" sizes=\"auto, (max-width: 893px) 100vw, 893px\" \/><\/a> <a href=\"http:\/\/www.liceodeourense.com\/2.0\/a-poesia-de-xose-lois-rua-na-voz-de-carmen-ares\/img_20180322_210310\/\" rel=\"attachment wp-att-8315\"><img loading=\"lazy\" decoding=\"async\" class=\"alignright size-full wp-image-8315\" src=\"http:\/\/www.liceodeourense.com\/2.0\/wp-content\/uploads\/IMG_20180322_210310.jpg\" alt=\"\" width=\"893\" height=\"1190\" srcset=\"https:\/\/www.liceodeourense.com\/2.0\/wp-content\/uploads\/IMG_20180322_210310.jpg 893w, https:\/\/www.liceodeourense.com\/2.0\/wp-content\/uploads\/IMG_20180322_210310-225x300.jpg 225w, https:\/\/www.liceodeourense.com\/2.0\/wp-content\/uploads\/IMG_20180322_210310-768x1024.jpg 768w\" sizes=\"auto, (max-width: 893px) 100vw, 893px\" \/><\/a><a href=\"http:\/\/www.liceodeourense.com\/2.0\/pagina-ejemplo\/cartaz-rua-poemas\/\" rel=\"attachment wp-att-8278\"><img loading=\"lazy\" decoding=\"async\" class=\"alignright size-full wp-image-8278\" src=\"http:\/\/www.liceodeourense.com\/2.0\/wp-content\/uploads\/CARTAZ-R\u00daA-POEMAS.jpg\" alt=\"\" width=\"1000\" height=\"1414\" srcset=\"https:\/\/www.liceodeourense.com\/2.0\/wp-content\/uploads\/CARTAZ-R\u00daA-POEMAS.jpg 1000w, https:\/\/www.liceodeourense.com\/2.0\/wp-content\/uploads\/CARTAZ-R\u00daA-POEMAS-212x300.jpg 212w, https:\/\/www.liceodeourense.com\/2.0\/wp-content\/uploads\/CARTAZ-R\u00daA-POEMAS-768x1086.jpg 768w, https:\/\/www.liceodeourense.com\/2.0\/wp-content\/uploads\/CARTAZ-R\u00daA-POEMAS-724x1024.jpg 724w\" sizes=\"auto, (max-width: 1000px) 100vw, 1000px\" \/><\/a><\/p>\n","protected":false},"excerpt":{"rendered":"<p>As\u00ed, na voz de CARMEN ARES soaron as poes\u00edas de XOS\u00c9 LOIS R\u00daA esta tarde na Sala de Tertulia do Liceo de Ourense, unha tarde m\u00e1is de poes\u00eda, unha tarde m\u00e1is nesta auria do Liceo. Beiz\u00f3ns Carmen, beiz\u00f3ns Xose Lois.<\/p>\n","protected":false},"author":2,"featured_media":0,"comment_status":"open","ping_status":"closed","sticky":false,"template":"","format":"standard","meta":{"footnotes":""},"categories":[6],"tags":[],"class_list":["post-8310","post","type-post","status-publish","format-standard","hentry","category-seccion-literatura"],"_links":{"self":[{"href":"https:\/\/www.liceodeourense.com\/2.0\/index.php?rest_route=\/wp\/v2\/posts\/8310","targetHints":{"allow":["GET"]}}],"collection":[{"href":"https:\/\/www.liceodeourense.com\/2.0\/index.php?rest_route=\/wp\/v2\/posts"}],"about":[{"href":"https:\/\/www.liceodeourense.com\/2.0\/index.php?rest_route=\/wp\/v2\/types\/post"}],"author":[{"embeddable":true,"href":"https:\/\/www.liceodeourense.com\/2.0\/index.php?rest_route=\/wp\/v2\/users\/2"}],"replies":[{"embeddable":true,"href":"https:\/\/www.liceodeourense.com\/2.0\/index.php?rest_route=%2Fwp%2Fv2%2Fcomments&post=8310"}],"version-history":[{"count":3,"href":"https:\/\/www.liceodeourense.com\/2.0\/index.php?rest_route=\/wp\/v2\/posts\/8310\/revisions"}],"predecessor-version":[{"id":8356,"href":"https:\/\/www.liceodeourense.com\/2.0\/index.php?rest_route=\/wp\/v2\/posts\/8310\/revisions\/8356"}],"wp:attachment":[{"href":"https:\/\/www.liceodeourense.com\/2.0\/index.php?rest_route=%2Fwp%2Fv2%2Fmedia&parent=8310"}],"wp:term":[{"taxonomy":"category","embeddable":true,"href":"https:\/\/www.liceodeourense.com\/2.0\/index.php?rest_route=%2Fwp%2Fv2%2Fcategories&post=8310"},{"taxonomy":"post_tag","embeddable":true,"href":"https:\/\/www.liceodeourense.com\/2.0\/index.php?rest_route=%2Fwp%2Fv2%2Ftags&post=8310"}],"curies":[{"name":"wp","href":"https:\/\/api.w.org\/{rel}","templated":true}]}}