{"id":8281,"date":"2018-03-22T10:49:26","date_gmt":"2018-03-22T09:49:26","guid":{"rendered":"http:\/\/www.liceodeourense.com\/2.0\/?p=8281"},"modified":"2018-03-22T11:12:33","modified_gmt":"2018-03-22T10:12:33","slug":"homenaxe-a-d-eduardo-gonzalez-ananin-un-dia-para-a-memoria-do-liceo","status":"publish","type":"post","link":"https:\/\/www.liceodeourense.com\/2.0\/?p=8281","title":{"rendered":"HOMENAXE A D. EDUARDO GONZ\u00c1LEZ ANAN\u00cdN. UN D\u00cdA PARA A MEMORIA DO LICEO."},"content":{"rendered":"<h3><a href=\"http:\/\/www.liceodeourense.com\/2.0\/homenaxe-a-d-eduardo-gonzalez-ananin-un-dia-para-a-memoria-do-liceo\/img_20180321_200746\/\" rel=\"attachment wp-att-8283\"><img loading=\"lazy\" decoding=\"async\" class=\"alignright size-full wp-image-8283\" src=\"http:\/\/www.liceodeourense.com\/2.0\/wp-content\/uploads\/IMG_20180321_200746.jpg\" alt=\"\" width=\"893\" height=\"1190\" srcset=\"https:\/\/www.liceodeourense.com\/2.0\/wp-content\/uploads\/IMG_20180321_200746.jpg 893w, https:\/\/www.liceodeourense.com\/2.0\/wp-content\/uploads\/IMG_20180321_200746-225x300.jpg 225w, https:\/\/www.liceodeourense.com\/2.0\/wp-content\/uploads\/IMG_20180321_200746-768x1024.jpg 768w\" sizes=\"auto, (max-width: 893px) 100vw, 893px\" \/><\/a>Onte foi un deses d\u00edas que se gardan na \u00abmemoria\u00bb do Liceo, coa celebraci\u00f3n do D\u00eda Mundial da Poes\u00eda como escusa dende o Liceo quixemos rendirlle unha sinxela pero emotiva homenaxe a D. Eduardo Gonz\u00e1lez Anan\u00edn.\u00a0 Un acto cargado de emoci\u00f3ns, de m\u00fasica, de palabra, de poes\u00eda, pero sobre todo de amizade, cari\u00f1o e admiraci\u00f3n por Eduardo Anan\u00edn.<\/h3>\n<h3><a href=\"http:\/\/www.liceodeourense.com\/2.0\/homenaxe-a-d-eduardo-gonzalez-ananin-un-dia-para-a-memoria-do-liceo\/img_20180321_201237\/\" rel=\"attachment wp-att-8286\"><img loading=\"lazy\" decoding=\"async\" class=\"alignright size-full wp-image-8286\" src=\"http:\/\/www.liceodeourense.com\/2.0\/wp-content\/uploads\/IMG_20180321_201237.jpg\" alt=\"\" width=\"893\" height=\"1190\" srcset=\"https:\/\/www.liceodeourense.com\/2.0\/wp-content\/uploads\/IMG_20180321_201237.jpg 893w, https:\/\/www.liceodeourense.com\/2.0\/wp-content\/uploads\/IMG_20180321_201237-225x300.jpg 225w, https:\/\/www.liceodeourense.com\/2.0\/wp-content\/uploads\/IMG_20180321_201237-768x1024.jpg 768w\" sizes=\"auto, (max-width: 893px) 100vw, 893px\" \/><\/a><\/h3>\n<h3>Comenzamos \u00abco piano\u00bb de D. \u00c1ngel Losada, d\u00faas interpretaci\u00f3ns que xa nos pu\u00f1an en\u00a0 situaci\u00f3n, para despois ser o Presidente do Liceo, Xabier Casares Mouri\u00f1o, o que presentara o acto recordando a Tovar, a Valente, a Pura V\u00e1zquez, sen esquecerse do amigo Victor Campio, pero para significar o compromiso de Anan\u00edn.<\/h3>\n<p><a href=\"http:\/\/www.liceodeourense.com\/2.0\/homenaxe-a-d-eduardo-gonzalez-ananin-un-dia-para-a-memoria-do-liceo\/img_20180321_202207\/\" rel=\"attachment wp-att-8287\"><img loading=\"lazy\" decoding=\"async\" class=\"alignright size-full wp-image-8287\" src=\"http:\/\/www.liceodeourense.com\/2.0\/wp-content\/uploads\/IMG_20180321_202207.jpg\" alt=\"\" width=\"893\" height=\"1190\" srcset=\"https:\/\/www.liceodeourense.com\/2.0\/wp-content\/uploads\/IMG_20180321_202207.jpg 893w, https:\/\/www.liceodeourense.com\/2.0\/wp-content\/uploads\/IMG_20180321_202207-225x300.jpg 225w, https:\/\/www.liceodeourense.com\/2.0\/wp-content\/uploads\/IMG_20180321_202207-768x1024.jpg 768w\" sizes=\"auto, (max-width: 893px) 100vw, 893px\" \/><\/a><\/p>\n<h3>Continuou o profesor Manuel Zabal, dando voltas arredor do \u00abmolino de Tibi\u00e1s\u00bb, gracias profesor Zabal pola s\u00faa brillante intervenci\u00f3n.<\/h3>\n<p><a href=\"http:\/\/www.liceodeourense.com\/2.0\/homenaxe-a-d-eduardo-gonzalez-ananin-un-dia-para-a-memoria-do-liceo\/img_20180321_203347\/\" rel=\"attachment wp-att-8288\"><img loading=\"lazy\" decoding=\"async\" class=\"alignright size-full wp-image-8288\" src=\"http:\/\/www.liceodeourense.com\/2.0\/wp-content\/uploads\/IMG_20180321_203347.jpg\" alt=\"\" width=\"893\" height=\"1190\" srcset=\"https:\/\/www.liceodeourense.com\/2.0\/wp-content\/uploads\/IMG_20180321_203347.jpg 893w, https:\/\/www.liceodeourense.com\/2.0\/wp-content\/uploads\/IMG_20180321_203347-225x300.jpg 225w, https:\/\/www.liceodeourense.com\/2.0\/wp-content\/uploads\/IMG_20180321_203347-768x1024.jpg 768w\" sizes=\"auto, (max-width: 893px) 100vw, 893px\" \/><\/a><\/p>\n<h3>A m\u00fasica de Emilio R\u00faa (infinitas gracias Emilio, nunca d\u00eds non), introduciunos de cheo nun recital a \u00abflor de piel\u00bb con Manuel Blanco e Carmen Lorenzo, co acompa\u00f1amento musical a guitarra de Jose Luis Troiti\u00f1a, os poemas de D. Eduardo resoaron nas voces destas d\u00faas persoas que formaron parte do Grupo Dolmen, coa emoci\u00f3n do momento.<\/h3>\n<p><a href=\"http:\/\/www.liceodeourense.com\/2.0\/homenaxe-a-d-eduardo-gonzalez-ananin-un-dia-para-a-memoria-do-liceo\/img_20180321_204052\/\" rel=\"attachment wp-att-8290\"><img loading=\"lazy\" decoding=\"async\" class=\"alignright size-full wp-image-8290\" src=\"http:\/\/www.liceodeourense.com\/2.0\/wp-content\/uploads\/IMG_20180321_204052.jpg\" alt=\"\" width=\"1190\" height=\"893\" srcset=\"https:\/\/www.liceodeourense.com\/2.0\/wp-content\/uploads\/IMG_20180321_204052.jpg 1190w, https:\/\/www.liceodeourense.com\/2.0\/wp-content\/uploads\/IMG_20180321_204052-300x225.jpg 300w, https:\/\/www.liceodeourense.com\/2.0\/wp-content\/uploads\/IMG_20180321_204052-768x576.jpg 768w, https:\/\/www.liceodeourense.com\/2.0\/wp-content\/uploads\/IMG_20180321_204052-1024x768.jpg 1024w\" sizes=\"auto, (max-width: 1190px) 100vw, 1190px\" \/><\/a> <a href=\"http:\/\/www.liceodeourense.com\/2.0\/homenaxe-a-d-eduardo-gonzalez-ananin-un-dia-para-a-memoria-do-liceo\/img_20180321_204028\/\" rel=\"attachment wp-att-8289\"><img loading=\"lazy\" decoding=\"async\" class=\"alignright size-full wp-image-8289\" src=\"http:\/\/www.liceodeourense.com\/2.0\/wp-content\/uploads\/IMG_20180321_204028.jpg\" alt=\"\" width=\"1190\" height=\"893\" srcset=\"https:\/\/www.liceodeourense.com\/2.0\/wp-content\/uploads\/IMG_20180321_204028.jpg 1190w, https:\/\/www.liceodeourense.com\/2.0\/wp-content\/uploads\/IMG_20180321_204028-300x225.jpg 300w, https:\/\/www.liceodeourense.com\/2.0\/wp-content\/uploads\/IMG_20180321_204028-768x576.jpg 768w, https:\/\/www.liceodeourense.com\/2.0\/wp-content\/uploads\/IMG_20180321_204028-1024x768.jpg 1024w\" sizes=\"auto, (max-width: 1190px) 100vw, 1190px\" \/><\/a><\/p>\n<h3>Logo d\u00faas sorpresas fora do gui\u00f3n, Jos\u00e9 Luis Fern\u00e1ndez D\u00edaz quiso tam\u00e9n por musica a s\u00faa amizade co poeta, e Marina S\u00e1nchez, de Telemi\u00f1o, non quiso deixar pasar a ocasi\u00f3n de mostar a s\u00faa admiraci\u00f3n por D. Eduardo.<\/h3>\n<p><a href=\"http:\/\/www.liceodeourense.com\/2.0\/homenaxe-a-d-eduardo-gonzalez-ananin-un-dia-para-a-memoria-do-liceo\/img_20180321_205419\/\" rel=\"attachment wp-att-8291\"><img loading=\"lazy\" decoding=\"async\" class=\"alignright size-full wp-image-8291\" src=\"http:\/\/www.liceodeourense.com\/2.0\/wp-content\/uploads\/IMG_20180321_205419.jpg\" alt=\"\" width=\"893\" height=\"1190\" srcset=\"https:\/\/www.liceodeourense.com\/2.0\/wp-content\/uploads\/IMG_20180321_205419.jpg 893w, https:\/\/www.liceodeourense.com\/2.0\/wp-content\/uploads\/IMG_20180321_205419-225x300.jpg 225w, https:\/\/www.liceodeourense.com\/2.0\/wp-content\/uploads\/IMG_20180321_205419-768x1024.jpg 768w\" sizes=\"auto, (max-width: 893px) 100vw, 893px\" \/><\/a><\/p>\n<h3>A voz de Eduardo Ananin para agradecer este acto foi a s\u00faa filla In\u00e9s, que decir&#8230;<\/h3>\n<p><a href=\"http:\/\/www.liceodeourense.com\/2.0\/homenaxe-a-d-eduardo-gonzalez-ananin-un-dia-para-a-memoria-do-liceo\/img-20180322-wa0004\/\" rel=\"attachment wp-att-8296\"><img loading=\"lazy\" decoding=\"async\" class=\"alignright size-full wp-image-8296\" src=\"http:\/\/www.liceodeourense.com\/2.0\/wp-content\/uploads\/IMG-20180322-WA0004.jpg\" alt=\"\" width=\"1599\" height=\"1200\" srcset=\"https:\/\/www.liceodeourense.com\/2.0\/wp-content\/uploads\/IMG-20180322-WA0004.jpg 1599w, https:\/\/www.liceodeourense.com\/2.0\/wp-content\/uploads\/IMG-20180322-WA0004-300x225.jpg 300w, https:\/\/www.liceodeourense.com\/2.0\/wp-content\/uploads\/IMG-20180322-WA0004-768x576.jpg 768w, https:\/\/www.liceodeourense.com\/2.0\/wp-content\/uploads\/IMG-20180322-WA0004-1024x768.jpg 1024w\" sizes=\"auto, (max-width: 1599px) 100vw, 1599px\" \/><\/a><\/p>\n<h3>E fomos rematando o acto coa intervenci\u00f3n da Coral de Ruada que tam\u00e9n se quixo sumar a este acto coa s\u00faa brillante interpretaci\u00f3n.<\/h3>\n<p><a href=\"http:\/\/www.liceodeourense.com\/2.0\/homenaxe-a-d-eduardo-gonzalez-ananin-un-dia-para-a-memoria-do-liceo\/img-20180322-wa0003\/\" rel=\"attachment wp-att-8295\"><img loading=\"lazy\" decoding=\"async\" class=\"alignright size-full wp-image-8295\" src=\"http:\/\/www.liceodeourense.com\/2.0\/wp-content\/uploads\/IMG-20180322-WA0003.jpg\" alt=\"\" width=\"1599\" height=\"1200\" srcset=\"https:\/\/www.liceodeourense.com\/2.0\/wp-content\/uploads\/IMG-20180322-WA0003.jpg 1599w, https:\/\/www.liceodeourense.com\/2.0\/wp-content\/uploads\/IMG-20180322-WA0003-300x225.jpg 300w, https:\/\/www.liceodeourense.com\/2.0\/wp-content\/uploads\/IMG-20180322-WA0003-768x576.jpg 768w, https:\/\/www.liceodeourense.com\/2.0\/wp-content\/uploads\/IMG-20180322-WA0003-1024x768.jpg 1024w\" sizes=\"auto, (max-width: 1599px) 100vw, 1599px\" \/><\/a><a href=\"http:\/\/www.liceodeourense.com\/2.0\/homenaxe-a-d-eduardo-gonzalez-ananin-un-dia-para-a-memoria-do-liceo\/img_20180321_210740\/\" rel=\"attachment wp-att-8292\"><img loading=\"lazy\" decoding=\"async\" class=\"alignright size-full wp-image-8292\" src=\"http:\/\/www.liceodeourense.com\/2.0\/wp-content\/uploads\/IMG_20180321_210740.jpg\" alt=\"\" width=\"1190\" height=\"893\" srcset=\"https:\/\/www.liceodeourense.com\/2.0\/wp-content\/uploads\/IMG_20180321_210740.jpg 1190w, https:\/\/www.liceodeourense.com\/2.0\/wp-content\/uploads\/IMG_20180321_210740-300x225.jpg 300w, https:\/\/www.liceodeourense.com\/2.0\/wp-content\/uploads\/IMG_20180321_210740-768x576.jpg 768w, https:\/\/www.liceodeourense.com\/2.0\/wp-content\/uploads\/IMG_20180321_210740-1024x768.jpg 1024w\" sizes=\"auto, (max-width: 1190px) 100vw, 1190px\" \/><\/a><\/p>\n<h3>Antes de\u00a0 rematar esta cr\u00f3nica queremos deixar constancia do noso agradecemento a todos os que estiveron, ou mandaron a s\u00faa mensaxe (Marif\u00e9 Santiago Bola\u00f1os e o Profesor Xes\u00fas Alonso Montero), pero especial menci\u00f3n para o amigo Manuel Luis Blanco, el foi o verdadeiro art\u00edfice de esta xornada.<\/h3>\n<p><a href=\"http:\/\/www.liceodeourense.com\/2.0\/homenaxe-a-d-eduardo-gonzalez-ananin-un-dia-para-a-memoria-do-liceo\/img-20180322-wa0001\/\" rel=\"attachment wp-att-8293\"><img loading=\"lazy\" decoding=\"async\" class=\"alignright size-full wp-image-8293\" src=\"http:\/\/www.liceodeourense.com\/2.0\/wp-content\/uploads\/IMG-20180322-WA0001.jpg\" alt=\"\" width=\"1599\" height=\"1200\" srcset=\"https:\/\/www.liceodeourense.com\/2.0\/wp-content\/uploads\/IMG-20180322-WA0001.jpg 1599w, https:\/\/www.liceodeourense.com\/2.0\/wp-content\/uploads\/IMG-20180322-WA0001-300x225.jpg 300w, https:\/\/www.liceodeourense.com\/2.0\/wp-content\/uploads\/IMG-20180322-WA0001-768x576.jpg 768w, https:\/\/www.liceodeourense.com\/2.0\/wp-content\/uploads\/IMG-20180322-WA0001-1024x768.jpg 1024w\" sizes=\"auto, (max-width: 1599px) 100vw, 1599px\" \/><\/a><\/p>\n<h3>E as\u00ed acabou a cousa, como non pod\u00eda ser de outro xeito que con un grand\u00edsimo abrazo en forma de aplausos, de ovaci\u00f3n, para o noso homenaxeado EDUARDO GONZ\u00c1LEZ ANAN\u00cdN.<\/h3>\n<p><a href=\"http:\/\/www.liceodeourense.com\/2.0\/homenaxe-a-d-eduardo-gonzalez-ananin-un-dia-para-a-memoria-do-liceo\/img_20180321_200757\/\" rel=\"attachment wp-att-8285\"><img loading=\"lazy\" decoding=\"async\" class=\"alignright size-full wp-image-8285\" src=\"http:\/\/www.liceodeourense.com\/2.0\/wp-content\/uploads\/IMG_20180321_200757.jpg\" alt=\"\" width=\"1190\" height=\"893\" srcset=\"https:\/\/www.liceodeourense.com\/2.0\/wp-content\/uploads\/IMG_20180321_200757.jpg 1190w, https:\/\/www.liceodeourense.com\/2.0\/wp-content\/uploads\/IMG_20180321_200757-300x225.jpg 300w, https:\/\/www.liceodeourense.com\/2.0\/wp-content\/uploads\/IMG_20180321_200757-768x576.jpg 768w, https:\/\/www.liceodeourense.com\/2.0\/wp-content\/uploads\/IMG_20180321_200757-1024x768.jpg 1024w\" sizes=\"auto, (max-width: 1190px) 100vw, 1190px\" \/><\/a> <a href=\"http:\/\/www.liceodeourense.com\/2.0\/homenaxe-a-d-eduardo-gonzalez-ananin-un-dia-para-a-memoria-do-liceo\/img_20180321_200750\/\" rel=\"attachment wp-att-8284\"><img loading=\"lazy\" decoding=\"async\" class=\"alignright size-full wp-image-8284\" src=\"http:\/\/www.liceodeourense.com\/2.0\/wp-content\/uploads\/IMG_20180321_200750.jpg\" alt=\"\" width=\"893\" height=\"1190\" srcset=\"https:\/\/www.liceodeourense.com\/2.0\/wp-content\/uploads\/IMG_20180321_200750.jpg 893w, https:\/\/www.liceodeourense.com\/2.0\/wp-content\/uploads\/IMG_20180321_200750-225x300.jpg 225w, https:\/\/www.liceodeourense.com\/2.0\/wp-content\/uploads\/IMG_20180321_200750-768x1024.jpg 768w\" sizes=\"auto, (max-width: 893px) 100vw, 893px\" \/><\/a><\/p>\n<p>&nbsp;<\/p>\n","protected":false},"excerpt":{"rendered":"<p>Onte foi un deses d\u00edas que se gardan na \u00abmemoria\u00bb do Liceo, coa celebraci\u00f3n do D\u00eda Mundial da Poes\u00eda como escusa dende o Liceo quixemos rendirlle unha sinxela pero emotiva homenaxe a D. Eduardo Gonz\u00e1lez Anan\u00edn.\u00a0 Un acto cargado de emoci\u00f3ns, de m\u00fasica, de palabra, de poes\u00eda, pero sobre todo de amizade, cari\u00f1o e admiraci\u00f3n [&hellip;]<\/p>\n","protected":false},"author":2,"featured_media":0,"comment_status":"open","ping_status":"closed","sticky":false,"template":"","format":"standard","meta":{"footnotes":""},"categories":[6,1],"tags":[],"class_list":["post-8281","post","type-post","status-publish","format-standard","hentry","category-seccion-literatura","category-sin-categoria"],"_links":{"self":[{"href":"https:\/\/www.liceodeourense.com\/2.0\/index.php?rest_route=\/wp\/v2\/posts\/8281","targetHints":{"allow":["GET"]}}],"collection":[{"href":"https:\/\/www.liceodeourense.com\/2.0\/index.php?rest_route=\/wp\/v2\/posts"}],"about":[{"href":"https:\/\/www.liceodeourense.com\/2.0\/index.php?rest_route=\/wp\/v2\/types\/post"}],"author":[{"embeddable":true,"href":"https:\/\/www.liceodeourense.com\/2.0\/index.php?rest_route=\/wp\/v2\/users\/2"}],"replies":[{"embeddable":true,"href":"https:\/\/www.liceodeourense.com\/2.0\/index.php?rest_route=%2Fwp%2Fv2%2Fcomments&post=8281"}],"version-history":[{"count":5,"href":"https:\/\/www.liceodeourense.com\/2.0\/index.php?rest_route=\/wp\/v2\/posts\/8281\/revisions"}],"predecessor-version":[{"id":8301,"href":"https:\/\/www.liceodeourense.com\/2.0\/index.php?rest_route=\/wp\/v2\/posts\/8281\/revisions\/8301"}],"wp:attachment":[{"href":"https:\/\/www.liceodeourense.com\/2.0\/index.php?rest_route=%2Fwp%2Fv2%2Fmedia&parent=8281"}],"wp:term":[{"taxonomy":"category","embeddable":true,"href":"https:\/\/www.liceodeourense.com\/2.0\/index.php?rest_route=%2Fwp%2Fv2%2Fcategories&post=8281"},{"taxonomy":"post_tag","embeddable":true,"href":"https:\/\/www.liceodeourense.com\/2.0\/index.php?rest_route=%2Fwp%2Fv2%2Ftags&post=8281"}],"curies":[{"name":"wp","href":"https:\/\/api.w.org\/{rel}","templated":true}]}}