{"id":8266,"date":"2018-03-19T09:32:46","date_gmt":"2018-03-19T08:32:46","guid":{"rendered":"http:\/\/www.liceodeourense.com\/2.0\/?p=8266"},"modified":"2018-03-19T12:12:34","modified_gmt":"2018-03-19T11:12:34","slug":"multiple-ben-certo-anton-coucheiro-montse-merino","status":"publish","type":"post","link":"https:\/\/www.liceodeourense.com\/2.0\/?p=8266","title":{"rendered":"MULTIPLE &#8230;.. ben certo.. ANT\u00d3N COUCHEIRO &#8211; MONTSE MERINO"},"content":{"rendered":"<h3><a href=\"http:\/\/www.liceodeourense.com\/2.0\/multiple-ben-certo-anton-coucheiro-montse-merino\/img-20180319-wa0004\/\" rel=\"attachment wp-att-8274\"><img loading=\"lazy\" decoding=\"async\" class=\"alignright size-full wp-image-8274\" src=\"http:\/\/www.liceodeourense.com\/2.0\/wp-content\/uploads\/IMG-20180319-WA0004.jpg\" alt=\"\" width=\"1600\" height=\"1200\" srcset=\"https:\/\/www.liceodeourense.com\/2.0\/wp-content\/uploads\/IMG-20180319-WA0004.jpg 1600w, https:\/\/www.liceodeourense.com\/2.0\/wp-content\/uploads\/IMG-20180319-WA0004-300x225.jpg 300w, https:\/\/www.liceodeourense.com\/2.0\/wp-content\/uploads\/IMG-20180319-WA0004-768x576.jpg 768w, https:\/\/www.liceodeourense.com\/2.0\/wp-content\/uploads\/IMG-20180319-WA0004-1024x768.jpg 1024w\" sizes=\"auto, (max-width: 1600px) 100vw, 1600px\" \/><\/a><a href=\"http:\/\/www.liceodeourense.com\/2.0\/multiple-ven-certo-anton-coucheiro-montse-merino\/img_20180318_191325\/\" rel=\"attachment wp-att-8267\"><img loading=\"lazy\" decoding=\"async\" class=\"alignright size-full wp-image-8267\" src=\"http:\/\/www.liceodeourense.com\/2.0\/wp-content\/uploads\/IMG_20180318_191325.jpg\" alt=\"\" width=\"893\" height=\"1190\" srcset=\"https:\/\/www.liceodeourense.com\/2.0\/wp-content\/uploads\/IMG_20180318_191325.jpg 893w, https:\/\/www.liceodeourense.com\/2.0\/wp-content\/uploads\/IMG_20180318_191325-225x300.jpg 225w, https:\/\/www.liceodeourense.com\/2.0\/wp-content\/uploads\/IMG_20180318_191325-768x1024.jpg 768w\" sizes=\"auto, (max-width: 893px) 100vw, 893px\" \/><\/a><\/h3>\n<h3>\u00a0M\u00daLTIPLE \u00e9 un espect\u00e1culo c\u00f3mico de\u00a0<a id=\"LPlnk133544\" class=\"x_x_profileLink\" href=\"https:\/\/www.facebook.com\/CoOoU?fref=mentions\" target=\"_blank\" rel=\"noopener noreferrer\">Ant\u00f3n Coucheiro<\/a>, un solo de impro onde o protagonista se desdobran e dialoga cos seus alter egos. Somos s\u00f3 unha persoa, ou a nosa personalidade est\u00e1 habitada por m\u00faltiples personaxes?<\/h3>\n<h3>A trav\u00e9s dunha terapia de so\u00f1os, e das propostas do p\u00fablico, iranse desfiando as historias improvisadas onde os espectadores descubrir\u00e1n que nun s\u00f3 corpo caben mill\u00f3ns de universos.<\/h3>\n<p><a href=\"http:\/\/www.liceodeourense.com\/2.0\/multiple-ven-certo-anton-coucheiro-montse-merino\/img_20180318_192110\/\" rel=\"attachment wp-att-8268\"><img loading=\"lazy\" decoding=\"async\" class=\"alignright size-full wp-image-8268\" src=\"http:\/\/www.liceodeourense.com\/2.0\/wp-content\/uploads\/IMG_20180318_192110.jpg\" alt=\"\" width=\"893\" height=\"1190\" srcset=\"https:\/\/www.liceodeourense.com\/2.0\/wp-content\/uploads\/IMG_20180318_192110.jpg 893w, https:\/\/www.liceodeourense.com\/2.0\/wp-content\/uploads\/IMG_20180318_192110-225x300.jpg 225w, https:\/\/www.liceodeourense.com\/2.0\/wp-content\/uploads\/IMG_20180318_192110-768x1024.jpg 768w\" sizes=\"auto, (max-width: 893px) 100vw, 893px\" \/><\/a><\/p>\n<h3>As\u00ed nos fixo pensar, disfrutar e reir Ant\u00f3n Coucheiro coa incre\u00edble compa\u00f1a de Montse Merino, onte no Liceo.<\/h3>\n<p><a href=\"http:\/\/www.liceodeourense.com\/2.0\/multiple-ben-certo-anton-coucheiro-montse-merino\/img-20180319-wa0005\/\" rel=\"attachment wp-att-8275\"><img loading=\"lazy\" decoding=\"async\" class=\"alignright size-full wp-image-8275\" src=\"http:\/\/www.liceodeourense.com\/2.0\/wp-content\/uploads\/IMG-20180319-WA0005.jpg\" alt=\"\" width=\"1024\" height=\"768\" srcset=\"https:\/\/www.liceodeourense.com\/2.0\/wp-content\/uploads\/IMG-20180319-WA0005.jpg 1024w, https:\/\/www.liceodeourense.com\/2.0\/wp-content\/uploads\/IMG-20180319-WA0005-300x225.jpg 300w, https:\/\/www.liceodeourense.com\/2.0\/wp-content\/uploads\/IMG-20180319-WA0005-768x576.jpg 768w\" sizes=\"auto, (max-width: 1024px) 100vw, 1024px\" \/><\/a><\/p>\n<h3>Un espect\u00e1culo c\u00f3mico, participativo, improvisado e con m\u00fasica en directo, que foi creado en Bogot\u00e1 en xu\u00f1o do 2015 no marco do festival TIMBO, e participou noutros festivais como o FIOT de Carballo 2015, Chaskij Per\u00fa 2015, Enimpro Costa Rica 2016, etc.<\/h3>\n<h3>Idea orixinal, interpretaci\u00f3n e direcci\u00f3n:\u00a0<a id=\"LPlnk154509\" class=\"x_x_profileLink\" href=\"https:\/\/www.facebook.com\/CoOoU?fref=mentions\" target=\"_blank\" rel=\"noopener noreferrer\">Ant\u00f3n Coucheiro<\/a><br \/>\nPiano:\u00a0<a id=\"LPlnk135245\" class=\"x_x_profileLink\" href=\"https:\/\/www.facebook.com\/montserratlopezmerino?fref=mentions\" target=\"_blank\" rel=\"noopener noreferrer\">Montse Merino<\/a><\/h3>\n<p><a href=\"http:\/\/www.liceodeourense.com\/2.0\/pagina-ejemplo\/multiple\/\" rel=\"attachment wp-att-8133\"><img loading=\"lazy\" decoding=\"async\" class=\"alignright size-full wp-image-8133\" src=\"http:\/\/www.liceodeourense.com\/2.0\/wp-content\/uploads\/MULTIPLE.jpg\" alt=\"\" width=\"1240\" height=\"1754\" srcset=\"https:\/\/www.liceodeourense.com\/2.0\/wp-content\/uploads\/MULTIPLE.jpg 1240w, https:\/\/www.liceodeourense.com\/2.0\/wp-content\/uploads\/MULTIPLE-212x300.jpg 212w, https:\/\/www.liceodeourense.com\/2.0\/wp-content\/uploads\/MULTIPLE-768x1086.jpg 768w, https:\/\/www.liceodeourense.com\/2.0\/wp-content\/uploads\/MULTIPLE-724x1024.jpg 724w\" sizes=\"auto, (max-width: 1240px) 100vw, 1240px\" \/><\/a><\/p>\n<h3><\/h3>\n","protected":false},"excerpt":{"rendered":"<p>\u00a0M\u00daLTIPLE \u00e9 un espect\u00e1culo c\u00f3mico de\u00a0Ant\u00f3n Coucheiro, un solo de impro onde o protagonista se desdobran e dialoga cos seus alter egos. Somos s\u00f3 unha persoa, ou a nosa personalidade est\u00e1 habitada por m\u00faltiples personaxes? A trav\u00e9s dunha terapia de so\u00f1os, e das propostas do p\u00fablico, iranse desfiando as historias improvisadas onde os espectadores descubrir\u00e1n [&hellip;]<\/p>\n","protected":false},"author":2,"featured_media":0,"comment_status":"open","ping_status":"closed","sticky":false,"template":"","format":"standard","meta":{"footnotes":""},"categories":[19],"tags":[],"class_list":["post-8266","post","type-post","status-publish","format-standard","hentry","category-monologos"],"_links":{"self":[{"href":"https:\/\/www.liceodeourense.com\/2.0\/index.php?rest_route=\/wp\/v2\/posts\/8266","targetHints":{"allow":["GET"]}}],"collection":[{"href":"https:\/\/www.liceodeourense.com\/2.0\/index.php?rest_route=\/wp\/v2\/posts"}],"about":[{"href":"https:\/\/www.liceodeourense.com\/2.0\/index.php?rest_route=\/wp\/v2\/types\/post"}],"author":[{"embeddable":true,"href":"https:\/\/www.liceodeourense.com\/2.0\/index.php?rest_route=\/wp\/v2\/users\/2"}],"replies":[{"embeddable":true,"href":"https:\/\/www.liceodeourense.com\/2.0\/index.php?rest_route=%2Fwp%2Fv2%2Fcomments&post=8266"}],"version-history":[{"count":5,"href":"https:\/\/www.liceodeourense.com\/2.0\/index.php?rest_route=\/wp\/v2\/posts\/8266\/revisions"}],"predecessor-version":[{"id":8277,"href":"https:\/\/www.liceodeourense.com\/2.0\/index.php?rest_route=\/wp\/v2\/posts\/8266\/revisions\/8277"}],"wp:attachment":[{"href":"https:\/\/www.liceodeourense.com\/2.0\/index.php?rest_route=%2Fwp%2Fv2%2Fmedia&parent=8266"}],"wp:term":[{"taxonomy":"category","embeddable":true,"href":"https:\/\/www.liceodeourense.com\/2.0\/index.php?rest_route=%2Fwp%2Fv2%2Fcategories&post=8266"},{"taxonomy":"post_tag","embeddable":true,"href":"https:\/\/www.liceodeourense.com\/2.0\/index.php?rest_route=%2Fwp%2Fv2%2Ftags&post=8266"}],"curies":[{"name":"wp","href":"https:\/\/api.w.org\/{rel}","templated":true}]}}