{"id":8155,"date":"2018-02-27T22:29:54","date_gmt":"2018-02-27T21:29:54","guid":{"rendered":"http:\/\/www.liceodeourense.com\/2.0\/?p=8155"},"modified":"2018-02-28T09:41:13","modified_gmt":"2018-02-28T08:41:13","slug":"javier-casares-reelegido-presidente-del-liceo-en-la-asamblea-ordinaria-de-socios","status":"publish","type":"post","link":"https:\/\/www.liceodeourense.com\/2.0\/?p=8155","title":{"rendered":"JAVIER CASARES REELEGIDO PRESIDENTE DEL LICEO EN LA ASAMBLEA ORDINARIA DE SOCIOS"},"content":{"rendered":"<h3><strong>JAVIER CASARES MOURI\u00d1O fue REELEGIDO PRESIDENTE de EL LICEO en la ASAMBLEA GENERAL ORDINARIA DE SOCIOS celebrada en la tarde de hoy.<\/strong><\/h3>\n<h3><strong><a href=\"http:\/\/www.liceodeourense.com\/2.0\/javier-casares-reelegido-presidente-del-liceo-en-la-asamblea-ordinaria-de-socios\/asamblea-febrero-2018-1\/\" rel=\"attachment wp-att-8156\"><img loading=\"lazy\" decoding=\"async\" class=\"alignright size-full wp-image-8156\" src=\"http:\/\/www.liceodeourense.com\/2.0\/wp-content\/uploads\/ASAMBLEA-FEBRERO-2018-1.jpg\" alt=\"\" width=\"1190\" height=\"893\" srcset=\"https:\/\/www.liceodeourense.com\/2.0\/wp-content\/uploads\/ASAMBLEA-FEBRERO-2018-1.jpg 1190w, https:\/\/www.liceodeourense.com\/2.0\/wp-content\/uploads\/ASAMBLEA-FEBRERO-2018-1-300x225.jpg 300w, https:\/\/www.liceodeourense.com\/2.0\/wp-content\/uploads\/ASAMBLEA-FEBRERO-2018-1-768x576.jpg 768w, https:\/\/www.liceodeourense.com\/2.0\/wp-content\/uploads\/ASAMBLEA-FEBRERO-2018-1-1024x768.jpg 1024w\" sizes=\"auto, (max-width: 1190px) 100vw, 1190px\" \/><\/a><\/strong><\/h3>\n<h4><\/h4>\n<h3><strong><a href=\"http:\/\/www.liceodeourense.com\/2.0\/javier-casares-reelegido-presidente-del-liceo-en-la-asamblea-ordinaria-de-socios\/asamblea-febrero-2018-2\/\" rel=\"attachment wp-att-8157\"><img loading=\"lazy\" decoding=\"async\" class=\"alignright size-full wp-image-8157\" src=\"http:\/\/www.liceodeourense.com\/2.0\/wp-content\/uploads\/ASAMBLEA-FEBRERO-2018-2.jpg\" alt=\"\" width=\"1190\" height=\"893\" srcset=\"https:\/\/www.liceodeourense.com\/2.0\/wp-content\/uploads\/ASAMBLEA-FEBRERO-2018-2.jpg 1190w, https:\/\/www.liceodeourense.com\/2.0\/wp-content\/uploads\/ASAMBLEA-FEBRERO-2018-2-300x225.jpg 300w, https:\/\/www.liceodeourense.com\/2.0\/wp-content\/uploads\/ASAMBLEA-FEBRERO-2018-2-768x576.jpg 768w, https:\/\/www.liceodeourense.com\/2.0\/wp-content\/uploads\/ASAMBLEA-FEBRERO-2018-2-1024x768.jpg 1024w\" sizes=\"auto, (max-width: 1190px) 100vw, 1190px\" \/><\/a><\/strong><\/h3>\n<h3><strong>\u00a0<\/strong><strong><span style=\"font-size: large;\">Presidente hizo balance de los \u00faltimos cuatro a\u00f1os de gesti\u00f3n de la Junta Directiva manifestando que \u00abcuando tomamos posesi\u00f3n para dirigir esta entidad, nos marcamos unas l\u00edneas de actuaci\u00f3n que, en lo fundamental, considero fuimos cumpliendo:\u00a0<\/span><\/strong><strong><span style=\"font-size: large;\">Como no pod\u00eda ser de otra manera, continuamos d\u00e1ndole presencia al Liceo, como se viene haciendo desde su fundaci\u00f3n, en 1.850, en la vida cultural y social de la ciudad. Desde siempre, muchos de los m\u00e1s importantes eventos culturales y sociales de Ourense, se desarrollaron y se siguen desarrollando en nuestra casa. Valga, a modo de ejemplo, que en el a\u00f1o 2.017 se llevaron a cabo, aqu\u00ed, 378 actos de todo tipo.<\/span><\/strong><\/h3>\n<h4 align=\"JUSTIFY\"><strong><span style=\"font-size: large;\">Un reto que debe asumir cualquier Junta Directiva de esta sociedad, es preservar una historia de 168 a\u00f1os de vida, que hizo del Liceo un referente cultural y social de Ourense, y que est\u00e1 siempre presente en los acontecimientos m\u00e1s importantes de la ciudad.<\/span><\/strong><\/h4>\n<h4 align=\"JUSTIFY\"><strong><span style=\"font-size: large;\">Estando satisfechos, en este sentido, y siendo conscientes del prestigio que a lo largo de todos estos a\u00f1os fue ganando el Liceo; sin embargo, no podemos ocultar, que hay una cuesti\u00f3n que consideramos prioritaria desde el inicio de nuestra tarea: conseguir gestionar adecuadamente su saneamiento econ\u00f3mico. No olvidemos, que sociedades similares a \u00e9sta, tanto en Ourense como fuera de Ourense, se vieron obligadas a cerrar sus puertas, por insuperables problemas financieros. Como se ver\u00e1, posteriormente, en la exposici\u00f3n de la memoria econ\u00f3mica; en este aspecto, consideramos que podemos respirar con cierta tranquilidad, aunque sin bajar, lo m\u00e1s m\u00ednimo, la guardia. Desde un principio, se llev\u00f3 a cabo un riguroso estudio que nos permiti\u00f3 explorar aquellos cap\u00edtulos, en los que fuese posible ser sometidos a un proceso de ahorro. Se dise\u00f1\u00f3, por tanto, un PLAN DE AHORRO, que una vez acometido, pudimos ver, que iba dando, en lo fundamental, los frutos esperados. Con el fin de reducir gastos; comenzamos por revisar aquellas \u00e1reas m\u00e1s problem\u00e1ticas, como era el contrato que se manten\u00eda con la empresa que gestionaba la limpieza del edificio, que supon\u00eda un extraordinario gasto de tres mil euros al mes. Nos pusimos en contacto con dicha empresa, saldamos los atrasos que se le deb\u00edan, y firmamos un nuevo contrato con distintas caracter\u00edsticas, consiguiendo rebajar los costes a 800 euros al mes. Para poder llevar adelante, esta operaci\u00f3n, contamos con la desinteresada colaboraci\u00f3n del personal de esta casa, que asumi\u00f3 las tareas de limpieza de distintas dependencias, a excepci\u00f3n de los ba\u00f1os que fue asumido por la empresa contratada. Esta operaci\u00f3n, supuso un ahorro mensual de 1.200 euros.<\/span><\/strong><\/h4>\n<h4 align=\"JUSTIFY\"><strong><span style=\"font-size: large;\">Por otra parte, se actu\u00f3 sobre otro cap\u00edtulo, que supon\u00eda un importante gasto mensual, como es el del consumo el\u00e9ctrico. En este sentido, y previo estudio, se sustituyeron las l\u00e1mparas tradicionales, por otras de bajo consumo; lo que supuso un ahorro aproximado de un 40% del gasto en electricidad.<\/span><\/strong><\/h4>\n<h4 align=\"JUSTIFY\"><strong><span style=\"font-size: large;\">Se produjo, as\u00ed mismo, una reducci\u00f3n de personal, ya que tres miembros de la plantilla causaron baja voluntariamente, sin que sus vacantes fuese necesario cubrirlas; con el consiguiente ahorro que ello supone. Aqu\u00ed procede, agradecer, nuevamente, al personal, su disposici\u00f3n en colaborar, asumiendo un mayor n\u00famero de tareas, debido a las bajas producidas.<\/span><\/strong><\/h4>\n<h4 align=\"JUSTIFY\"><strong><span style=\"font-size: large;\">Con este plan que se llev\u00f3 a cabo; en este per\u00edodo de cuatro a\u00f1os, se ahorraron 82.000 euros, lo que viene a representar un ahorro de un 25% del presupuesto del a\u00f1o 2.013.<\/span><\/strong><\/h4>\n<h4 align=\"JUSTIFY\"><strong><span style=\"font-size: large;\">Si fue importante llevar adelante un plan que permitiese un exhaustivo control del gasto, para poder disponer de un presupuesto equilibrado; fue, tambi\u00e9n, necesario contar con unos ingresos que nos permitiesen mantener dicho equilibrio. Si tenemos en cuenta, que se cumpli\u00f3 con la promesa de no incrementar las cuotas de los socios, y dado que la masa social viene disminuyendo a\u00f1o tras a\u00f1o, y aunque en estos \u00faltimos a\u00f1os la p\u00e9rdida compensada fue de 30 socios\/a\u00f1o, (ven\u00edamos de una p\u00e9rdida de 100 socios\/a\u00f1o, en a\u00f1os anteriores); es f\u00e1cil entender la necesidad de buscar nuevas fuentes de ingresos. En este aspecto, se realizaron una serie de actuaciones, como fue la puesta en alquiler de determinadas dependencias del edificio, como son el local que en su tiempo ocupaba la mercer\u00eda \u201cEl Primor\u201d, y que hoy alberga una tienda de \u201cchucher\u00edas\u201d; el alquiler de la antigua Farmacia que se ocupar\u00e1, con toda probalidad, por un establecimiento de hosteler\u00eda: concretamente, helader\u00eda y chocolater\u00eda; y la concesi\u00f3n del local que ocupar\u00e1 el Restaurante \u201c\u00c1gape Liceo\u201d, de pr\u00f3xima apertura, que est\u00e1 levantando importantes expectativas en la ciudad, y en el que los socios tendr\u00e1n un descuento de un 10% en los precios de la carta.<\/span><\/strong><\/h4>\n<h4 align=\"JUSTIFY\"><strong><span style=\"font-size: large;\">Una importante fuente de ingresos, es la que se viene produciendo en el cap\u00edtulo de hosteler\u00eda, que les permite a los socios, contar con los salones del Liceo para celebraciones familiares; y la realizaci\u00f3n de banquetes contratados por distintas instituciones, que dejan un porcentaje, nada desde\u00f1able, en los ingresos de la sociedad.<\/span><\/strong><\/h4>\n<h4 align=\"JUSTIFY\"><strong><span style=\"font-size: large;\">Hay que resaltar, en este apartado, los ingresos provenientes de convenios firmados con las Instituciones. Tenemos que agradecer y destacar, las aportaciones provenientes de la Diputaci\u00f3n Provincial y del Ayuntamiento de la Ciudad. <\/span><\/strong><\/h4>\n<h4 align=\"JUSTIFY\"><strong><span style=\"font-size: large;\">A lo largo de este per\u00edodo de cuatro a\u00f1os, se han firmado una serie de convenios con Entidades de la ciudad y provincia, que nos permiten mantener una significativa presencia para dar a conocer el Liceo, colaborar en cuestiones importantes para la ciudad, y tratar de captar socios. Entre las sociedades con las que se mantiene una estrecha colaboraci\u00f3n, se encuentran: Colegio Oficial de Arquitectos de Galicia, Asociaci\u00f3n de J\u00f3venes Empresarios, Ilustre Colegio Oficial de M\u00e9dicos, Asociaci\u00f3n de Propietarios de Fincas Urbanas, Colegio de Economistas, Confederaci\u00f3n Empresarial de Ourense, C\u00e1mara de Comercio, Asociaci\u00f3n Provincial de Libreiros de Ourense, Federaci\u00f3n de Librer\u00edas de Galicia, Colegio de Abogados, Colegio Oficial de Farmac\u00e9uticos y Asociaci\u00f3n de Empresarios del Pol\u00edgono de San Cibrao.<\/span><\/strong><\/h4>\n<h4 align=\"JUSTIFY\"><strong><span style=\"font-size: large;\">Dado que nuestra sede es un edificio emblem\u00e1tico, un Palacio Renacentista del siglo XVI, catalogado como Bien de Inter\u00e9s Cultural; es necesario mantenerlo en las mejores condiciones posibles de conservaci\u00f3n, para lo cual es preciso realizar todas aquellas reparaciones que eviten su progresivo deterior. Para ello, se han llevado a cabo, una serie de obras consistentes en la pintura, restauraci\u00f3n de las vigas que dan al patio de columnas y pulido del parqu\u00e9 de la segunda planta; tratamiento y reposici\u00f3n de algunas ventanas que estaban deterioradas; limpieza de la claraboya, y pulido del suelo del patio de columnas y salones adjuntos. Se han sustituido una serie de sof\u00e1s que estaban, francamente deteriorados, por otros nuevos, y se realizaron peque\u00f1as actuaciones que iban surgiendo en lo cotidiano.<\/span><\/strong><\/h4>\n<h4 align=\"JUSTIFY\"><strong><span style=\"font-size: large;\">Somos conscientes de que, en este sentido, son a\u00fan muchas las obras y reparaciones que quedan por realizar; como es la necesaria adecuaci\u00f3n de los aseos, que esperamos sea una actuaci\u00f3n prioritaria de la nueva Junta Directiva que surja de esta Asamblea.<\/span><\/strong><\/h4>\n<h4 align=\"JUSTIFY\"><strong><span style=\"font-size: large;\">Hay un objetivo que, tambi\u00e9n, nos marcamos y no pudimos cumplir al 100%: se trata de la captaci\u00f3n de un n\u00famero suficiente de socios, que permita que las bajas que se van produciendo por distintos motivos, sean compensadas con las altas que permitan contar con una masa social suficiente para el mantenimiento del Liceo. Si, como dec\u00edamos ateriormente, part\u00edamos con un n\u00famero de bajas anuales en torno a 100 por a\u00f1o, y en los \u00faltimos a\u00f1os se redujeron a 30 por a\u00f1o; este dato no nos debe hacer bajar la guardia, y creemos, que la pr\u00f3xima Junta Directiva debe hacer un esfuerzo en la captaci\u00f3n de nuevos socios y tratar de recuperar el n\u00famero mayor posible de aquellos que en su d\u00eda, por distintos motivos, se dieron de baja. Esta es, sin duda, una tarea en la que es imprescindible, deben estar implicados todos los lice\u00edstas.<\/span><\/strong><\/h4>\n<h4 align=\"JUSTIFY\"><strong><span style=\"font-size: large;\">Llegados a este punto, tenemos que mostrar nuestra satisfacci\u00f3n por contar en nuestra Sociedad, con una extraordinaria Coral, que bajo la batuta de D\u00f1a. Yolanda Grela Betoret, nos proporciona unas extraordinarias veladas musicales, adem\u00e1s de ejercer como inestimable embaja de todas aquellas actuaciones que se realizan fuera del Liceo.<\/span><\/strong><\/h4>\n<h4 align=\"JUSTIFY\"><strong><span style=\"font-size: large;\">Tenemos que estar, as\u00ed mismo, satisfechos de contar con un equipo de Ajedrez, que est\u00e1 participando en torneos de \u00e1mbito regional, que nos tiene dado un buen n\u00famero de satisfacciones. Dirigido por el miembro de la directiva, Joaqu\u00edn Bello y contando con el inestimable apoyo de la Academia Postal, dispone de una Escuela, orientada a estimular a los m\u00e1s peque\u00f1os en esta disciplina.<\/span><\/strong><\/h4>\n<h4 align=\"JUSTIFY\"><strong><span style=\"font-size: large;\">Es de destacar la colaboraci\u00f3n que el Liceo mantiene con la Sociedad Filat\u00e9lica, Numism\u00e1tica y Vitof\u00edlica \u201cMi\u00f1o\u201d, al igual que la que mantiene con la Asociaci\u00f3n \u201cOs Cogordos\u201d, que realizan sus Exposiciones anuales en nuestras dependencias y que tienen un significado seguimiento por parte de los ciudadanos ourensanos.<\/span><\/strong><\/h4>\n<h4 align=\"JUSTIFY\"><strong><span style=\"font-size: large;\">No puedo terminar esta exposici\u00f3n, sin agradecer, nuevamente, la dedicaci\u00f3n, colaboraci\u00f3n, implicaci\u00f3n y buen hacer de los empleados de esta sociedad, que son un puntal importante en la marcha, en el d\u00eda a d\u00eda de esta casa. As\u00ed como agradecer la entrega y lealtad que en todo momento me mostr\u00f3 el Gerente Jos\u00e9 Luis Troiti\u00f1a.<\/span><\/strong><\/h4>\n<h4 align=\"JUSTIFY\"><strong><span style=\"font-size: large;\">Agradecer su presencia, y desearle una larga vida al Liceo de Ourense.\u00a0<\/span><\/strong><strong><span style=\"font-size: large;\">\u00ab<\/span><\/strong><\/h4>\n","protected":false},"excerpt":{"rendered":"<p>JAVIER CASARES MOURI\u00d1O fue REELEGIDO PRESIDENTE de EL LICEO en la ASAMBLEA GENERAL ORDINARIA DE SOCIOS celebrada en la tarde de hoy. \u00a0Presidente hizo balance de los \u00faltimos cuatro a\u00f1os de gesti\u00f3n de la Junta Directiva manifestando que \u00abcuando tomamos posesi\u00f3n para dirigir esta entidad, nos marcamos unas l\u00edneas de actuaci\u00f3n que, en lo fundamental, [&hellip;]<\/p>\n","protected":false},"author":2,"featured_media":0,"comment_status":"open","ping_status":"closed","sticky":false,"template":"","format":"standard","meta":{"footnotes":""},"categories":[4],"tags":[],"class_list":["post-8155","post","type-post","status-publish","format-standard","hentry","category-liceo"],"_links":{"self":[{"href":"https:\/\/www.liceodeourense.com\/2.0\/index.php?rest_route=\/wp\/v2\/posts\/8155","targetHints":{"allow":["GET"]}}],"collection":[{"href":"https:\/\/www.liceodeourense.com\/2.0\/index.php?rest_route=\/wp\/v2\/posts"}],"about":[{"href":"https:\/\/www.liceodeourense.com\/2.0\/index.php?rest_route=\/wp\/v2\/types\/post"}],"author":[{"embeddable":true,"href":"https:\/\/www.liceodeourense.com\/2.0\/index.php?rest_route=\/wp\/v2\/users\/2"}],"replies":[{"embeddable":true,"href":"https:\/\/www.liceodeourense.com\/2.0\/index.php?rest_route=%2Fwp%2Fv2%2Fcomments&post=8155"}],"version-history":[{"count":2,"href":"https:\/\/www.liceodeourense.com\/2.0\/index.php?rest_route=\/wp\/v2\/posts\/8155\/revisions"}],"predecessor-version":[{"id":8159,"href":"https:\/\/www.liceodeourense.com\/2.0\/index.php?rest_route=\/wp\/v2\/posts\/8155\/revisions\/8159"}],"wp:attachment":[{"href":"https:\/\/www.liceodeourense.com\/2.0\/index.php?rest_route=%2Fwp%2Fv2%2Fmedia&parent=8155"}],"wp:term":[{"taxonomy":"category","embeddable":true,"href":"https:\/\/www.liceodeourense.com\/2.0\/index.php?rest_route=%2Fwp%2Fv2%2Fcategories&post=8155"},{"taxonomy":"post_tag","embeddable":true,"href":"https:\/\/www.liceodeourense.com\/2.0\/index.php?rest_route=%2Fwp%2Fv2%2Ftags&post=8155"}],"curies":[{"name":"wp","href":"https:\/\/api.w.org\/{rel}","templated":true}]}}