{"id":7824,"date":"2017-12-30T10:59:11","date_gmt":"2017-12-30T09:59:11","guid":{"rendered":"http:\/\/www.liceodeourense.com\/2.0\/?p=7824"},"modified":"2018-01-02T11:03:19","modified_gmt":"2018-01-02T10:03:19","slug":"etiqueta-negra-pecha-o-ano-de-concertos-no-liceo-de-etiqueta","status":"publish","type":"post","link":"https:\/\/www.liceodeourense.com\/2.0\/?p=7824","title":{"rendered":"ETIQUETA NEGRA&#8230; PECHA O ANO DE CONCERTOS NO LICEO&#8230; DE ETIQUETA&#8230;.."},"content":{"rendered":"<h3><a href=\"http:\/\/www.liceodeourense.com\/2.0\/etiqueta-negra-pecha-o-ano-de-concertos-no-liceo-de-etiqueta\/img_20171229_235237\/\" rel=\"attachment wp-att-7833\"><img loading=\"lazy\" decoding=\"async\" class=\"alignright size-full wp-image-7833\" src=\"http:\/\/www.liceodeourense.com\/2.0\/wp-content\/uploads\/IMG_20171229_235237.jpg\" alt=\"\" width=\"1190\" height=\"893\" srcset=\"https:\/\/www.liceodeourense.com\/2.0\/wp-content\/uploads\/IMG_20171229_235237.jpg 1190w, https:\/\/www.liceodeourense.com\/2.0\/wp-content\/uploads\/IMG_20171229_235237-300x225.jpg 300w, https:\/\/www.liceodeourense.com\/2.0\/wp-content\/uploads\/IMG_20171229_235237-768x576.jpg 768w, https:\/\/www.liceodeourense.com\/2.0\/wp-content\/uploads\/IMG_20171229_235237-1024x768.jpg 1024w\" sizes=\"auto, (max-width: 1190px) 100vw, 1190px\" \/><\/a><\/h3>\n<h3>Que maneira m\u00e1is boa de rematar o ano, da m\u00e1n dos nosos amigos de ETIQUETA NEGRA, con outra noite de ESCANDALO, disfrutarmos da m\u00fasica, dos amigos, da felicidade, e do Patio de Columnas do Liceo, xa non sabemos como darllles as gracias a estes xenios. Asi que GRACIAS &#8212; ALEJANDRO, CARLOS, LITO E ALVARO&#8230; e tam\u00e9n gracias a todos os que nos acompa\u00f1astedes, o vindiero ano m\u00e1is&#8230;.<\/h3>\n<p><a href=\"http:\/\/www.liceodeourense.com\/2.0\/etiqueta-negra-pecha-o-ano-de-concertos-no-liceo-de-etiqueta\/img_20171230_002007\/\" rel=\"attachment wp-att-7836\"><img loading=\"lazy\" decoding=\"async\" class=\"alignright size-full wp-image-7836\" src=\"http:\/\/www.liceodeourense.com\/2.0\/wp-content\/uploads\/IMG_20171230_002007.jpg\" alt=\"\" width=\"893\" height=\"1190\" srcset=\"https:\/\/www.liceodeourense.com\/2.0\/wp-content\/uploads\/IMG_20171230_002007.jpg 893w, https:\/\/www.liceodeourense.com\/2.0\/wp-content\/uploads\/IMG_20171230_002007-225x300.jpg 225w, https:\/\/www.liceodeourense.com\/2.0\/wp-content\/uploads\/IMG_20171230_002007-768x1024.jpg 768w\" sizes=\"auto, (max-width: 893px) 100vw, 893px\" \/><\/a> <a href=\"http:\/\/www.liceodeourense.com\/2.0\/etiqueta-negra-pecha-o-ano-de-concertos-no-liceo-de-etiqueta\/img_20171229_235255\/\" rel=\"attachment wp-att-7835\"><img loading=\"lazy\" decoding=\"async\" class=\"alignright size-full wp-image-7835\" src=\"http:\/\/www.liceodeourense.com\/2.0\/wp-content\/uploads\/IMG_20171229_235255.jpg\" alt=\"\" width=\"1190\" height=\"893\" srcset=\"https:\/\/www.liceodeourense.com\/2.0\/wp-content\/uploads\/IMG_20171229_235255.jpg 1190w, https:\/\/www.liceodeourense.com\/2.0\/wp-content\/uploads\/IMG_20171229_235255-300x225.jpg 300w, https:\/\/www.liceodeourense.com\/2.0\/wp-content\/uploads\/IMG_20171229_235255-768x576.jpg 768w, https:\/\/www.liceodeourense.com\/2.0\/wp-content\/uploads\/IMG_20171229_235255-1024x768.jpg 1024w\" sizes=\"auto, (max-width: 1190px) 100vw, 1190px\" \/><\/a> <a href=\"http:\/\/www.liceodeourense.com\/2.0\/etiqueta-negra-pecha-o-ano-de-concertos-no-liceo-de-etiqueta\/img_20171229_235243\/\" rel=\"attachment wp-att-7834\"><img loading=\"lazy\" decoding=\"async\" class=\"alignright size-full wp-image-7834\" src=\"http:\/\/www.liceodeourense.com\/2.0\/wp-content\/uploads\/IMG_20171229_235243.jpg\" alt=\"\" width=\"893\" height=\"1190\" srcset=\"https:\/\/www.liceodeourense.com\/2.0\/wp-content\/uploads\/IMG_20171229_235243.jpg 893w, https:\/\/www.liceodeourense.com\/2.0\/wp-content\/uploads\/IMG_20171229_235243-225x300.jpg 225w, https:\/\/www.liceodeourense.com\/2.0\/wp-content\/uploads\/IMG_20171229_235243-768x1024.jpg 768w\" sizes=\"auto, (max-width: 893px) 100vw, 893px\" \/><\/a> <a href=\"http:\/\/www.liceodeourense.com\/2.0\/etiqueta-negra-pecha-o-ano-de-concertos-no-liceo-de-etiqueta\/img_20171229_235155\/\" rel=\"attachment wp-att-7832\"><img loading=\"lazy\" decoding=\"async\" class=\"alignright size-full wp-image-7832\" src=\"http:\/\/www.liceodeourense.com\/2.0\/wp-content\/uploads\/IMG_20171229_235155.jpg\" alt=\"\" width=\"1190\" height=\"893\" srcset=\"https:\/\/www.liceodeourense.com\/2.0\/wp-content\/uploads\/IMG_20171229_235155.jpg 1190w, https:\/\/www.liceodeourense.com\/2.0\/wp-content\/uploads\/IMG_20171229_235155-300x225.jpg 300w, https:\/\/www.liceodeourense.com\/2.0\/wp-content\/uploads\/IMG_20171229_235155-768x576.jpg 768w, https:\/\/www.liceodeourense.com\/2.0\/wp-content\/uploads\/IMG_20171229_235155-1024x768.jpg 1024w\" sizes=\"auto, (max-width: 1190px) 100vw, 1190px\" \/><\/a> <a href=\"http:\/\/www.liceodeourense.com\/2.0\/etiqueta-negra-pecha-o-ano-de-concertos-no-liceo-de-etiqueta\/img_20171229_235151\/\" rel=\"attachment wp-att-7831\"><img loading=\"lazy\" decoding=\"async\" class=\"alignright size-full wp-image-7831\" src=\"http:\/\/www.liceodeourense.com\/2.0\/wp-content\/uploads\/IMG_20171229_235151.jpg\" alt=\"\" width=\"1190\" height=\"893\" srcset=\"https:\/\/www.liceodeourense.com\/2.0\/wp-content\/uploads\/IMG_20171229_235151.jpg 1190w, https:\/\/www.liceodeourense.com\/2.0\/wp-content\/uploads\/IMG_20171229_235151-300x225.jpg 300w, https:\/\/www.liceodeourense.com\/2.0\/wp-content\/uploads\/IMG_20171229_235151-768x576.jpg 768w, https:\/\/www.liceodeourense.com\/2.0\/wp-content\/uploads\/IMG_20171229_235151-1024x768.jpg 1024w\" sizes=\"auto, (max-width: 1190px) 100vw, 1190px\" \/><\/a> <a href=\"http:\/\/www.liceodeourense.com\/2.0\/etiqueta-negra-pecha-o-ano-de-concertos-no-liceo-de-etiqueta\/img_20171229_232843\/\" rel=\"attachment wp-att-7830\"><img loading=\"lazy\" decoding=\"async\" class=\"alignright size-full wp-image-7830\" src=\"http:\/\/www.liceodeourense.com\/2.0\/wp-content\/uploads\/IMG_20171229_232843.jpg\" alt=\"\" width=\"893\" height=\"1190\" srcset=\"https:\/\/www.liceodeourense.com\/2.0\/wp-content\/uploads\/IMG_20171229_232843.jpg 893w, https:\/\/www.liceodeourense.com\/2.0\/wp-content\/uploads\/IMG_20171229_232843-225x300.jpg 225w, https:\/\/www.liceodeourense.com\/2.0\/wp-content\/uploads\/IMG_20171229_232843-768x1024.jpg 768w\" sizes=\"auto, (max-width: 893px) 100vw, 893px\" \/><\/a> <a href=\"http:\/\/www.liceodeourense.com\/2.0\/etiqueta-negra-pecha-o-ano-de-concertos-no-liceo-de-etiqueta\/img_20171229_232826\/\" rel=\"attachment wp-att-7829\"><img loading=\"lazy\" decoding=\"async\" class=\"alignright size-full wp-image-7829\" src=\"http:\/\/www.liceodeourense.com\/2.0\/wp-content\/uploads\/IMG_20171229_232826.jpg\" alt=\"\" width=\"1190\" height=\"893\" srcset=\"https:\/\/www.liceodeourense.com\/2.0\/wp-content\/uploads\/IMG_20171229_232826.jpg 1190w, https:\/\/www.liceodeourense.com\/2.0\/wp-content\/uploads\/IMG_20171229_232826-300x225.jpg 300w, https:\/\/www.liceodeourense.com\/2.0\/wp-content\/uploads\/IMG_20171229_232826-768x576.jpg 768w, https:\/\/www.liceodeourense.com\/2.0\/wp-content\/uploads\/IMG_20171229_232826-1024x768.jpg 1024w\" sizes=\"auto, (max-width: 1190px) 100vw, 1190px\" \/><\/a> <a href=\"http:\/\/www.liceodeourense.com\/2.0\/etiqueta-negra-pecha-o-ano-de-concertos-no-liceo-de-etiqueta\/img_20171229_232740\/\" rel=\"attachment wp-att-7828\"><img loading=\"lazy\" decoding=\"async\" class=\"alignright size-full wp-image-7828\" src=\"http:\/\/www.liceodeourense.com\/2.0\/wp-content\/uploads\/IMG_20171229_232740.jpg\" alt=\"\" width=\"1190\" height=\"893\" srcset=\"https:\/\/www.liceodeourense.com\/2.0\/wp-content\/uploads\/IMG_20171229_232740.jpg 1190w, https:\/\/www.liceodeourense.com\/2.0\/wp-content\/uploads\/IMG_20171229_232740-300x225.jpg 300w, https:\/\/www.liceodeourense.com\/2.0\/wp-content\/uploads\/IMG_20171229_232740-768x576.jpg 768w, https:\/\/www.liceodeourense.com\/2.0\/wp-content\/uploads\/IMG_20171229_232740-1024x768.jpg 1024w\" sizes=\"auto, (max-width: 1190px) 100vw, 1190px\" \/><\/a> <a href=\"http:\/\/www.liceodeourense.com\/2.0\/etiqueta-negra-pecha-o-ano-de-concertos-no-liceo-de-etiqueta\/img_20171229_232728\/\" rel=\"attachment wp-att-7827\"><img loading=\"lazy\" decoding=\"async\" class=\"alignright size-full wp-image-7827\" src=\"http:\/\/www.liceodeourense.com\/2.0\/wp-content\/uploads\/IMG_20171229_232728.jpg\" alt=\"\" width=\"1190\" height=\"893\" srcset=\"https:\/\/www.liceodeourense.com\/2.0\/wp-content\/uploads\/IMG_20171229_232728.jpg 1190w, https:\/\/www.liceodeourense.com\/2.0\/wp-content\/uploads\/IMG_20171229_232728-300x225.jpg 300w, https:\/\/www.liceodeourense.com\/2.0\/wp-content\/uploads\/IMG_20171229_232728-768x576.jpg 768w, https:\/\/www.liceodeourense.com\/2.0\/wp-content\/uploads\/IMG_20171229_232728-1024x768.jpg 1024w\" sizes=\"auto, (max-width: 1190px) 100vw, 1190px\" \/><\/a> <a href=\"http:\/\/www.liceodeourense.com\/2.0\/etiqueta-negra-pecha-o-ano-de-concertos-no-liceo-de-etiqueta\/img_20171229_232721\/\" rel=\"attachment wp-att-7826\"><img loading=\"lazy\" decoding=\"async\" class=\"alignright size-full wp-image-7826\" src=\"http:\/\/www.liceodeourense.com\/2.0\/wp-content\/uploads\/IMG_20171229_232721.jpg\" alt=\"\" width=\"1190\" height=\"893\" srcset=\"https:\/\/www.liceodeourense.com\/2.0\/wp-content\/uploads\/IMG_20171229_232721.jpg 1190w, https:\/\/www.liceodeourense.com\/2.0\/wp-content\/uploads\/IMG_20171229_232721-300x225.jpg 300w, https:\/\/www.liceodeourense.com\/2.0\/wp-content\/uploads\/IMG_20171229_232721-768x576.jpg 768w, https:\/\/www.liceodeourense.com\/2.0\/wp-content\/uploads\/IMG_20171229_232721-1024x768.jpg 1024w\" sizes=\"auto, (max-width: 1190px) 100vw, 1190px\" \/><\/a> <a href=\"http:\/\/www.liceodeourense.com\/2.0\/etiqueta-negra-pecha-o-ano-de-concertos-no-liceo-de-etiqueta\/img_20171229_232628\/\" rel=\"attachment wp-att-7825\"><img loading=\"lazy\" decoding=\"async\" class=\"alignright size-full wp-image-7825\" src=\"http:\/\/www.liceodeourense.com\/2.0\/wp-content\/uploads\/IMG_20171229_232628.jpg\" alt=\"\" width=\"1190\" height=\"893\" srcset=\"https:\/\/www.liceodeourense.com\/2.0\/wp-content\/uploads\/IMG_20171229_232628.jpg 1190w, https:\/\/www.liceodeourense.com\/2.0\/wp-content\/uploads\/IMG_20171229_232628-300x225.jpg 300w, https:\/\/www.liceodeourense.com\/2.0\/wp-content\/uploads\/IMG_20171229_232628-768x576.jpg 768w, https:\/\/www.liceodeourense.com\/2.0\/wp-content\/uploads\/IMG_20171229_232628-1024x768.jpg 1024w\" sizes=\"auto, (max-width: 1190px) 100vw, 1190px\" \/><\/a><\/p>\n<p>&nbsp;<\/p>\n","protected":false},"excerpt":{"rendered":"<p>Que maneira m\u00e1is boa de rematar o ano, da m\u00e1n dos nosos amigos de ETIQUETA NEGRA, con outra noite de ESCANDALO, disfrutarmos da m\u00fasica, dos amigos, da felicidade, e do Patio de Columnas do Liceo, xa non sabemos como darllles as gracias a estes xenios. Asi que GRACIAS &#8212; ALEJANDRO, CARLOS, LITO E ALVARO&#8230; e [&hellip;]<\/p>\n","protected":false},"author":2,"featured_media":0,"comment_status":"open","ping_status":"closed","sticky":false,"template":"","format":"standard","meta":{"footnotes":""},"categories":[21],"tags":[],"class_list":["post-7824","post","type-post","status-publish","format-standard","hentry","category-musica-concertos-patio-de-columnas"],"_links":{"self":[{"href":"https:\/\/www.liceodeourense.com\/2.0\/index.php?rest_route=\/wp\/v2\/posts\/7824","targetHints":{"allow":["GET"]}}],"collection":[{"href":"https:\/\/www.liceodeourense.com\/2.0\/index.php?rest_route=\/wp\/v2\/posts"}],"about":[{"href":"https:\/\/www.liceodeourense.com\/2.0\/index.php?rest_route=\/wp\/v2\/types\/post"}],"author":[{"embeddable":true,"href":"https:\/\/www.liceodeourense.com\/2.0\/index.php?rest_route=\/wp\/v2\/users\/2"}],"replies":[{"embeddable":true,"href":"https:\/\/www.liceodeourense.com\/2.0\/index.php?rest_route=%2Fwp%2Fv2%2Fcomments&post=7824"}],"version-history":[{"count":2,"href":"https:\/\/www.liceodeourense.com\/2.0\/index.php?rest_route=\/wp\/v2\/posts\/7824\/revisions"}],"predecessor-version":[{"id":7838,"href":"https:\/\/www.liceodeourense.com\/2.0\/index.php?rest_route=\/wp\/v2\/posts\/7824\/revisions\/7838"}],"wp:attachment":[{"href":"https:\/\/www.liceodeourense.com\/2.0\/index.php?rest_route=%2Fwp%2Fv2%2Fmedia&parent=7824"}],"wp:term":[{"taxonomy":"category","embeddable":true,"href":"https:\/\/www.liceodeourense.com\/2.0\/index.php?rest_route=%2Fwp%2Fv2%2Fcategories&post=7824"},{"taxonomy":"post_tag","embeddable":true,"href":"https:\/\/www.liceodeourense.com\/2.0\/index.php?rest_route=%2Fwp%2Fv2%2Ftags&post=7824"}],"curies":[{"name":"wp","href":"https:\/\/api.w.org\/{rel}","templated":true}]}}