{"id":7782,"date":"2017-12-24T12:49:12","date_gmt":"2017-12-24T11:49:12","guid":{"rendered":"http:\/\/www.liceodeourense.com\/2.0\/?p=7782"},"modified":"2017-12-24T12:49:12","modified_gmt":"2017-12-24T11:49:12","slug":"20-anos-de-mutenrohi","status":"publish","type":"post","link":"https:\/\/www.liceodeourense.com\/2.0\/?p=7782","title":{"rendered":"\u00ab20  ANOS DE MUTENROHI\u00bb&#8230;&#8230;."},"content":{"rendered":"<h3><span style=\"color: #ff0000;\"><a href=\"http:\/\/www.liceodeourense.com\/2.0\/20-anos-de-mutenrohi\/img_20171223_200950\/\" rel=\"attachment wp-att-7786\"><img loading=\"lazy\" decoding=\"async\" class=\"alignright size-full wp-image-7786\" src=\"http:\/\/www.liceodeourense.com\/2.0\/wp-content\/uploads\/IMG_20171223_200950.jpg\" alt=\"\" width=\"1190\" height=\"893\" srcset=\"https:\/\/www.liceodeourense.com\/2.0\/wp-content\/uploads\/IMG_20171223_200950.jpg 1190w, https:\/\/www.liceodeourense.com\/2.0\/wp-content\/uploads\/IMG_20171223_200950-300x225.jpg 300w, https:\/\/www.liceodeourense.com\/2.0\/wp-content\/uploads\/IMG_20171223_200950-768x576.jpg 768w, https:\/\/www.liceodeourense.com\/2.0\/wp-content\/uploads\/IMG_20171223_200950-1024x768.jpg 1024w\" sizes=\"auto, (max-width: 1190px) 100vw, 1190px\" \/><\/a>\u00ab20 A\u00d1OS NO SON NADA\u00bb<\/span> dec\u00eda Carlos Gardel,,, e certamente non son nada&#8230; e as\u00ed quixemos celebrar os \u00ab20 anos de Mutenrohi\u00bb, onte no Liceo de Ourense. Unha tardi\u00f1a emocionante, nostalxica, pero sobre todo chea de <span style=\"color: #000080;\">AMIZADE<\/span>, as\u00ed baixo a batuta do\u00a0 Suso Cudeiro, falaron de onte, de hoxe\u00a0 e de ma\u00f1a nunha conversa familiar Cristina Pato e Juan Carlos Fasero, e f\u00f3ronse engadindo\u00a0Raquel Pato, Raquel Rodr\u00edguez e Xan Padr\u00f3n. E rematamos como hab\u00eda que rematar con m\u00fasica de \u00abhas de bailar\u00bb. Dende o Liceo gracias a todos por vir, por estar nesa mesa, e no escenario do Sal\u00f3n Noble, e a todos os amigos e familares que tam\u00e9n estivestes gracias&#8230; tam\u00e9n.. <span style=\"color: #000080;\">VEMONOS NO 25 ANIVERSARIO<\/span>.\u00a0 Beiz\u00f3ns para todos.<\/h3>\n<p><a href=\"http:\/\/www.liceodeourense.com\/2.0\/20-anos-de-mutenrohi\/img_20171223_200906\/\" rel=\"attachment wp-att-7783\"><img loading=\"lazy\" decoding=\"async\" class=\"alignright size-full wp-image-7783\" src=\"http:\/\/www.liceodeourense.com\/2.0\/wp-content\/uploads\/IMG_20171223_200906.jpg\" alt=\"\" width=\"1190\" height=\"893\" srcset=\"https:\/\/www.liceodeourense.com\/2.0\/wp-content\/uploads\/IMG_20171223_200906.jpg 1190w, https:\/\/www.liceodeourense.com\/2.0\/wp-content\/uploads\/IMG_20171223_200906-300x225.jpg 300w, https:\/\/www.liceodeourense.com\/2.0\/wp-content\/uploads\/IMG_20171223_200906-768x576.jpg 768w, https:\/\/www.liceodeourense.com\/2.0\/wp-content\/uploads\/IMG_20171223_200906-1024x768.jpg 1024w\" sizes=\"auto, (max-width: 1190px) 100vw, 1190px\" \/><\/a> <a href=\"http:\/\/www.liceodeourense.com\/2.0\/20-anos-de-mutenrohi\/img_20171223_200925\/\" rel=\"attachment wp-att-7784\"><img loading=\"lazy\" decoding=\"async\" class=\"alignright size-full wp-image-7784\" src=\"http:\/\/www.liceodeourense.com\/2.0\/wp-content\/uploads\/IMG_20171223_200925.jpg\" alt=\"\" width=\"1190\" height=\"893\" srcset=\"https:\/\/www.liceodeourense.com\/2.0\/wp-content\/uploads\/IMG_20171223_200925.jpg 1190w, https:\/\/www.liceodeourense.com\/2.0\/wp-content\/uploads\/IMG_20171223_200925-300x225.jpg 300w, https:\/\/www.liceodeourense.com\/2.0\/wp-content\/uploads\/IMG_20171223_200925-768x576.jpg 768w, https:\/\/www.liceodeourense.com\/2.0\/wp-content\/uploads\/IMG_20171223_200925-1024x768.jpg 1024w\" sizes=\"auto, (max-width: 1190px) 100vw, 1190px\" \/><\/a> <a href=\"http:\/\/www.liceodeourense.com\/2.0\/20-anos-de-mutenrohi\/img_20171223_200948\/\" rel=\"attachment wp-att-7785\"><img loading=\"lazy\" decoding=\"async\" class=\"alignright size-full wp-image-7785\" src=\"http:\/\/www.liceodeourense.com\/2.0\/wp-content\/uploads\/IMG_20171223_200948.jpg\" alt=\"\" width=\"1190\" height=\"893\" srcset=\"https:\/\/www.liceodeourense.com\/2.0\/wp-content\/uploads\/IMG_20171223_200948.jpg 1190w, https:\/\/www.liceodeourense.com\/2.0\/wp-content\/uploads\/IMG_20171223_200948-300x225.jpg 300w, https:\/\/www.liceodeourense.com\/2.0\/wp-content\/uploads\/IMG_20171223_200948-768x576.jpg 768w, https:\/\/www.liceodeourense.com\/2.0\/wp-content\/uploads\/IMG_20171223_200948-1024x768.jpg 1024w\" sizes=\"auto, (max-width: 1190px) 100vw, 1190px\" \/><\/a><a href=\"http:\/\/www.liceodeourense.com\/2.0\/20-anos-de-mutenrohi\/img_20171223_203729\/\" rel=\"attachment wp-att-7787\"><img loading=\"lazy\" decoding=\"async\" class=\"alignright size-full wp-image-7787\" src=\"http:\/\/www.liceodeourense.com\/2.0\/wp-content\/uploads\/IMG_20171223_203729.jpg\" alt=\"\" width=\"893\" height=\"1190\" srcset=\"https:\/\/www.liceodeourense.com\/2.0\/wp-content\/uploads\/IMG_20171223_203729.jpg 893w, https:\/\/www.liceodeourense.com\/2.0\/wp-content\/uploads\/IMG_20171223_203729-225x300.jpg 225w, https:\/\/www.liceodeourense.com\/2.0\/wp-content\/uploads\/IMG_20171223_203729-768x1024.jpg 768w\" sizes=\"auto, (max-width: 893px) 100vw, 893px\" \/><\/a> <a href=\"http:\/\/www.liceodeourense.com\/2.0\/20-anos-de-mutenrohi\/img_20171223_203740\/\" rel=\"attachment wp-att-7788\"><img loading=\"lazy\" decoding=\"async\" class=\"alignright size-full wp-image-7788\" src=\"http:\/\/www.liceodeourense.com\/2.0\/wp-content\/uploads\/IMG_20171223_203740.jpg\" alt=\"\" width=\"893\" height=\"1190\" srcset=\"https:\/\/www.liceodeourense.com\/2.0\/wp-content\/uploads\/IMG_20171223_203740.jpg 893w, https:\/\/www.liceodeourense.com\/2.0\/wp-content\/uploads\/IMG_20171223_203740-225x300.jpg 225w, https:\/\/www.liceodeourense.com\/2.0\/wp-content\/uploads\/IMG_20171223_203740-768x1024.jpg 768w\" sizes=\"auto, (max-width: 893px) 100vw, 893px\" \/><\/a> <a href=\"http:\/\/www.liceodeourense.com\/2.0\/20-anos-de-mutenrohi\/img_20171223_203745\/\" rel=\"attachment wp-att-7789\"><img loading=\"lazy\" decoding=\"async\" class=\"alignright size-full wp-image-7789\" src=\"http:\/\/www.liceodeourense.com\/2.0\/wp-content\/uploads\/IMG_20171223_203745.jpg\" alt=\"\" width=\"893\" height=\"1190\" srcset=\"https:\/\/www.liceodeourense.com\/2.0\/wp-content\/uploads\/IMG_20171223_203745.jpg 893w, https:\/\/www.liceodeourense.com\/2.0\/wp-content\/uploads\/IMG_20171223_203745-225x300.jpg 225w, https:\/\/www.liceodeourense.com\/2.0\/wp-content\/uploads\/IMG_20171223_203745-768x1024.jpg 768w\" sizes=\"auto, (max-width: 893px) 100vw, 893px\" \/><\/a> <a href=\"http:\/\/www.liceodeourense.com\/2.0\/20-anos-de-mutenrohi\/img_20171223_204527\/\" rel=\"attachment wp-att-7790\"><img loading=\"lazy\" decoding=\"async\" class=\"alignright size-full wp-image-7790\" src=\"http:\/\/www.liceodeourense.com\/2.0\/wp-content\/uploads\/IMG_20171223_204527.jpg\" alt=\"\" width=\"893\" height=\"1190\" srcset=\"https:\/\/www.liceodeourense.com\/2.0\/wp-content\/uploads\/IMG_20171223_204527.jpg 893w, https:\/\/www.liceodeourense.com\/2.0\/wp-content\/uploads\/IMG_20171223_204527-225x300.jpg 225w, https:\/\/www.liceodeourense.com\/2.0\/wp-content\/uploads\/IMG_20171223_204527-768x1024.jpg 768w\" sizes=\"auto, (max-width: 893px) 100vw, 893px\" \/><\/a> <a href=\"http:\/\/www.liceodeourense.com\/2.0\/20-anos-de-mutenrohi\/img_20171223_211825\/\" rel=\"attachment wp-att-7791\"><img loading=\"lazy\" decoding=\"async\" class=\"alignright size-full wp-image-7791\" src=\"http:\/\/www.liceodeourense.com\/2.0\/wp-content\/uploads\/IMG_20171223_211825.jpg\" alt=\"\" width=\"1190\" height=\"893\" srcset=\"https:\/\/www.liceodeourense.com\/2.0\/wp-content\/uploads\/IMG_20171223_211825.jpg 1190w, https:\/\/www.liceodeourense.com\/2.0\/wp-content\/uploads\/IMG_20171223_211825-300x225.jpg 300w, https:\/\/www.liceodeourense.com\/2.0\/wp-content\/uploads\/IMG_20171223_211825-768x576.jpg 768w, https:\/\/www.liceodeourense.com\/2.0\/wp-content\/uploads\/IMG_20171223_211825-1024x768.jpg 1024w\" sizes=\"auto, (max-width: 1190px) 100vw, 1190px\" \/><\/a><\/p>\n<p>&nbsp;<\/p>\n","protected":false},"excerpt":{"rendered":"<p>\u00ab20 A\u00d1OS NO SON NADA\u00bb dec\u00eda Carlos Gardel,,, e certamente non son nada&#8230; e as\u00ed quixemos celebrar os \u00ab20 anos de Mutenrohi\u00bb, onte no Liceo de Ourense. Unha tardi\u00f1a emocionante, nostalxica, pero sobre todo chea de AMIZADE, as\u00ed baixo a batuta do\u00a0 Suso Cudeiro, falaron de onte, de hoxe\u00a0 e de ma\u00f1a nunha conversa familiar [&hellip;]<\/p>\n","protected":false},"author":2,"featured_media":0,"comment_status":"open","ping_status":"closed","sticky":false,"template":"","format":"standard","meta":{"footnotes":""},"categories":[4,5],"tags":[],"class_list":["post-7782","post","type-post","status-publish","format-standard","hentry","category-liceo","category-musica"],"_links":{"self":[{"href":"https:\/\/www.liceodeourense.com\/2.0\/index.php?rest_route=\/wp\/v2\/posts\/7782","targetHints":{"allow":["GET"]}}],"collection":[{"href":"https:\/\/www.liceodeourense.com\/2.0\/index.php?rest_route=\/wp\/v2\/posts"}],"about":[{"href":"https:\/\/www.liceodeourense.com\/2.0\/index.php?rest_route=\/wp\/v2\/types\/post"}],"author":[{"embeddable":true,"href":"https:\/\/www.liceodeourense.com\/2.0\/index.php?rest_route=\/wp\/v2\/users\/2"}],"replies":[{"embeddable":true,"href":"https:\/\/www.liceodeourense.com\/2.0\/index.php?rest_route=%2Fwp%2Fv2%2Fcomments&post=7782"}],"version-history":[{"count":2,"href":"https:\/\/www.liceodeourense.com\/2.0\/index.php?rest_route=\/wp\/v2\/posts\/7782\/revisions"}],"predecessor-version":[{"id":7793,"href":"https:\/\/www.liceodeourense.com\/2.0\/index.php?rest_route=\/wp\/v2\/posts\/7782\/revisions\/7793"}],"wp:attachment":[{"href":"https:\/\/www.liceodeourense.com\/2.0\/index.php?rest_route=%2Fwp%2Fv2%2Fmedia&parent=7782"}],"wp:term":[{"taxonomy":"category","embeddable":true,"href":"https:\/\/www.liceodeourense.com\/2.0\/index.php?rest_route=%2Fwp%2Fv2%2Fcategories&post=7782"},{"taxonomy":"post_tag","embeddable":true,"href":"https:\/\/www.liceodeourense.com\/2.0\/index.php?rest_route=%2Fwp%2Fv2%2Ftags&post=7782"}],"curies":[{"name":"wp","href":"https:\/\/api.w.org\/{rel}","templated":true}]}}