{"id":7734,"date":"2017-12-19T09:58:20","date_gmt":"2017-12-19T08:58:20","guid":{"rendered":"http:\/\/www.liceodeourense.com\/2.0\/?p=7734"},"modified":"2017-12-19T09:58:20","modified_gmt":"2017-12-19T08:58:20","slug":"recital-musico-literario-emilio-rua-x-c-caneiro-cantata-e-fuga-para-carlos-casares","status":"publish","type":"post","link":"https:\/\/www.liceodeourense.com\/2.0\/?p=7734","title":{"rendered":"RECITAL MUSICO LITERARIO EMILIO R\u00daA   X.C. CANEIRO \u00abCantata e fuga para Carlos Casares\u00bb"},"content":{"rendered":"<h3><a href=\"http:\/\/www.liceodeourense.com\/2.0\/recital-musico-literario-emilio-rua-x-c-caneiro-cantata-e-fuga-para-carlos-casares\/img_20171218_201956\/\" rel=\"attachment wp-att-7735\"><img loading=\"lazy\" decoding=\"async\" class=\"alignright size-full wp-image-7735\" src=\"http:\/\/www.liceodeourense.com\/2.0\/wp-content\/uploads\/IMG_20171218_201956.jpg\" alt=\"\" width=\"1190\" height=\"893\" srcset=\"https:\/\/www.liceodeourense.com\/2.0\/wp-content\/uploads\/IMG_20171218_201956.jpg 1190w, https:\/\/www.liceodeourense.com\/2.0\/wp-content\/uploads\/IMG_20171218_201956-300x225.jpg 300w, https:\/\/www.liceodeourense.com\/2.0\/wp-content\/uploads\/IMG_20171218_201956-768x576.jpg 768w, https:\/\/www.liceodeourense.com\/2.0\/wp-content\/uploads\/IMG_20171218_201956-1024x768.jpg 1024w\" sizes=\"auto, (max-width: 1190px) 100vw, 1190px\" \/><\/a>As\u00ed, deste xeito co\u00a0RECITAL MUSICO LITERARIO de EMILIO R\u00daA e X.C. CANEIRO, coa s\u00faa\u00a0\u00abCANTATA E FUGA PARA CARLOS CASARES\u00bb, puxemos un punto e seguido neste ano de CARLOS CASARES, un acto cheo de literatura, m\u00fasica, e agarimo para este amigo de todos, o que non esqueceremos nunca, o que votamos tanto de menos, o que est\u00e1 presente sempre.<\/h3>\n<h3>Dende o Liceo o noso agradecemento para as Instituci\u00f3ns que co organizaron este acto, a Diputaci\u00f3n Provincial, a Fundaci\u00f3n Carlos Casares, e a Direcci\u00f3n Xeral de Pol\u00edtica Ling\u00fcistica da Xunta de Galicia polo seu patrocinio.<\/h3>\n<h3>E por suposto a nosa infinita gratitude para Emilio R\u00faa e Xos\u00e9 Carlos Caneiro, e tam\u00e9n para todos os que nos acompa\u00f1astedes na tardi\u00f1a de onte.<\/h3>\n<p><a href=\"http:\/\/www.liceodeourense.com\/2.0\/recital-musico-literario-emilio-rua-x-c-caneiro-cantata-e-fuga-para-carlos-casares\/img_20171218_202010\/\" rel=\"attachment wp-att-7736\"><img loading=\"lazy\" decoding=\"async\" class=\"alignright size-full wp-image-7736\" src=\"http:\/\/www.liceodeourense.com\/2.0\/wp-content\/uploads\/IMG_20171218_202010.jpg\" alt=\"\" width=\"1190\" height=\"893\" srcset=\"https:\/\/www.liceodeourense.com\/2.0\/wp-content\/uploads\/IMG_20171218_202010.jpg 1190w, https:\/\/www.liceodeourense.com\/2.0\/wp-content\/uploads\/IMG_20171218_202010-300x225.jpg 300w, https:\/\/www.liceodeourense.com\/2.0\/wp-content\/uploads\/IMG_20171218_202010-768x576.jpg 768w, https:\/\/www.liceodeourense.com\/2.0\/wp-content\/uploads\/IMG_20171218_202010-1024x768.jpg 1024w\" sizes=\"auto, (max-width: 1190px) 100vw, 1190px\" \/><\/a> <a href=\"http:\/\/www.liceodeourense.com\/2.0\/recital-musico-literario-emilio-rua-x-c-caneiro-cantata-e-fuga-para-carlos-casares\/img_20171218_202016_burst00\/\" rel=\"attachment wp-att-7737\"><img loading=\"lazy\" decoding=\"async\" class=\"alignright size-full wp-image-7737\" src=\"http:\/\/www.liceodeourense.com\/2.0\/wp-content\/uploads\/IMG_20171218_202016_BURST00.jpg\" alt=\"\" width=\"1190\" height=\"893\" srcset=\"https:\/\/www.liceodeourense.com\/2.0\/wp-content\/uploads\/IMG_20171218_202016_BURST00.jpg 1190w, https:\/\/www.liceodeourense.com\/2.0\/wp-content\/uploads\/IMG_20171218_202016_BURST00-300x225.jpg 300w, https:\/\/www.liceodeourense.com\/2.0\/wp-content\/uploads\/IMG_20171218_202016_BURST00-768x576.jpg 768w, https:\/\/www.liceodeourense.com\/2.0\/wp-content\/uploads\/IMG_20171218_202016_BURST00-1024x768.jpg 1024w\" sizes=\"auto, (max-width: 1190px) 100vw, 1190px\" \/><\/a> <a href=\"http:\/\/www.liceodeourense.com\/2.0\/recital-musico-literario-emilio-rua-x-c-caneiro-cantata-e-fuga-para-carlos-casares\/img_20171218_202026\/\" rel=\"attachment wp-att-7738\"><img loading=\"lazy\" decoding=\"async\" class=\"alignright size-full wp-image-7738\" src=\"http:\/\/www.liceodeourense.com\/2.0\/wp-content\/uploads\/IMG_20171218_202026.jpg\" alt=\"\" width=\"1190\" height=\"893\" srcset=\"https:\/\/www.liceodeourense.com\/2.0\/wp-content\/uploads\/IMG_20171218_202026.jpg 1190w, https:\/\/www.liceodeourense.com\/2.0\/wp-content\/uploads\/IMG_20171218_202026-300x225.jpg 300w, https:\/\/www.liceodeourense.com\/2.0\/wp-content\/uploads\/IMG_20171218_202026-768x576.jpg 768w, https:\/\/www.liceodeourense.com\/2.0\/wp-content\/uploads\/IMG_20171218_202026-1024x768.jpg 1024w\" sizes=\"auto, (max-width: 1190px) 100vw, 1190px\" \/><\/a> <a href=\"http:\/\/www.liceodeourense.com\/2.0\/recital-musico-literario-emilio-rua-x-c-caneiro-cantata-e-fuga-para-carlos-casares\/img_20171218_202409\/\" rel=\"attachment wp-att-7739\"><img loading=\"lazy\" decoding=\"async\" class=\"alignright size-full wp-image-7739\" src=\"http:\/\/www.liceodeourense.com\/2.0\/wp-content\/uploads\/IMG_20171218_202409.jpg\" alt=\"\" width=\"1190\" height=\"893\" srcset=\"https:\/\/www.liceodeourense.com\/2.0\/wp-content\/uploads\/IMG_20171218_202409.jpg 1190w, https:\/\/www.liceodeourense.com\/2.0\/wp-content\/uploads\/IMG_20171218_202409-300x225.jpg 300w, https:\/\/www.liceodeourense.com\/2.0\/wp-content\/uploads\/IMG_20171218_202409-768x576.jpg 768w, https:\/\/www.liceodeourense.com\/2.0\/wp-content\/uploads\/IMG_20171218_202409-1024x768.jpg 1024w\" sizes=\"auto, (max-width: 1190px) 100vw, 1190px\" \/><\/a><a href=\"http:\/\/www.liceodeourense.com\/2.0\/pagina-ejemplo\/recital-emilio-rua-x-c-caneiro\/\" rel=\"attachment wp-att-7702\"><img loading=\"lazy\" decoding=\"async\" class=\"alignright size-full wp-image-7702\" src=\"http:\/\/www.liceodeourense.com\/2.0\/wp-content\/uploads\/RECITAL-EMILIO-RUA-X.C.CANEIRO.jpg\" alt=\"\" width=\"1240\" height=\"1754\" srcset=\"https:\/\/www.liceodeourense.com\/2.0\/wp-content\/uploads\/RECITAL-EMILIO-RUA-X.C.CANEIRO.jpg 1240w, https:\/\/www.liceodeourense.com\/2.0\/wp-content\/uploads\/RECITAL-EMILIO-RUA-X.C.CANEIRO-212x300.jpg 212w, https:\/\/www.liceodeourense.com\/2.0\/wp-content\/uploads\/RECITAL-EMILIO-RUA-X.C.CANEIRO-768x1086.jpg 768w, https:\/\/www.liceodeourense.com\/2.0\/wp-content\/uploads\/RECITAL-EMILIO-RUA-X.C.CANEIRO-724x1024.jpg 724w\" sizes=\"auto, (max-width: 1240px) 100vw, 1240px\" \/><\/a><a href=\"http:\/\/www.liceodeourense.com\/2.0\/?attachment_id=7739\" rel=\"attachment wp-att-7739\"><\/a><\/p>\n<p>&nbsp;<\/p>\n","protected":false},"excerpt":{"rendered":"<p>As\u00ed, deste xeito co\u00a0RECITAL MUSICO LITERARIO de EMILIO R\u00daA e X.C. CANEIRO, coa s\u00faa\u00a0\u00abCANTATA E FUGA PARA CARLOS CASARES\u00bb, puxemos un punto e seguido neste ano de CARLOS CASARES, un acto cheo de literatura, m\u00fasica, e agarimo para este amigo de todos, o que non esqueceremos nunca, o que votamos tanto de menos, o que [&hellip;]<\/p>\n","protected":false},"author":2,"featured_media":0,"comment_status":"open","ping_status":"closed","sticky":false,"template":"","format":"standard","meta":{"footnotes":""},"categories":[25,5,6],"tags":[],"class_list":["post-7734","post","type-post","status-publish","format-standard","hentry","category-carlos-casares","category-musica","category-seccion-literatura"],"_links":{"self":[{"href":"https:\/\/www.liceodeourense.com\/2.0\/index.php?rest_route=\/wp\/v2\/posts\/7734","targetHints":{"allow":["GET"]}}],"collection":[{"href":"https:\/\/www.liceodeourense.com\/2.0\/index.php?rest_route=\/wp\/v2\/posts"}],"about":[{"href":"https:\/\/www.liceodeourense.com\/2.0\/index.php?rest_route=\/wp\/v2\/types\/post"}],"author":[{"embeddable":true,"href":"https:\/\/www.liceodeourense.com\/2.0\/index.php?rest_route=\/wp\/v2\/users\/2"}],"replies":[{"embeddable":true,"href":"https:\/\/www.liceodeourense.com\/2.0\/index.php?rest_route=%2Fwp%2Fv2%2Fcomments&post=7734"}],"version-history":[{"count":2,"href":"https:\/\/www.liceodeourense.com\/2.0\/index.php?rest_route=\/wp\/v2\/posts\/7734\/revisions"}],"predecessor-version":[{"id":7741,"href":"https:\/\/www.liceodeourense.com\/2.0\/index.php?rest_route=\/wp\/v2\/posts\/7734\/revisions\/7741"}],"wp:attachment":[{"href":"https:\/\/www.liceodeourense.com\/2.0\/index.php?rest_route=%2Fwp%2Fv2%2Fmedia&parent=7734"}],"wp:term":[{"taxonomy":"category","embeddable":true,"href":"https:\/\/www.liceodeourense.com\/2.0\/index.php?rest_route=%2Fwp%2Fv2%2Fcategories&post=7734"},{"taxonomy":"post_tag","embeddable":true,"href":"https:\/\/www.liceodeourense.com\/2.0\/index.php?rest_route=%2Fwp%2Fv2%2Ftags&post=7734"}],"curies":[{"name":"wp","href":"https:\/\/api.w.org\/{rel}","templated":true}]}}