{"id":6434,"date":"2016-12-17T10:52:02","date_gmt":"2016-12-17T09:52:02","guid":{"rendered":"http:\/\/www.liceodeourense.com\/2.0\/?p=6434"},"modified":"2016-12-18T10:58:01","modified_gmt":"2016-12-18T09:58:01","slug":"conferencia-del-profesor-paulino-izquierdo-sobre-la-capilla-de-los-remedios","status":"publish","type":"post","link":"https:\/\/www.liceodeourense.com\/2.0\/?p=6434","title":{"rendered":"Conferencia del Profesor Paulino Izquierdo sobre la Capilla de los Remedios."},"content":{"rendered":"<h4 style=\"text-align: justify;\"><a href=\"http:\/\/www.liceodeourense.com\/2.0\/wp-content\/uploads\/PAULINO-IZQUIERDO-00.jpg\"><img loading=\"lazy\" decoding=\"async\" class=\"alignright size-full wp-image-6435\" src=\"http:\/\/www.liceodeourense.com\/2.0\/wp-content\/uploads\/PAULINO-IZQUIERDO-00.jpg\" alt=\"paulino-izquierdo-00\" width=\"992\" height=\"744\" srcset=\"https:\/\/www.liceodeourense.com\/2.0\/wp-content\/uploads\/PAULINO-IZQUIERDO-00.jpg 992w, https:\/\/www.liceodeourense.com\/2.0\/wp-content\/uploads\/PAULINO-IZQUIERDO-00-300x225.jpg 300w, https:\/\/www.liceodeourense.com\/2.0\/wp-content\/uploads\/PAULINO-IZQUIERDO-00-768x576.jpg 768w\" sizes=\"auto, (max-width: 992px) 100vw, 992px\" \/><\/a>Interesant\u00edsimas las aportaciones del Paulino Izquierdo que ofreci\u00f3 sobre la Capilla de los Remedios\u00a0en la Conferencia que imparti\u00f3 el viernes d\u00eda 16 de diciembre con la que El Liceo de Ourense abr\u00eda la programaci\u00f3n de Nadal 2016-2017. Los conocimientos del\u00a0Profesor Izquierdo sobre Ourense, el Couto, y en particular sobre la Capilla de los Remedios son muchos y muy importantes, por eso nos alegramos que hayan sido recogidos en un libro editado por la Diputaci\u00f3n Provincial de Ourense.<\/h4>\n<h4 style=\"text-align: justify;\">Muchas gracias a Paulino, profesor y tambi\u00e9n socio del Liceo, y a toda la gente que nos acompa\u00f1o en la tarde del viernes.<\/h4>\n<p><a href=\"http:\/\/www.liceodeourense.com\/2.0\/wp-content\/uploads\/PAULINO-IZQUIERDO-DICIEMBRE.jpg\"><img loading=\"lazy\" decoding=\"async\" class=\"alignright size-full wp-image-6437\" src=\"http:\/\/www.liceodeourense.com\/2.0\/wp-content\/uploads\/PAULINO-IZQUIERDO-DICIEMBRE.jpg\" alt=\"paulino-izquierdo-diciembre\" width=\"992\" height=\"744\" srcset=\"https:\/\/www.liceodeourense.com\/2.0\/wp-content\/uploads\/PAULINO-IZQUIERDO-DICIEMBRE.jpg 992w, https:\/\/www.liceodeourense.com\/2.0\/wp-content\/uploads\/PAULINO-IZQUIERDO-DICIEMBRE-300x225.jpg 300w, https:\/\/www.liceodeourense.com\/2.0\/wp-content\/uploads\/PAULINO-IZQUIERDO-DICIEMBRE-768x576.jpg 768w\" sizes=\"auto, (max-width: 992px) 100vw, 992px\" \/><\/a> <a href=\"http:\/\/www.liceodeourense.com\/2.0\/wp-content\/uploads\/PAULINO-IZQUIERDO-02jpg.jpg\"><img loading=\"lazy\" decoding=\"async\" class=\"alignright size-full wp-image-6436\" src=\"http:\/\/www.liceodeourense.com\/2.0\/wp-content\/uploads\/PAULINO-IZQUIERDO-02jpg.jpg\" alt=\"paulino-izquierdo-02jpg\" width=\"992\" height=\"744\" srcset=\"https:\/\/www.liceodeourense.com\/2.0\/wp-content\/uploads\/PAULINO-IZQUIERDO-02jpg.jpg 992w, https:\/\/www.liceodeourense.com\/2.0\/wp-content\/uploads\/PAULINO-IZQUIERDO-02jpg-300x225.jpg 300w, https:\/\/www.liceodeourense.com\/2.0\/wp-content\/uploads\/PAULINO-IZQUIERDO-02jpg-768x576.jpg 768w\" sizes=\"auto, (max-width: 992px) 100vw, 992px\" \/><\/a><\/p>\n<p>&nbsp;<\/p>\n","protected":false},"excerpt":{"rendered":"<p>Interesant\u00edsimas las aportaciones del Paulino Izquierdo que ofreci\u00f3 sobre la Capilla de los Remedios\u00a0en la Conferencia que imparti\u00f3 el viernes d\u00eda 16 de diciembre con la que El Liceo de Ourense abr\u00eda la programaci\u00f3n de Nadal 2016-2017. Los conocimientos del\u00a0Profesor Izquierdo sobre Ourense, el Couto, y en particular sobre la Capilla de los Remedios son [&hellip;]<\/p>\n","protected":false},"author":2,"featured_media":0,"comment_status":"open","ping_status":"closed","sticky":false,"template":"","format":"standard","meta":{"footnotes":""},"categories":[8],"tags":[],"class_list":["post-6434","post","type-post","status-publish","format-standard","hentry","category-seccion-de-arte-e-historia"],"_links":{"self":[{"href":"https:\/\/www.liceodeourense.com\/2.0\/index.php?rest_route=\/wp\/v2\/posts\/6434","targetHints":{"allow":["GET"]}}],"collection":[{"href":"https:\/\/www.liceodeourense.com\/2.0\/index.php?rest_route=\/wp\/v2\/posts"}],"about":[{"href":"https:\/\/www.liceodeourense.com\/2.0\/index.php?rest_route=\/wp\/v2\/types\/post"}],"author":[{"embeddable":true,"href":"https:\/\/www.liceodeourense.com\/2.0\/index.php?rest_route=\/wp\/v2\/users\/2"}],"replies":[{"embeddable":true,"href":"https:\/\/www.liceodeourense.com\/2.0\/index.php?rest_route=%2Fwp%2Fv2%2Fcomments&post=6434"}],"version-history":[{"count":1,"href":"https:\/\/www.liceodeourense.com\/2.0\/index.php?rest_route=\/wp\/v2\/posts\/6434\/revisions"}],"predecessor-version":[{"id":6438,"href":"https:\/\/www.liceodeourense.com\/2.0\/index.php?rest_route=\/wp\/v2\/posts\/6434\/revisions\/6438"}],"wp:attachment":[{"href":"https:\/\/www.liceodeourense.com\/2.0\/index.php?rest_route=%2Fwp%2Fv2%2Fmedia&parent=6434"}],"wp:term":[{"taxonomy":"category","embeddable":true,"href":"https:\/\/www.liceodeourense.com\/2.0\/index.php?rest_route=%2Fwp%2Fv2%2Fcategories&post=6434"},{"taxonomy":"post_tag","embeddable":true,"href":"https:\/\/www.liceodeourense.com\/2.0\/index.php?rest_route=%2Fwp%2Fv2%2Ftags&post=6434"}],"curies":[{"name":"wp","href":"https:\/\/api.w.org\/{rel}","templated":true}]}}