{"id":6352,"date":"2016-11-25T19:38:03","date_gmt":"2016-11-25T18:38:03","guid":{"rendered":"http:\/\/www.liceodeourense.com\/2.0\/?p=6352"},"modified":"2016-11-25T19:39:12","modified_gmt":"2016-11-25T18:39:12","slug":"la-federacion-de-comercio-entre-sus-premios-mercurio-en-el-liceo","status":"publish","type":"post","link":"https:\/\/www.liceodeourense.com\/2.0\/?p=6352","title":{"rendered":"La Federaci\u00f3n de Comercio entre sus Premios Mercurio en El Liceo"},"content":{"rendered":"<h3 style=\"text-align: justify;\"><a href=\"http:\/\/www.liceodeourense.com\/2.0\/wp-content\/uploads\/CyEBckyWEAALLDy.jpg\"><img loading=\"lazy\" decoding=\"async\" class=\"alignright size-full wp-image-6353\" src=\"http:\/\/www.liceodeourense.com\/2.0\/wp-content\/uploads\/CyEBckyWEAALLDy.jpg\" alt=\"cyebckyweaalldy\" width=\"1024\" height=\"576\" srcset=\"https:\/\/www.liceodeourense.com\/2.0\/wp-content\/uploads\/CyEBckyWEAALLDy.jpg 1024w, https:\/\/www.liceodeourense.com\/2.0\/wp-content\/uploads\/CyEBckyWEAALLDy-300x169.jpg 300w, https:\/\/www.liceodeourense.com\/2.0\/wp-content\/uploads\/CyEBckyWEAALLDy-768x432.jpg 768w\" sizes=\"auto, (max-width: 1024px) 100vw, 1024px\" \/><\/a>El Liceo acogi\u00f3 en la tarde de ayer la gala de entrega de la segunda edici\u00f3n de los Premios Mercurio, que organiza la Federaci\u00f3n de Comercio.<\/h3>\n<h3 style=\"text-align: justify;\">Nuestro agradecimiento a toda la Junta Directiva de la Federaci\u00f3n de Comercio de Ourense, de manera personalizada en su presidenta , Bel\u00e9n G\u00f3mez\u00b7<\/h3>\n","protected":false},"excerpt":{"rendered":"<p>El Liceo acogi\u00f3 en la tarde de ayer la gala de entrega de la segunda edici\u00f3n de los Premios Mercurio, que organiza la Federaci\u00f3n de Comercio. Nuestro agradecimiento a toda la Junta Directiva de la Federaci\u00f3n de Comercio de Ourense, de manera personalizada en su presidenta , Bel\u00e9n G\u00f3mez\u00b7<\/p>\n","protected":false},"author":2,"featured_media":0,"comment_status":"open","ping_status":"closed","sticky":false,"template":"","format":"standard","meta":{"footnotes":""},"categories":[24],"tags":[],"class_list":["post-6352","post","type-post","status-publish","format-standard","hentry","category-actividade-social"],"_links":{"self":[{"href":"https:\/\/www.liceodeourense.com\/2.0\/index.php?rest_route=\/wp\/v2\/posts\/6352","targetHints":{"allow":["GET"]}}],"collection":[{"href":"https:\/\/www.liceodeourense.com\/2.0\/index.php?rest_route=\/wp\/v2\/posts"}],"about":[{"href":"https:\/\/www.liceodeourense.com\/2.0\/index.php?rest_route=\/wp\/v2\/types\/post"}],"author":[{"embeddable":true,"href":"https:\/\/www.liceodeourense.com\/2.0\/index.php?rest_route=\/wp\/v2\/users\/2"}],"replies":[{"embeddable":true,"href":"https:\/\/www.liceodeourense.com\/2.0\/index.php?rest_route=%2Fwp%2Fv2%2Fcomments&post=6352"}],"version-history":[{"count":1,"href":"https:\/\/www.liceodeourense.com\/2.0\/index.php?rest_route=\/wp\/v2\/posts\/6352\/revisions"}],"predecessor-version":[{"id":6354,"href":"https:\/\/www.liceodeourense.com\/2.0\/index.php?rest_route=\/wp\/v2\/posts\/6352\/revisions\/6354"}],"wp:attachment":[{"href":"https:\/\/www.liceodeourense.com\/2.0\/index.php?rest_route=%2Fwp%2Fv2%2Fmedia&parent=6352"}],"wp:term":[{"taxonomy":"category","embeddable":true,"href":"https:\/\/www.liceodeourense.com\/2.0\/index.php?rest_route=%2Fwp%2Fv2%2Fcategories&post=6352"},{"taxonomy":"post_tag","embeddable":true,"href":"https:\/\/www.liceodeourense.com\/2.0\/index.php?rest_route=%2Fwp%2Fv2%2Ftags&post=6352"}],"curies":[{"name":"wp","href":"https:\/\/api.w.org\/{rel}","templated":true}]}}