{"id":6348,"date":"2016-11-25T19:31:15","date_gmt":"2016-11-25T18:31:15","guid":{"rendered":"http:\/\/www.liceodeourense.com\/2.0\/?p=6348"},"modified":"2016-11-25T19:31:15","modified_gmt":"2016-11-25T18:31:15","slug":"xxx-aniversario-asociacion-empresarias-y-profesionales-de-ourense-en-el-liceo","status":"publish","type":"post","link":"https:\/\/www.liceodeourense.com\/2.0\/?p=6348","title":{"rendered":"XXX ANIVERSARIO ASOCIACION EMPRESARIAS Y PROFESIONALES DE OURENSE, en EL LICEO"},"content":{"rendered":"<p>En el d\u00eda de ayer se celebr\u00f3 en el Sal\u00f3n Noble de EL LICEO el XXX ANIVERSARIO ASOCIACION EMPRESARIAS Y PROFESIONALES DE OURENSE<\/p>\n<p>Nuestro agradecimiento a la Junta Directiva encabezada por su Presidenta Marisol Novoa Rodr\u00edguez por escoger nuestra casa para esta celebraci\u00f3n.<\/p>\n<p><a href=\"http:\/\/www.liceodeourense.com\/2.0\/wp-content\/uploads\/ame1.jpg\"><img loading=\"lazy\" decoding=\"async\" class=\"alignright size-full wp-image-6349\" src=\"http:\/\/www.liceodeourense.com\/2.0\/wp-content\/uploads\/ame1.jpg\" alt=\"ame1\" width=\"720\" height=\"960\" srcset=\"https:\/\/www.liceodeourense.com\/2.0\/wp-content\/uploads\/ame1.jpg 720w, https:\/\/www.liceodeourense.com\/2.0\/wp-content\/uploads\/ame1-225x300.jpg 225w\" sizes=\"auto, (max-width: 720px) 100vw, 720px\" \/><\/a> <a href=\"http:\/\/www.liceodeourense.com\/2.0\/wp-content\/uploads\/ame2.jpg\"><img loading=\"lazy\" decoding=\"async\" class=\"alignright size-full wp-image-6350\" src=\"http:\/\/www.liceodeourense.com\/2.0\/wp-content\/uploads\/ame2.jpg\" alt=\"ame2\" width=\"1040\" height=\"780\" srcset=\"https:\/\/www.liceodeourense.com\/2.0\/wp-content\/uploads\/ame2.jpg 1040w, https:\/\/www.liceodeourense.com\/2.0\/wp-content\/uploads\/ame2-300x225.jpg 300w, https:\/\/www.liceodeourense.com\/2.0\/wp-content\/uploads\/ame2-768x576.jpg 768w, https:\/\/www.liceodeourense.com\/2.0\/wp-content\/uploads\/ame2-1024x768.jpg 1024w\" sizes=\"auto, (max-width: 1040px) 100vw, 1040px\" \/><\/a><\/p>\n","protected":false},"excerpt":{"rendered":"<p>En el d\u00eda de ayer se celebr\u00f3 en el Sal\u00f3n Noble de EL LICEO el XXX ANIVERSARIO ASOCIACION EMPRESARIAS Y PROFESIONALES DE OURENSE Nuestro agradecimiento a la Junta Directiva encabezada por su Presidenta Marisol Novoa Rodr\u00edguez por escoger nuestra casa para esta celebraci\u00f3n.<\/p>\n","protected":false},"author":2,"featured_media":0,"comment_status":"open","ping_status":"closed","sticky":false,"template":"","format":"standard","meta":{"footnotes":""},"categories":[24],"tags":[],"class_list":["post-6348","post","type-post","status-publish","format-standard","hentry","category-actividade-social"],"_links":{"self":[{"href":"https:\/\/www.liceodeourense.com\/2.0\/index.php?rest_route=\/wp\/v2\/posts\/6348","targetHints":{"allow":["GET"]}}],"collection":[{"href":"https:\/\/www.liceodeourense.com\/2.0\/index.php?rest_route=\/wp\/v2\/posts"}],"about":[{"href":"https:\/\/www.liceodeourense.com\/2.0\/index.php?rest_route=\/wp\/v2\/types\/post"}],"author":[{"embeddable":true,"href":"https:\/\/www.liceodeourense.com\/2.0\/index.php?rest_route=\/wp\/v2\/users\/2"}],"replies":[{"embeddable":true,"href":"https:\/\/www.liceodeourense.com\/2.0\/index.php?rest_route=%2Fwp%2Fv2%2Fcomments&post=6348"}],"version-history":[{"count":1,"href":"https:\/\/www.liceodeourense.com\/2.0\/index.php?rest_route=\/wp\/v2\/posts\/6348\/revisions"}],"predecessor-version":[{"id":6351,"href":"https:\/\/www.liceodeourense.com\/2.0\/index.php?rest_route=\/wp\/v2\/posts\/6348\/revisions\/6351"}],"wp:attachment":[{"href":"https:\/\/www.liceodeourense.com\/2.0\/index.php?rest_route=%2Fwp%2Fv2%2Fmedia&parent=6348"}],"wp:term":[{"taxonomy":"category","embeddable":true,"href":"https:\/\/www.liceodeourense.com\/2.0\/index.php?rest_route=%2Fwp%2Fv2%2Fcategories&post=6348"},{"taxonomy":"post_tag","embeddable":true,"href":"https:\/\/www.liceodeourense.com\/2.0\/index.php?rest_route=%2Fwp%2Fv2%2Ftags&post=6348"}],"curies":[{"name":"wp","href":"https:\/\/api.w.org\/{rel}","templated":true}]}}