{"id":6342,"date":"2016-11-25T19:26:40","date_gmt":"2016-11-25T18:26:40","guid":{"rendered":"http:\/\/www.liceodeourense.com\/2.0\/?p=6342"},"modified":"2016-11-25T19:27:42","modified_gmt":"2016-11-25T18:27:42","slug":"firma-convenio-de-colaboracion-entre-el-liceo-de-ourense-y-la-federacion-de-comercio-de-ourense-la-federacion-de-librerias-de-galicia-y-la-agrupacion-provincial-de-libreiros-de-ourense","status":"publish","type":"post","link":"https:\/\/www.liceodeourense.com\/2.0\/?p=6342","title":{"rendered":"FIRMA CONVENIO DE COLABORACI\u00d3N ENTRE El Liceo de Ourense y la Federaci\u00f3n de Comercio de Ourense, la Federaci\u00f3n de Librer\u00edas de Galicia, y la AGRUPACION PROVINCIAL DE LIBREIROS DE OURENSE."},"content":{"rendered":"<h3 style=\"text-align: justify;\"><a href=\"http:\/\/www.liceodeourense.com\/2.0\/wp-content\/uploads\/firmaIMG_20161124_194229_1.jpg\"><img loading=\"lazy\" decoding=\"async\" class=\"alignleft wp-image-6344 size-full\" src=\"http:\/\/www.liceodeourense.com\/2.0\/wp-content\/uploads\/firmaIMG_20161124_194229_1.jpg\" alt=\"firmaimg_20161124_194229_1\" width=\"1382\" height=\"696\" srcset=\"https:\/\/www.liceodeourense.com\/2.0\/wp-content\/uploads\/firmaIMG_20161124_194229_1.jpg 1382w, https:\/\/www.liceodeourense.com\/2.0\/wp-content\/uploads\/firmaIMG_20161124_194229_1-300x151.jpg 300w, https:\/\/www.liceodeourense.com\/2.0\/wp-content\/uploads\/firmaIMG_20161124_194229_1-768x387.jpg 768w, https:\/\/www.liceodeourense.com\/2.0\/wp-content\/uploads\/firmaIMG_20161124_194229_1-1024x516.jpg 1024w\" sizes=\"auto, (max-width: 1382px) 100vw, 1382px\" \/><\/a>La Junta Directiva del Liceo, contin\u00faa en la labor de acercar al Liceo a todos los ciudadanos de Ourense, y aunar esfuerzos con distintos organismos, instituciones, asociaciones de esta Ciudad, en esta ocasi\u00f3n la firma del Convenio con la Federaci\u00f3n de Comercio de Ourense, la Federaci\u00f3n de Librer\u00edas de Galicia, y la Agrupaci\u00f3n Provincial de Libreiros de Ourense, nos permite buscar la conjunci\u00f3n de ideas y actuaciones en pro del desarrolo cultural, intelectual y econ\u00f3mico de todos.<\/h3>\n<p><a href=\"http:\/\/www.liceodeourense.com\/2.0\/wp-content\/uploads\/FIRMAIMG_20161124_194212.jpg\"><img loading=\"lazy\" decoding=\"async\" class=\"alignright size-full wp-image-6343\" src=\"http:\/\/www.liceodeourense.com\/2.0\/wp-content\/uploads\/FIRMAIMG_20161124_194212.jpg\" alt=\"firmaimg_20161124_194212\" width=\"1190\" height=\"893\" srcset=\"https:\/\/www.liceodeourense.com\/2.0\/wp-content\/uploads\/FIRMAIMG_20161124_194212.jpg 1190w, https:\/\/www.liceodeourense.com\/2.0\/wp-content\/uploads\/FIRMAIMG_20161124_194212-300x225.jpg 300w, https:\/\/www.liceodeourense.com\/2.0\/wp-content\/uploads\/FIRMAIMG_20161124_194212-768x576.jpg 768w, https:\/\/www.liceodeourense.com\/2.0\/wp-content\/uploads\/FIRMAIMG_20161124_194212-1024x768.jpg 1024w\" sizes=\"auto, (max-width: 1190px) 100vw, 1190px\" \/><\/a><\/p>\n","protected":false},"excerpt":{"rendered":"<p>La Junta Directiva del Liceo, contin\u00faa en la labor de acercar al Liceo a todos los ciudadanos de Ourense, y aunar esfuerzos con distintos organismos, instituciones, asociaciones de esta Ciudad, en esta ocasi\u00f3n la firma del Convenio con la Federaci\u00f3n de Comercio de Ourense, la Federaci\u00f3n de Librer\u00edas de Galicia, y la Agrupaci\u00f3n Provincial de [&hellip;]<\/p>\n","protected":false},"author":2,"featured_media":0,"comment_status":"open","ping_status":"closed","sticky":false,"template":"","format":"standard","meta":{"footnotes":""},"categories":[4,1],"tags":[],"class_list":["post-6342","post","type-post","status-publish","format-standard","hentry","category-liceo","category-sin-categoria"],"_links":{"self":[{"href":"https:\/\/www.liceodeourense.com\/2.0\/index.php?rest_route=\/wp\/v2\/posts\/6342","targetHints":{"allow":["GET"]}}],"collection":[{"href":"https:\/\/www.liceodeourense.com\/2.0\/index.php?rest_route=\/wp\/v2\/posts"}],"about":[{"href":"https:\/\/www.liceodeourense.com\/2.0\/index.php?rest_route=\/wp\/v2\/types\/post"}],"author":[{"embeddable":true,"href":"https:\/\/www.liceodeourense.com\/2.0\/index.php?rest_route=\/wp\/v2\/users\/2"}],"replies":[{"embeddable":true,"href":"https:\/\/www.liceodeourense.com\/2.0\/index.php?rest_route=%2Fwp%2Fv2%2Fcomments&post=6342"}],"version-history":[{"count":3,"href":"https:\/\/www.liceodeourense.com\/2.0\/index.php?rest_route=\/wp\/v2\/posts\/6342\/revisions"}],"predecessor-version":[{"id":6347,"href":"https:\/\/www.liceodeourense.com\/2.0\/index.php?rest_route=\/wp\/v2\/posts\/6342\/revisions\/6347"}],"wp:attachment":[{"href":"https:\/\/www.liceodeourense.com\/2.0\/index.php?rest_route=%2Fwp%2Fv2%2Fmedia&parent=6342"}],"wp:term":[{"taxonomy":"category","embeddable":true,"href":"https:\/\/www.liceodeourense.com\/2.0\/index.php?rest_route=%2Fwp%2Fv2%2Fcategories&post=6342"},{"taxonomy":"post_tag","embeddable":true,"href":"https:\/\/www.liceodeourense.com\/2.0\/index.php?rest_route=%2Fwp%2Fv2%2Ftags&post=6342"}],"curies":[{"name":"wp","href":"https:\/\/api.w.org\/{rel}","templated":true}]}}