{"id":6295,"date":"2016-11-11T17:34:49","date_gmt":"2016-11-11T16:34:49","guid":{"rendered":"http:\/\/www.liceodeourense.com\/2.0\/?p=6295"},"modified":"2016-11-11T17:39:26","modified_gmt":"2016-11-11T16:39:26","slug":"1a-velada-musical-no-liceo","status":"publish","type":"post","link":"https:\/\/www.liceodeourense.com\/2.0\/?p=6295","title":{"rendered":"1\u00aa VELADA MUSICAL NO LICEO"},"content":{"rendered":"<h3 style=\"text-align: justify;\">Nace coa idea de fomentar a convivencia e a relaci\u00f3n entre os Socios do Liceo a trav\u00e9s da mesa e da m\u00fasica, e que maneira m\u00e1is bonita de empezar, na noiti\u00f1a anterior os Magostos, extreamos esta nova actividade e disfrutamos moito, pero moito, foi una noite preciosa, onde houbo tempo para o paladar, para a m\u00fasica, para cantar, para tocar e sobre todo para\u00a0a amizade. De verdade graci\u00f1as a todos os que onte quixestes estar no inicio desta nova actividade, e os dem\u00e1is que vedes e leedes esto animarvos a participar na pr\u00f3xima. Queremos, moi sinceiramente, darlle a gracias a Emilio R\u00faa, a este grand\u00edsimo art\u00edsta ourens\u00e1n, por ser o padri\u00f1o neste bautizo, moitas gracias de todo coraz\u00f3n.<\/h3>\n<h3 style=\"text-align: justify;\">Unha mostra en fotos e videos do que aconteceu. Agardamosvos na pr\u00f3xima.<\/h3>\n<p>&nbsp;<\/p>\n<p><a href=\"http:\/\/www.liceodeourense.com\/2.0\/wp-content\/uploads\/IMG_20161110_214357.jpg\"><img loading=\"lazy\" decoding=\"async\" class=\"alignright size-full wp-image-6297\" src=\"http:\/\/www.liceodeourense.com\/2.0\/wp-content\/uploads\/IMG_20161110_214357.jpg\" alt=\"img_20161110_214357\" width=\"936\" height=\"936\" srcset=\"https:\/\/www.liceodeourense.com\/2.0\/wp-content\/uploads\/IMG_20161110_214357.jpg 936w, https:\/\/www.liceodeourense.com\/2.0\/wp-content\/uploads\/IMG_20161110_214357-150x150.jpg 150w, https:\/\/www.liceodeourense.com\/2.0\/wp-content\/uploads\/IMG_20161110_214357-300x300.jpg 300w, https:\/\/www.liceodeourense.com\/2.0\/wp-content\/uploads\/IMG_20161110_214357-768x768.jpg 768w\" sizes=\"auto, (max-width: 936px) 100vw, 936px\" \/><\/a> <a href=\"http:\/\/www.liceodeourense.com\/2.0\/wp-content\/uploads\/IMG_20161110_214409.jpg\"><img loading=\"lazy\" decoding=\"async\" class=\"alignright size-full wp-image-6298\" src=\"http:\/\/www.liceodeourense.com\/2.0\/wp-content\/uploads\/IMG_20161110_214409.jpg\" alt=\"img_20161110_214409\" width=\"936\" height=\"936\" srcset=\"https:\/\/www.liceodeourense.com\/2.0\/wp-content\/uploads\/IMG_20161110_214409.jpg 936w, https:\/\/www.liceodeourense.com\/2.0\/wp-content\/uploads\/IMG_20161110_214409-150x150.jpg 150w, https:\/\/www.liceodeourense.com\/2.0\/wp-content\/uploads\/IMG_20161110_214409-300x300.jpg 300w, https:\/\/www.liceodeourense.com\/2.0\/wp-content\/uploads\/IMG_20161110_214409-768x768.jpg 768w\" sizes=\"auto, (max-width: 936px) 100vw, 936px\" \/><\/a> <a href=\"http:\/\/www.liceodeourense.com\/2.0\/wp-content\/uploads\/IMG_20161110_214418.jpg\"><img loading=\"lazy\" decoding=\"async\" class=\"alignright size-full wp-image-6299\" src=\"http:\/\/www.liceodeourense.com\/2.0\/wp-content\/uploads\/IMG_20161110_214418.jpg\" alt=\"img_20161110_214418\" width=\"936\" height=\"936\" srcset=\"https:\/\/www.liceodeourense.com\/2.0\/wp-content\/uploads\/IMG_20161110_214418.jpg 936w, https:\/\/www.liceodeourense.com\/2.0\/wp-content\/uploads\/IMG_20161110_214418-150x150.jpg 150w, https:\/\/www.liceodeourense.com\/2.0\/wp-content\/uploads\/IMG_20161110_214418-300x300.jpg 300w, https:\/\/www.liceodeourense.com\/2.0\/wp-content\/uploads\/IMG_20161110_214418-768x768.jpg 768w\" sizes=\"auto, (max-width: 936px) 100vw, 936px\" \/><\/a> <a href=\"http:\/\/www.liceodeourense.com\/2.0\/wp-content\/uploads\/IMG_20161110_214430.jpg\"><img loading=\"lazy\" decoding=\"async\" class=\"alignright size-full wp-image-6300\" src=\"http:\/\/www.liceodeourense.com\/2.0\/wp-content\/uploads\/IMG_20161110_214430.jpg\" alt=\"img_20161110_214430\" width=\"936\" height=\"936\" srcset=\"https:\/\/www.liceodeourense.com\/2.0\/wp-content\/uploads\/IMG_20161110_214430.jpg 936w, https:\/\/www.liceodeourense.com\/2.0\/wp-content\/uploads\/IMG_20161110_214430-150x150.jpg 150w, https:\/\/www.liceodeourense.com\/2.0\/wp-content\/uploads\/IMG_20161110_214430-300x300.jpg 300w, https:\/\/www.liceodeourense.com\/2.0\/wp-content\/uploads\/IMG_20161110_214430-768x768.jpg 768w\" sizes=\"auto, (max-width: 936px) 100vw, 936px\" \/><\/a><\/p>\n<p><iframe loading=\"lazy\" src=\"https:\/\/www.youtube.com\/embed\/MwufrFxuzjU\" width=\"560\" height=\"315\" frameborder=\"0\" allowfullscreen=\"allowfullscreen\"><\/iframe><\/p>\n<p><iframe loading=\"lazy\" src=\"https:\/\/www.youtube.com\/embed\/rgZUw65pu14\" width=\"560\" height=\"315\" frameborder=\"0\" allowfullscreen=\"allowfullscreen\"><\/iframe><\/p>\n<p><iframe loading=\"lazy\" src=\"https:\/\/www.youtube.com\/embed\/gKexxVQEJhE\" width=\"560\" height=\"315\" frameborder=\"0\" allowfullscreen=\"allowfullscreen\"><\/iframe><\/p>\n<p><iframe loading=\"lazy\" src=\"https:\/\/www.youtube.com\/embed\/gKexxVQEJhE\" width=\"560\" height=\"315\" frameborder=\"0\" allowfullscreen=\"allowfullscreen\"><\/iframe><\/p>\n","protected":false},"excerpt":{"rendered":"<p>Nace coa idea de fomentar a convivencia e a relaci\u00f3n entre os Socios do Liceo a trav\u00e9s da mesa e da m\u00fasica, e que maneira m\u00e1is bonita de empezar, na noiti\u00f1a anterior os Magostos, extreamos esta nova actividade e disfrutamos moito, pero moito, foi una noite preciosa, onde houbo tempo para o paladar, para a [&hellip;]<\/p>\n","protected":false},"author":2,"featured_media":6260,"comment_status":"open","ping_status":"closed","sticky":false,"template":"","format":"standard","meta":{"footnotes":""},"categories":[1,23],"tags":[],"class_list":["post-6295","post","type-post","status-publish","format-standard","has-post-thumbnail","hentry","category-sin-categoria","category-veladas-musicais"],"_links":{"self":[{"href":"https:\/\/www.liceodeourense.com\/2.0\/index.php?rest_route=\/wp\/v2\/posts\/6295","targetHints":{"allow":["GET"]}}],"collection":[{"href":"https:\/\/www.liceodeourense.com\/2.0\/index.php?rest_route=\/wp\/v2\/posts"}],"about":[{"href":"https:\/\/www.liceodeourense.com\/2.0\/index.php?rest_route=\/wp\/v2\/types\/post"}],"author":[{"embeddable":true,"href":"https:\/\/www.liceodeourense.com\/2.0\/index.php?rest_route=\/wp\/v2\/users\/2"}],"replies":[{"embeddable":true,"href":"https:\/\/www.liceodeourense.com\/2.0\/index.php?rest_route=%2Fwp%2Fv2%2Fcomments&post=6295"}],"version-history":[{"count":4,"href":"https:\/\/www.liceodeourense.com\/2.0\/index.php?rest_route=\/wp\/v2\/posts\/6295\/revisions"}],"predecessor-version":[{"id":6304,"href":"https:\/\/www.liceodeourense.com\/2.0\/index.php?rest_route=\/wp\/v2\/posts\/6295\/revisions\/6304"}],"wp:featuredmedia":[{"embeddable":true,"href":"https:\/\/www.liceodeourense.com\/2.0\/index.php?rest_route=\/wp\/v2\/media\/6260"}],"wp:attachment":[{"href":"https:\/\/www.liceodeourense.com\/2.0\/index.php?rest_route=%2Fwp%2Fv2%2Fmedia&parent=6295"}],"wp:term":[{"taxonomy":"category","embeddable":true,"href":"https:\/\/www.liceodeourense.com\/2.0\/index.php?rest_route=%2Fwp%2Fv2%2Fcategories&post=6295"},{"taxonomy":"post_tag","embeddable":true,"href":"https:\/\/www.liceodeourense.com\/2.0\/index.php?rest_route=%2Fwp%2Fv2%2Ftags&post=6295"}],"curies":[{"name":"wp","href":"https:\/\/api.w.org\/{rel}","templated":true}]}}