{"id":6250,"date":"2016-11-02T18:19:18","date_gmt":"2016-11-02T17:19:18","guid":{"rendered":"http:\/\/www.liceodeourense.com\/2.0\/?p=6250"},"modified":"2016-11-02T18:19:18","modified_gmt":"2016-11-02T17:19:18","slug":"sinatura-do-convenio-de-colaboracion-entre-a-diputacion-o-liceo-de-ourense","status":"publish","type":"post","link":"https:\/\/www.liceodeourense.com\/2.0\/?p=6250","title":{"rendered":"SINATURA DO CONVENIO DE COLABORACI\u00d3N ENTRE A DIPUTACI\u00d3N O LICEO DE OURENSE"},"content":{"rendered":"<h3 style=\"text-align: justify;\">Na ma\u00f1\u00e1 de hoxe tivo lugar no Centro Cultural \u00abMarcos Valcarcel\u00bb a sinatura dun Convenio de Colaboraci\u00f3n entre a Diputaci\u00f3n de Ourense e a nosa Entidade. O noso agradecemento a Coorporaci\u00f3n Provincial e o seu Presidente por esta importante colaboraci\u00f3n, que far\u00e1 posible seguir facendo m\u00e1is Liceo.<\/h3>\n<p><a href=\"http:\/\/www.liceodeourense.com\/2.0\/wp-content\/uploads\/CwP-ntOXgAAQ4iV-1.jpg\"><img loading=\"lazy\" decoding=\"async\" class=\"alignright size-full wp-image-6252\" src=\"http:\/\/www.liceodeourense.com\/2.0\/wp-content\/uploads\/CwP-ntOXgAAQ4iV-1.jpg\" alt=\"cwp-ntoxgaaq4iv-1\" width=\"1783\" height=\"2048\" srcset=\"https:\/\/www.liceodeourense.com\/2.0\/wp-content\/uploads\/CwP-ntOXgAAQ4iV-1.jpg 1783w, https:\/\/www.liceodeourense.com\/2.0\/wp-content\/uploads\/CwP-ntOXgAAQ4iV-1-261x300.jpg 261w, https:\/\/www.liceodeourense.com\/2.0\/wp-content\/uploads\/CwP-ntOXgAAQ4iV-1-768x882.jpg 768w, https:\/\/www.liceodeourense.com\/2.0\/wp-content\/uploads\/CwP-ntOXgAAQ4iV-1-892x1024.jpg 892w\" sizes=\"auto, (max-width: 1783px) 100vw, 1783px\" \/><\/a><\/p>\n<p>&nbsp;<\/p>\n","protected":false},"excerpt":{"rendered":"<p>Na ma\u00f1\u00e1 de hoxe tivo lugar no Centro Cultural \u00abMarcos Valcarcel\u00bb a sinatura dun Convenio de Colaboraci\u00f3n entre a Diputaci\u00f3n de Ourense e a nosa Entidade. O noso agradecemento a Coorporaci\u00f3n Provincial e o seu Presidente por esta importante colaboraci\u00f3n, que far\u00e1 posible seguir facendo m\u00e1is Liceo. &nbsp;<\/p>\n","protected":false},"author":2,"featured_media":0,"comment_status":"open","ping_status":"closed","sticky":false,"template":"","format":"standard","meta":{"footnotes":""},"categories":[1],"tags":[],"class_list":["post-6250","post","type-post","status-publish","format-standard","hentry","category-sin-categoria"],"_links":{"self":[{"href":"https:\/\/www.liceodeourense.com\/2.0\/index.php?rest_route=\/wp\/v2\/posts\/6250","targetHints":{"allow":["GET"]}}],"collection":[{"href":"https:\/\/www.liceodeourense.com\/2.0\/index.php?rest_route=\/wp\/v2\/posts"}],"about":[{"href":"https:\/\/www.liceodeourense.com\/2.0\/index.php?rest_route=\/wp\/v2\/types\/post"}],"author":[{"embeddable":true,"href":"https:\/\/www.liceodeourense.com\/2.0\/index.php?rest_route=\/wp\/v2\/users\/2"}],"replies":[{"embeddable":true,"href":"https:\/\/www.liceodeourense.com\/2.0\/index.php?rest_route=%2Fwp%2Fv2%2Fcomments&post=6250"}],"version-history":[{"count":1,"href":"https:\/\/www.liceodeourense.com\/2.0\/index.php?rest_route=\/wp\/v2\/posts\/6250\/revisions"}],"predecessor-version":[{"id":6253,"href":"https:\/\/www.liceodeourense.com\/2.0\/index.php?rest_route=\/wp\/v2\/posts\/6250\/revisions\/6253"}],"wp:attachment":[{"href":"https:\/\/www.liceodeourense.com\/2.0\/index.php?rest_route=%2Fwp%2Fv2%2Fmedia&parent=6250"}],"wp:term":[{"taxonomy":"category","embeddable":true,"href":"https:\/\/www.liceodeourense.com\/2.0\/index.php?rest_route=%2Fwp%2Fv2%2Fcategories&post=6250"},{"taxonomy":"post_tag","embeddable":true,"href":"https:\/\/www.liceodeourense.com\/2.0\/index.php?rest_route=%2Fwp%2Fv2%2Ftags&post=6250"}],"curies":[{"name":"wp","href":"https:\/\/api.w.org\/{rel}","templated":true}]}}