{"id":5960,"date":"2016-05-31T10:02:25","date_gmt":"2016-05-31T09:02:25","guid":{"rendered":"http:\/\/www.liceodeourense.com\/2.0\/?p=5960"},"modified":"2016-06-06T10:06:43","modified_gmt":"2016-06-06T09:06:43","slug":"5960-2","status":"publish","type":"post","link":"https:\/\/www.liceodeourense.com\/2.0\/?p=5960","title":{"rendered":"El Liceo acoge una reuni\u00f3n de empresarios y asociaciones para apoyar la pervivencia de la C\u00e1mara de Ourense."},"content":{"rendered":"<h1 class=\"title\" style=\"text-align: justify;\">El Liceo acoge una reuni\u00f3n de empresarios y asociaciones para apoyar la pervivencia de la C\u00e1mara de Ourense.<\/h1>\n<div class=\"summary\">\n<p style=\"text-align: justify;\"><a href=\"http:\/\/www.liceodeourense.com\/2.0\/wp-content\/uploads\/foto-liceo-acto-empresarial.jpg\"><img loading=\"lazy\" decoding=\"async\" class=\"alignright size-full wp-image-5961\" src=\"http:\/\/www.liceodeourense.com\/2.0\/wp-content\/uploads\/foto-liceo-acto-empresarial.jpg\" alt=\"foto liceo acto empresarial\" width=\"980\" height=\"592\" srcset=\"https:\/\/www.liceodeourense.com\/2.0\/wp-content\/uploads\/foto-liceo-acto-empresarial.jpg 980w, https:\/\/www.liceodeourense.com\/2.0\/wp-content\/uploads\/foto-liceo-acto-empresarial-300x181.jpg 300w, https:\/\/www.liceodeourense.com\/2.0\/wp-content\/uploads\/foto-liceo-acto-empresarial-768x464.jpg 768w\" sizes=\"auto, (max-width: 980px) 100vw, 980px\" \/><\/a><\/p>\n<h3 style=\"text-align: justify;\">Un centenar de empresarios y representantes de entidades empresariales participaron este lunes en el Liceo de Ourense en un encuentro para apoyar a la C\u00e1mara de Comercio, que atraviesa una situaci\u00f3n delicada.<\/h3>\n<h3 style=\"text-align: justify;\">A la reuni\u00f3n asisti\u00f3 el miembro de la Junta Directiva del Liceo, <strong>Manuel Mart\u00ednez Rapela, quien manifest\u00f3 que \u201cestamos viviendo un momento in\u00e9dito por que por primera vez nos reunimos todos los presidentes vivos de la C\u00e1mara y CEO, <\/strong>los que lo fuimos y los que son en la actualidad, con peque\u00f1as ausencias justificadas. La CEO y la C\u00e1mara de la mano, cuando sea necesario, habr\u00e1n de estar prescribiendo opini\u00f3n y reivindicando continuamente nuestros derechos, que ni el empresario individual ni los representantes pol\u00edticos puedan hacer, atados por otros condicionantes\u00bb.<\/h3>\n<h3 style=\"text-align: justify;\">\u00abA nuestras instituciones empresariales no las podemos dejar caer de inanici\u00f3n ni de indiferencia. Hoy salvemos la C\u00e1mara ma\u00f1ana apoyemos a Asociaciones y Confederaciones, pero siempre unidas y en pro del bien com\u00fan de la provincia, sin temor a decir lo que haya que decir ante quien sea. Solo as\u00ed se pervive y se gana el respeto y la confianza de todos\u00bb, a\u00f1adi\u00f3.<\/h3>\n<p style=\"text-align: justify;\">\n<\/div>\n","protected":false},"excerpt":{"rendered":"<p>El Liceo acoge una reuni\u00f3n de empresarios y asociaciones para apoyar la pervivencia de la C\u00e1mara de Ourense. Un centenar de empresarios y representantes de entidades empresariales participaron este lunes en el Liceo de Ourense en un encuentro para apoyar a la C\u00e1mara de Comercio, que atraviesa una situaci\u00f3n delicada. A la reuni\u00f3n asisti\u00f3 el [&hellip;]<\/p>\n","protected":false},"author":2,"featured_media":5961,"comment_status":"open","ping_status":"closed","sticky":false,"template":"","format":"standard","meta":{"footnotes":""},"categories":[1],"tags":[],"class_list":["post-5960","post","type-post","status-publish","format-standard","has-post-thumbnail","hentry","category-sin-categoria"],"_links":{"self":[{"href":"https:\/\/www.liceodeourense.com\/2.0\/index.php?rest_route=\/wp\/v2\/posts\/5960","targetHints":{"allow":["GET"]}}],"collection":[{"href":"https:\/\/www.liceodeourense.com\/2.0\/index.php?rest_route=\/wp\/v2\/posts"}],"about":[{"href":"https:\/\/www.liceodeourense.com\/2.0\/index.php?rest_route=\/wp\/v2\/types\/post"}],"author":[{"embeddable":true,"href":"https:\/\/www.liceodeourense.com\/2.0\/index.php?rest_route=\/wp\/v2\/users\/2"}],"replies":[{"embeddable":true,"href":"https:\/\/www.liceodeourense.com\/2.0\/index.php?rest_route=%2Fwp%2Fv2%2Fcomments&post=5960"}],"version-history":[{"count":3,"href":"https:\/\/www.liceodeourense.com\/2.0\/index.php?rest_route=\/wp\/v2\/posts\/5960\/revisions"}],"predecessor-version":[{"id":5964,"href":"https:\/\/www.liceodeourense.com\/2.0\/index.php?rest_route=\/wp\/v2\/posts\/5960\/revisions\/5964"}],"wp:featuredmedia":[{"embeddable":true,"href":"https:\/\/www.liceodeourense.com\/2.0\/index.php?rest_route=\/wp\/v2\/media\/5961"}],"wp:attachment":[{"href":"https:\/\/www.liceodeourense.com\/2.0\/index.php?rest_route=%2Fwp%2Fv2%2Fmedia&parent=5960"}],"wp:term":[{"taxonomy":"category","embeddable":true,"href":"https:\/\/www.liceodeourense.com\/2.0\/index.php?rest_route=%2Fwp%2Fv2%2Fcategories&post=5960"},{"taxonomy":"post_tag","embeddable":true,"href":"https:\/\/www.liceodeourense.com\/2.0\/index.php?rest_route=%2Fwp%2Fv2%2Ftags&post=5960"}],"curies":[{"name":"wp","href":"https:\/\/api.w.org\/{rel}","templated":true}]}}