{"id":4913,"date":"2015-05-24T09:33:39","date_gmt":"2015-05-24T08:33:39","guid":{"rendered":"http:\/\/www.liceodeourense.com\/2.0\/?p=4913"},"modified":"2015-05-25T09:35:24","modified_gmt":"2015-05-25T08:35:24","slug":"concerto-carlos-lastresdavid-cid","status":"publish","type":"post","link":"https:\/\/www.liceodeourense.com\/2.0\/?p=4913","title":{"rendered":"Concerto CARLOS LASTRES&#038;DAVID CID"},"content":{"rendered":"<p style=\"text-align: justify;\">Que noite m\u00e1is bonita pasamos o venres coa actuaci\u00f3n de Carlos Lastres e David Cid no Patio de Columnas do Liceo, da gusto disfrutar de boa m\u00fasica neste espacio, con unha actividade que cada d\u00eda se consolida m\u00e1is, a que acuden cada d\u00eda m\u00edas socios, esperamos e desexamos que cada actuaci\u00f3n sexan m\u00e1is os que nos acompa\u00f1en.<\/p>\n<p style=\"text-align: justify;\">Gracias a todos por vir, e gracias a Carlos e a David, pola magn\u00edfica noite que nos firexon pasar, e por ser tan grandes musicos como personas.<\/p>\n<p>&nbsp;<\/p>\n<p><a href=\"http:\/\/www.liceodeourense.com\/2.0\/wp-content\/uploads\/IMG_20150522_222424.jpg\"><img loading=\"lazy\" decoding=\"async\" class=\"alignleft size-full wp-image-4914\" src=\"http:\/\/www.liceodeourense.com\/2.0\/wp-content\/uploads\/IMG_20150522_222424.jpg\" alt=\"IMG_20150522_222424\" width=\"936\" height=\"936\" srcset=\"https:\/\/www.liceodeourense.com\/2.0\/wp-content\/uploads\/IMG_20150522_222424.jpg 936w, https:\/\/www.liceodeourense.com\/2.0\/wp-content\/uploads\/IMG_20150522_222424-150x150.jpg 150w, https:\/\/www.liceodeourense.com\/2.0\/wp-content\/uploads\/IMG_20150522_222424-300x300.jpg 300w\" sizes=\"auto, (max-width: 936px) 100vw, 936px\" \/><\/a> <a href=\"http:\/\/www.liceodeourense.com\/2.0\/wp-content\/uploads\/IMG_20150522_222434.jpg\"><img loading=\"lazy\" decoding=\"async\" class=\"alignleft size-full wp-image-4915\" src=\"http:\/\/www.liceodeourense.com\/2.0\/wp-content\/uploads\/IMG_20150522_222434.jpg\" alt=\"IMG_20150522_222434\" width=\"936\" height=\"936\" srcset=\"https:\/\/www.liceodeourense.com\/2.0\/wp-content\/uploads\/IMG_20150522_222434.jpg 936w, https:\/\/www.liceodeourense.com\/2.0\/wp-content\/uploads\/IMG_20150522_222434-150x150.jpg 150w, https:\/\/www.liceodeourense.com\/2.0\/wp-content\/uploads\/IMG_20150522_222434-300x300.jpg 300w\" sizes=\"auto, (max-width: 936px) 100vw, 936px\" \/><\/a> <a href=\"http:\/\/www.liceodeourense.com\/2.0\/wp-content\/uploads\/IMG_20150522_222450.jpg\"><img loading=\"lazy\" decoding=\"async\" class=\"alignleft size-full wp-image-4916\" src=\"http:\/\/www.liceodeourense.com\/2.0\/wp-content\/uploads\/IMG_20150522_222450.jpg\" alt=\"IMG_20150522_222450\" width=\"936\" height=\"936\" srcset=\"https:\/\/www.liceodeourense.com\/2.0\/wp-content\/uploads\/IMG_20150522_222450.jpg 936w, https:\/\/www.liceodeourense.com\/2.0\/wp-content\/uploads\/IMG_20150522_222450-150x150.jpg 150w, https:\/\/www.liceodeourense.com\/2.0\/wp-content\/uploads\/IMG_20150522_222450-300x300.jpg 300w\" sizes=\"auto, (max-width: 936px) 100vw, 936px\" \/><\/a> <a href=\"http:\/\/www.liceodeourense.com\/2.0\/wp-content\/uploads\/IMG_20150522_225713.jpg\"><img loading=\"lazy\" decoding=\"async\" class=\"alignleft size-full wp-image-4917\" src=\"http:\/\/www.liceodeourense.com\/2.0\/wp-content\/uploads\/IMG_20150522_225713.jpg\" alt=\"IMG_20150522_225713\" width=\"936\" height=\"936\" srcset=\"https:\/\/www.liceodeourense.com\/2.0\/wp-content\/uploads\/IMG_20150522_225713.jpg 936w, https:\/\/www.liceodeourense.com\/2.0\/wp-content\/uploads\/IMG_20150522_225713-150x150.jpg 150w, https:\/\/www.liceodeourense.com\/2.0\/wp-content\/uploads\/IMG_20150522_225713-300x300.jpg 300w\" sizes=\"auto, (max-width: 936px) 100vw, 936px\" \/><\/a> <a href=\"http:\/\/www.liceodeourense.com\/2.0\/wp-content\/uploads\/IMG_20150522_225722.jpg\"><img loading=\"lazy\" decoding=\"async\" class=\"alignleft size-full wp-image-4918\" src=\"http:\/\/www.liceodeourense.com\/2.0\/wp-content\/uploads\/IMG_20150522_225722.jpg\" alt=\"IMG_20150522_225722\" width=\"936\" height=\"936\" srcset=\"https:\/\/www.liceodeourense.com\/2.0\/wp-content\/uploads\/IMG_20150522_225722.jpg 936w, https:\/\/www.liceodeourense.com\/2.0\/wp-content\/uploads\/IMG_20150522_225722-150x150.jpg 150w, https:\/\/www.liceodeourense.com\/2.0\/wp-content\/uploads\/IMG_20150522_225722-300x300.jpg 300w\" sizes=\"auto, (max-width: 936px) 100vw, 936px\" \/><\/a><\/p>\n","protected":false},"excerpt":{"rendered":"<p>Que noite m\u00e1is bonita pasamos o venres coa actuaci\u00f3n de Carlos Lastres e David Cid no Patio de Columnas do Liceo, da gusto disfrutar de boa m\u00fasica neste espacio, con unha actividade que cada d\u00eda se consolida m\u00e1is, a que acuden cada d\u00eda m\u00edas socios, esperamos e desexamos que cada actuaci\u00f3n sexan m\u00e1is os que [&hellip;]<\/p>\n","protected":false},"author":2,"featured_media":4914,"comment_status":"open","ping_status":"closed","sticky":false,"template":"","format":"standard","meta":{"footnotes":""},"categories":[5,21],"tags":[],"class_list":["post-4913","post","type-post","status-publish","format-standard","has-post-thumbnail","hentry","category-musica","category-musica-concertos-patio-de-columnas"],"_links":{"self":[{"href":"https:\/\/www.liceodeourense.com\/2.0\/index.php?rest_route=\/wp\/v2\/posts\/4913","targetHints":{"allow":["GET"]}}],"collection":[{"href":"https:\/\/www.liceodeourense.com\/2.0\/index.php?rest_route=\/wp\/v2\/posts"}],"about":[{"href":"https:\/\/www.liceodeourense.com\/2.0\/index.php?rest_route=\/wp\/v2\/types\/post"}],"author":[{"embeddable":true,"href":"https:\/\/www.liceodeourense.com\/2.0\/index.php?rest_route=\/wp\/v2\/users\/2"}],"replies":[{"embeddable":true,"href":"https:\/\/www.liceodeourense.com\/2.0\/index.php?rest_route=%2Fwp%2Fv2%2Fcomments&post=4913"}],"version-history":[{"count":2,"href":"https:\/\/www.liceodeourense.com\/2.0\/index.php?rest_route=\/wp\/v2\/posts\/4913\/revisions"}],"predecessor-version":[{"id":4920,"href":"https:\/\/www.liceodeourense.com\/2.0\/index.php?rest_route=\/wp\/v2\/posts\/4913\/revisions\/4920"}],"wp:featuredmedia":[{"embeddable":true,"href":"https:\/\/www.liceodeourense.com\/2.0\/index.php?rest_route=\/wp\/v2\/media\/4914"}],"wp:attachment":[{"href":"https:\/\/www.liceodeourense.com\/2.0\/index.php?rest_route=%2Fwp%2Fv2%2Fmedia&parent=4913"}],"wp:term":[{"taxonomy":"category","embeddable":true,"href":"https:\/\/www.liceodeourense.com\/2.0\/index.php?rest_route=%2Fwp%2Fv2%2Fcategories&post=4913"},{"taxonomy":"post_tag","embeddable":true,"href":"https:\/\/www.liceodeourense.com\/2.0\/index.php?rest_route=%2Fwp%2Fv2%2Ftags&post=4913"}],"curies":[{"name":"wp","href":"https:\/\/api.w.org\/{rel}","templated":true}]}}