{"id":4722,"date":"2015-03-07T19:32:22","date_gmt":"2015-03-07T18:32:22","guid":{"rendered":"http:\/\/www.liceodeourense.com\/2.0\/?p=4722"},"modified":"2015-03-09T19:41:01","modified_gmt":"2015-03-09T18:41:01","slug":"cada-dia-mais-sorprendente-as-veladas-de-maria-do-ceo-no-liceo","status":"publish","type":"post","link":"https:\/\/www.liceodeourense.com\/2.0\/?p=4722","title":{"rendered":"Cada d\u00eda mais sorprendente as veladas de Maria do Ceo no Liceo."},"content":{"rendered":"<h4 style=\"text-align: justify;\">Unha noite m\u00e1is, outra velada sorprendente, outra cea concerto con Maria do Ceo, e cada d\u00eda unha un luxo m\u00e1is grande, cada noite un repertorio distinto, que grande, e que fortuna contar con esta gran artista e esta gran muller. Gracias Mar\u00eda.<\/h4>\n<h4 style=\"text-align: justify;\">A pr\u00f3xima cita, d\u00eda 8 de maio.<\/h4>\n<p><a href=\"http:\/\/www.liceodeourense.com\/2.0\/wp-content\/uploads\/IMG_20150307_002058.jpg\"><img loading=\"lazy\" decoding=\"async\" class=\"alignleft size-full wp-image-4723\" src=\"http:\/\/www.liceodeourense.com\/2.0\/wp-content\/uploads\/IMG_20150307_002058.jpg\" alt=\"IMG_20150307_002058\" width=\"3120\" height=\"3120\" srcset=\"https:\/\/www.liceodeourense.com\/2.0\/wp-content\/uploads\/IMG_20150307_002058.jpg 3120w, https:\/\/www.liceodeourense.com\/2.0\/wp-content\/uploads\/IMG_20150307_002058-150x150.jpg 150w, https:\/\/www.liceodeourense.com\/2.0\/wp-content\/uploads\/IMG_20150307_002058-300x300.jpg 300w, https:\/\/www.liceodeourense.com\/2.0\/wp-content\/uploads\/IMG_20150307_002058-1024x1024.jpg 1024w\" sizes=\"auto, (max-width: 3120px) 100vw, 3120px\" \/><\/a> <a href=\"http:\/\/www.liceodeourense.com\/2.0\/wp-content\/uploads\/IMG_20150307_002115.jpg\"><img loading=\"lazy\" decoding=\"async\" class=\"alignleft size-full wp-image-4724\" src=\"http:\/\/www.liceodeourense.com\/2.0\/wp-content\/uploads\/IMG_20150307_002115.jpg\" alt=\"IMG_20150307_002115\" width=\"3120\" height=\"3120\" srcset=\"https:\/\/www.liceodeourense.com\/2.0\/wp-content\/uploads\/IMG_20150307_002115.jpg 3120w, https:\/\/www.liceodeourense.com\/2.0\/wp-content\/uploads\/IMG_20150307_002115-150x150.jpg 150w, https:\/\/www.liceodeourense.com\/2.0\/wp-content\/uploads\/IMG_20150307_002115-300x300.jpg 300w, https:\/\/www.liceodeourense.com\/2.0\/wp-content\/uploads\/IMG_20150307_002115-1024x1024.jpg 1024w\" sizes=\"auto, (max-width: 3120px) 100vw, 3120px\" \/><\/a> <a href=\"http:\/\/www.liceodeourense.com\/2.0\/wp-content\/uploads\/IMG_20150307_002437.jpg\"><img loading=\"lazy\" decoding=\"async\" class=\"alignleft size-full wp-image-4725\" src=\"http:\/\/www.liceodeourense.com\/2.0\/wp-content\/uploads\/IMG_20150307_002437.jpg\" alt=\"IMG_20150307_002437\" width=\"3120\" height=\"3120\" srcset=\"https:\/\/www.liceodeourense.com\/2.0\/wp-content\/uploads\/IMG_20150307_002437.jpg 3120w, https:\/\/www.liceodeourense.com\/2.0\/wp-content\/uploads\/IMG_20150307_002437-150x150.jpg 150w, https:\/\/www.liceodeourense.com\/2.0\/wp-content\/uploads\/IMG_20150307_002437-300x300.jpg 300w, https:\/\/www.liceodeourense.com\/2.0\/wp-content\/uploads\/IMG_20150307_002437-1024x1024.jpg 1024w\" sizes=\"auto, (max-width: 3120px) 100vw, 3120px\" \/><\/a> <a href=\"http:\/\/www.liceodeourense.com\/2.0\/wp-content\/uploads\/IMG_20150307_002454.jpg\"><img loading=\"lazy\" decoding=\"async\" class=\"alignleft size-full wp-image-4726\" src=\"http:\/\/www.liceodeourense.com\/2.0\/wp-content\/uploads\/IMG_20150307_002454.jpg\" alt=\"IMG_20150307_002454\" width=\"3120\" height=\"3120\" srcset=\"https:\/\/www.liceodeourense.com\/2.0\/wp-content\/uploads\/IMG_20150307_002454.jpg 3120w, https:\/\/www.liceodeourense.com\/2.0\/wp-content\/uploads\/IMG_20150307_002454-150x150.jpg 150w, https:\/\/www.liceodeourense.com\/2.0\/wp-content\/uploads\/IMG_20150307_002454-300x300.jpg 300w, https:\/\/www.liceodeourense.com\/2.0\/wp-content\/uploads\/IMG_20150307_002454-1024x1024.jpg 1024w\" sizes=\"auto, (max-width: 3120px) 100vw, 3120px\" \/><\/a><\/p>\n","protected":false},"excerpt":{"rendered":"<p>Unha noite m\u00e1is, outra velada sorprendente, outra cea concerto con Maria do Ceo, e cada d\u00eda unha un luxo m\u00e1is grande, cada noite un repertorio distinto, que grande, e que fortuna contar con esta gran artista e esta gran muller. Gracias Mar\u00eda. A pr\u00f3xima cita, d\u00eda 8 de maio.<\/p>\n","protected":false},"author":2,"featured_media":0,"comment_status":"open","ping_status":"closed","sticky":false,"template":"","format":"standard","meta":{"footnotes":""},"categories":[5],"tags":[],"class_list":["post-4722","post","type-post","status-publish","format-standard","hentry","category-musica"],"_links":{"self":[{"href":"https:\/\/www.liceodeourense.com\/2.0\/index.php?rest_route=\/wp\/v2\/posts\/4722","targetHints":{"allow":["GET"]}}],"collection":[{"href":"https:\/\/www.liceodeourense.com\/2.0\/index.php?rest_route=\/wp\/v2\/posts"}],"about":[{"href":"https:\/\/www.liceodeourense.com\/2.0\/index.php?rest_route=\/wp\/v2\/types\/post"}],"author":[{"embeddable":true,"href":"https:\/\/www.liceodeourense.com\/2.0\/index.php?rest_route=\/wp\/v2\/users\/2"}],"replies":[{"embeddable":true,"href":"https:\/\/www.liceodeourense.com\/2.0\/index.php?rest_route=%2Fwp%2Fv2%2Fcomments&post=4722"}],"version-history":[{"count":2,"href":"https:\/\/www.liceodeourense.com\/2.0\/index.php?rest_route=\/wp\/v2\/posts\/4722\/revisions"}],"predecessor-version":[{"id":4729,"href":"https:\/\/www.liceodeourense.com\/2.0\/index.php?rest_route=\/wp\/v2\/posts\/4722\/revisions\/4729"}],"wp:attachment":[{"href":"https:\/\/www.liceodeourense.com\/2.0\/index.php?rest_route=%2Fwp%2Fv2%2Fmedia&parent=4722"}],"wp:term":[{"taxonomy":"category","embeddable":true,"href":"https:\/\/www.liceodeourense.com\/2.0\/index.php?rest_route=%2Fwp%2Fv2%2Fcategories&post=4722"},{"taxonomy":"post_tag","embeddable":true,"href":"https:\/\/www.liceodeourense.com\/2.0\/index.php?rest_route=%2Fwp%2Fv2%2Ftags&post=4722"}],"curies":[{"name":"wp","href":"https:\/\/api.w.org\/{rel}","templated":true}]}}