{"id":4551,"date":"2015-01-23T12:01:26","date_gmt":"2015-01-23T11:01:26","guid":{"rendered":"http:\/\/www.liceodeourense.com\/2.0\/?p=4551"},"modified":"2015-01-23T12:02:16","modified_gmt":"2015-01-23T11:02:16","slug":"vii-semana-de-teologia","status":"publish","type":"post","link":"https:\/\/www.liceodeourense.com\/2.0\/?p=4551","title":{"rendered":"VII Semana de Teolog\u00eda."},"content":{"rendered":"<p class=\"NoticiasTitular\"><span class=\"NoticiasTitular30\">VII Semana de Teolog\u00eda<\/span><\/p>\n<p class=\"NoticiasTexto\">El mi\u00e9rcoles 21 de enero quedaba inaugurada en el Liceo de Ourense la VII Semana de Te<img loading=\"lazy\" decoding=\"async\" class=\"alignleft size-full wp-image-4554\" src=\"http:\/\/www.liceodeourense.com\/2.0\/wp-content\/uploads\/teologia01.jpg\" alt=\"teologia01\" width=\"400\" height=\"178\" srcset=\"https:\/\/www.liceodeourense.com\/2.0\/wp-content\/uploads\/teologia01.jpg 400w, https:\/\/www.liceodeourense.com\/2.0\/wp-content\/uploads\/teologia01-300x134.jpg 300w\" sizes=\"auto, (max-width: 400px) 100vw, 400px\" \/>olog\u00eda con la conferencia <em>LA MISI\u00d3N EVANGELIZADORA Y EL COMPROMISO SOCIAL DE LA IGLESIA <\/em>a cargo de D. \u00c1ngel Galindo Garc\u00eda, <em>Rector de la Universidad Pontificia de Salamanca <\/em>(en la fotograf\u00eda)<em>.<\/em><\/p>\n<p class=\"NoticiasTexto\">\n<p class=\"NoticiasTexto\">El jueves 22 de enero, tras la presentaci\u00f3n de Auriensia, la revista del Instituto Teol\u00f3gico \u00abDivino Maestro\u00bb, a cargo de su director, el sacerdote diocesano D. Jos\u00e9 Ram\u00f3n Hern\u00e1ndez Figueiredo, Mons. D. Ra\u00fal Berzosa Mart\u00ednez,<strong> <em>Obispo de Ciudad Rodrigo<\/em><\/strong><b><em>,<\/em><\/b> expon\u00eda el tema: <em>CONVERSI\u00d3N DE LAS ESTRUCTURAS PARA UNA NUEVA EVANGELIZACI\u00d3N EN NUESTRA TIERRA<\/em><b>.<\/b><\/p>\n<p class=\"NoticiasTexto\"><strong>Viernes 23 de enero:<\/strong> a las 20:00 horas en el Liceo de Ourense, D. Aurelio Garc\u00eda Mac\u00edas, Rector del Seminario y Delegado de Liturgia de Valladolid, ser\u00e1 el ponente de la tercera jornada con el tema: LA LITURGIA, FUENTE DE EVANGELIZACI\u00d3N Y FUERZA PARA EVANGELIZAR<\/p>\n<p class=\"NoticiasTexto\"><a href=\"http:\/\/www.liceodeourense.com\/2.0\/wp-content\/uploads\/teologia2-1.jpg\"><img loading=\"lazy\" decoding=\"async\" class=\"alignleft size-full wp-image-4552\" src=\"http:\/\/www.liceodeourense.com\/2.0\/wp-content\/uploads\/teologia2-1.jpg\" alt=\"teologia2 (1)\" width=\"400\" height=\"496\" srcset=\"https:\/\/www.liceodeourense.com\/2.0\/wp-content\/uploads\/teologia2-1.jpg 400w, https:\/\/www.liceodeourense.com\/2.0\/wp-content\/uploads\/teologia2-1-242x300.jpg 242w\" sizes=\"auto, (max-width: 400px) 100vw, 400px\" \/><\/a><\/p>\n","protected":false},"excerpt":{"rendered":"<p>VII Semana de Teolog\u00eda El mi\u00e9rcoles 21 de enero quedaba inaugurada en el Liceo de Ourense la VII Semana de Teolog\u00eda con la conferencia LA MISI\u00d3N EVANGELIZADORA Y EL COMPROMISO SOCIAL DE LA IGLESIA a cargo de D. \u00c1ngel Galindo Garc\u00eda, Rector de la Universidad Pontificia de Salamanca (en la fotograf\u00eda). El jueves 22 de [&hellip;]<\/p>\n","protected":false},"author":2,"featured_media":0,"comment_status":"open","ping_status":"closed","sticky":false,"template":"","format":"standard","meta":{"footnotes":""},"categories":[1],"tags":[],"class_list":["post-4551","post","type-post","status-publish","format-standard","hentry","category-sin-categoria"],"_links":{"self":[{"href":"https:\/\/www.liceodeourense.com\/2.0\/index.php?rest_route=\/wp\/v2\/posts\/4551","targetHints":{"allow":["GET"]}}],"collection":[{"href":"https:\/\/www.liceodeourense.com\/2.0\/index.php?rest_route=\/wp\/v2\/posts"}],"about":[{"href":"https:\/\/www.liceodeourense.com\/2.0\/index.php?rest_route=\/wp\/v2\/types\/post"}],"author":[{"embeddable":true,"href":"https:\/\/www.liceodeourense.com\/2.0\/index.php?rest_route=\/wp\/v2\/users\/2"}],"replies":[{"embeddable":true,"href":"https:\/\/www.liceodeourense.com\/2.0\/index.php?rest_route=%2Fwp%2Fv2%2Fcomments&post=4551"}],"version-history":[{"count":2,"href":"https:\/\/www.liceodeourense.com\/2.0\/index.php?rest_route=\/wp\/v2\/posts\/4551\/revisions"}],"predecessor-version":[{"id":4555,"href":"https:\/\/www.liceodeourense.com\/2.0\/index.php?rest_route=\/wp\/v2\/posts\/4551\/revisions\/4555"}],"wp:attachment":[{"href":"https:\/\/www.liceodeourense.com\/2.0\/index.php?rest_route=%2Fwp%2Fv2%2Fmedia&parent=4551"}],"wp:term":[{"taxonomy":"category","embeddable":true,"href":"https:\/\/www.liceodeourense.com\/2.0\/index.php?rest_route=%2Fwp%2Fv2%2Fcategories&post=4551"},{"taxonomy":"post_tag","embeddable":true,"href":"https:\/\/www.liceodeourense.com\/2.0\/index.php?rest_route=%2Fwp%2Fv2%2Ftags&post=4551"}],"curies":[{"name":"wp","href":"https:\/\/api.w.org\/{rel}","templated":true}]}}