{"id":441,"date":"2011-11-11T13:21:00","date_gmt":"2011-11-11T13:21:00","guid":{"rendered":"http:\/\/www.liceodeourense.com\/2.0\/celebracion-de-san-martino-no-liceo-de-ourense-2\/"},"modified":"2011-11-11T13:21:00","modified_gmt":"2011-11-11T13:21:00","slug":"celebracion-de-san-martino-no-liceo-de-ourense-2","status":"publish","type":"post","link":"https:\/\/www.liceodeourense.com\/2.0\/?p=441","title":{"rendered":"CELEBRACI\u00d3N DE SAN MARTI\u00d1O NO LICEO DE OURENSE"},"content":{"rendered":"<p><a href=\"http:\/\/2.bp.blogspot.com\/-OjsU6z_aoc4\/Tr0iZIwmjHI\/AAAAAAAAD74\/nyHCNouIiA4\/s1600\/CONCERTO-SAN-MARTI%25C3%2591O-2011-0.jpg\" onblur=\"try {parent.deselectBloggerImageGracefully();} catch(e) {}\"><img decoding=\"async\" style=\"float:left; margin:0 10px 10px 0;cursor:pointer; cursor:hand;width: 400px; height: 300px;\" src=\"http:\/\/2.bp.blogspot.com\/-OjsU6z_aoc4\/Tr0iZIwmjHI\/AAAAAAAAD74\/nyHCNouIiA4\/s400\/CONCERTO-SAN-MARTI%25C3%2591O-2011-0.jpg\" border=\"0\" alt=\"\" id=\"BLOGGER_PHOTO_ID_5673728920800103538\" \/><\/a><br \/><a href=\"http:\/\/1.bp.blogspot.com\/-F4uE3o5HWVI\/Tr0iVEnJxEI\/AAAAAAAAD7s\/RLdEt5OAdXA\/s1600\/CONCERTO-SAN-MARTI%25C3%2591O-2011-2.jpg\" onblur=\"try {parent.deselectBloggerImageGracefully();} catch(e) {}\"><img decoding=\"async\" style=\"float:left; margin:0 10px 10px 0;cursor:pointer; cursor:hand;width: 400px; height: 300px;\" src=\"http:\/\/1.bp.blogspot.com\/-F4uE3o5HWVI\/Tr0iVEnJxEI\/AAAAAAAAD7s\/RLdEt5OAdXA\/s400\/CONCERTO-SAN-MARTI%25C3%2591O-2011-2.jpg\" border=\"0\" alt=\"\" id=\"BLOGGER_PHOTO_ID_5673728850967249986\" \/><\/a>13.00 horas. Concerto de San Marti\u00f1o pola Banda de M\u00fasica Municipal de Ourense.<\/p>\n<div><a href=\"http:\/\/1.bp.blogspot.com\/-AKWPzlTnWdA\/Tr0hrVOoKgI\/AAAAAAAAD7g\/1sw_5v9aVPY\/s1600\/FILATELIA-INAUGURACI%25C3%2593N-2011.jpg\" onblur=\"try {parent.deselectBloggerImageGracefully();} catch(e) {}\"><img decoding=\"async\" style=\"float:left; margin:0 10px 10px 0;cursor:pointer; cursor:hand;width: 400px; height: 300px;\" src=\"http:\/\/1.bp.blogspot.com\/-AKWPzlTnWdA\/Tr0hrVOoKgI\/AAAAAAAAD7g\/1sw_5v9aVPY\/s400\/FILATELIA-INAUGURACI%25C3%2593N-2011.jpg\" border=\"0\" alt=\"\" id=\"BLOGGER_PHOTO_ID_5673728133873281538\" \/><\/a><\/p>\n<\/div>\n<div><\/div>\n<div><\/div>\n<div><\/div>\n<div><\/div>\n<div><\/div>\n<div><\/div>\n<div><\/div>\n<div><\/div>\n<div><\/div>\n<div><\/div>\n<div><\/div>\n<div><\/div>\n<div><\/div>\n<div><\/div>\n<div><\/div>\n<div><\/div>\n<div><\/div>\n<div><\/div>\n<div><\/div>\n<div><\/div>\n<div><\/div>\n<div><\/div>\n<div><\/div>\n<div><\/div>\n<div><\/div>\n<div><\/div>\n<div><\/div>\n<div><\/div>\n<div><\/div>\n<div>13.00 horas. Inauguraci\u00f3n da Exposici\u00f3n de San Marti\u00f1o pola Sociedade Filat\u00e9lica e Numism\u00e1tica Mi\u00f1o.<\/div>\n<div><\/div>\n","protected":false},"excerpt":{"rendered":"<p>13.00 horas. Concerto de San Marti\u00f1o pola Banda de M\u00fasica Municipal de Ourense. 13.00 horas. Inauguraci\u00f3n da Exposici\u00f3n de San Marti\u00f1o pola Sociedade Filat\u00e9lica e Numism\u00e1tica Mi\u00f1o.<\/p>\n","protected":false},"author":2,"featured_media":0,"comment_status":"open","ping_status":"closed","sticky":false,"template":"","format":"standard","meta":{"footnotes":""},"categories":[4],"tags":[],"class_list":["post-441","post","type-post","status-publish","format-standard","hentry","category-liceo"],"_links":{"self":[{"href":"https:\/\/www.liceodeourense.com\/2.0\/index.php?rest_route=\/wp\/v2\/posts\/441","targetHints":{"allow":["GET"]}}],"collection":[{"href":"https:\/\/www.liceodeourense.com\/2.0\/index.php?rest_route=\/wp\/v2\/posts"}],"about":[{"href":"https:\/\/www.liceodeourense.com\/2.0\/index.php?rest_route=\/wp\/v2\/types\/post"}],"author":[{"embeddable":true,"href":"https:\/\/www.liceodeourense.com\/2.0\/index.php?rest_route=\/wp\/v2\/users\/2"}],"replies":[{"embeddable":true,"href":"https:\/\/www.liceodeourense.com\/2.0\/index.php?rest_route=%2Fwp%2Fv2%2Fcomments&post=441"}],"version-history":[{"count":0,"href":"https:\/\/www.liceodeourense.com\/2.0\/index.php?rest_route=\/wp\/v2\/posts\/441\/revisions"}],"wp:attachment":[{"href":"https:\/\/www.liceodeourense.com\/2.0\/index.php?rest_route=%2Fwp%2Fv2%2Fmedia&parent=441"}],"wp:term":[{"taxonomy":"category","embeddable":true,"href":"https:\/\/www.liceodeourense.com\/2.0\/index.php?rest_route=%2Fwp%2Fv2%2Fcategories&post=441"},{"taxonomy":"post_tag","embeddable":true,"href":"https:\/\/www.liceodeourense.com\/2.0\/index.php?rest_route=%2Fwp%2Fv2%2Ftags&post=441"}],"curies":[{"name":"wp","href":"https:\/\/api.w.org\/{rel}","templated":true}]}}