{"id":435,"date":"2011-10-03T09:05:00","date_gmt":"2011-10-03T09:05:00","guid":{"rendered":"http:\/\/www.liceodeourense.com\/2.0\/excursion-bouro-xeres-boticas\/"},"modified":"2011-10-03T09:05:00","modified_gmt":"2011-10-03T09:05:00","slug":"excursion-bouro-xeres-boticas","status":"publish","type":"post","link":"https:\/\/www.liceodeourense.com\/2.0\/?p=435","title":{"rendered":"EXCURSION BOURO-XER\u00caS-BOTICAS"},"content":{"rendered":"<p><a href=\"http:\/\/4.bp.blogspot.com\/-brwbX4MFqBc\/Tol7q0dpeKI\/AAAAAAAADwY\/S2PrSPHtupk\/s1600\/MONASTERIO-DE-RENDUFE.jpg\"><img decoding=\"async\" id=\"BLOGGER_PHOTO_ID_5659190382335457442\" style=\"FLOAT: left; MARGIN: 0px 10px 10px 0px; WIDTH: 400px; CURSOR: hand; HEIGHT: 300px\" alt=\"\" src=\"http:\/\/4.bp.blogspot.com\/-brwbX4MFqBc\/Tol7q0dpeKI\/AAAAAAAADwY\/S2PrSPHtupk\/s400\/MONASTERIO-DE-RENDUFE.jpg\" border=\"0\" \/><\/a><\/p>\n<p><\/p>\n<div align=\"justify\"><span style=\"font-family:trebuchet ms;font-size:130%;\">Arrincamos o Curso, e arrincamos as Excursi\u00f3n do Liceo e da Secci\u00f3n de Arte e Historia. Como xa ven sendo tradicional neste \u00faltimos anos a primeira das excursions \u00e9 a Portugal para disfrutar da sua paisaxe e sobre todo do seu \u00abbacallau\u00bb. Pola estrada de une Ourense polo Lindoso e a fronteira da \u00abMadalena\u00bb chegamos a Rendufe, para visitar o seu Mosteiro de San Andr\u00e9, Mosteiro benedictino barroco.<\/span><a href=\"http:\/\/1.bp.blogspot.com\/-HFBS2ziXSZ4\/Tol7qttLF4I\/AAAAAAAADwQ\/8WKp2njUh4Q\/s1600\/MONASTERIO-DE-RENDUFE-%25281%2529.jpg\"><img decoding=\"async\" id=\"BLOGGER_PHOTO_ID_5659190380521527170\" style=\"FLOAT: left; MARGIN: 0px 10px 10px 0px; WIDTH: 400px; CURSOR: hand; HEIGHT: 300px\" alt=\"\" src=\"http:\/\/1.bp.blogspot.com\/-HFBS2ziXSZ4\/Tol7qttLF4I\/AAAAAAAADwQ\/8WKp2njUh4Q\/s400\/MONASTERIO-DE-RENDUFE-%25281%2529.jpg\" border=\"0\" \/><\/a><br \/><a href=\"http:\/\/4.bp.blogspot.com\/-EwWKHIixfxQ\/Tol7qmXi6kI\/AAAAAAAADwI\/_4Z1ODZHOcY\/s1600\/MONASTERIO-DE-RENDUFE-%25282%2529.jpg\"><img decoding=\"async\" id=\"BLOGGER_PHOTO_ID_5659190378551765570\" style=\"FLOAT: left; MARGIN: 0px 10px 10px 0px; WIDTH: 400px; CURSOR: hand; HEIGHT: 300px\" alt=\"\" src=\"http:\/\/4.bp.blogspot.com\/-EwWKHIixfxQ\/Tol7qmXi6kI\/AAAAAAAADwI\/_4Z1ODZHOcY\/s400\/MONASTERIO-DE-RENDUFE-%25282%2529.jpg\" border=\"0\" \/><\/a><\/p>\n<p><\/div>\n<p><\/p>\n<div><\/p>\n<div><a href=\"http:\/\/1.bp.blogspot.com\/-OrM4XmHJTkU\/Tol7hN2t8WI\/AAAAAAAADwA\/cFILzTdKpfY\/s1600\/MONASTERIO-DE-RENDUFE-%25283%2529.jpg\"><img decoding=\"async\" id=\"BLOGGER_PHOTO_ID_5659190217352802658\" style=\"FLOAT: left; MARGIN: 0px 10px 10px 0px; WIDTH: 400px; CURSOR: hand; HEIGHT: 300px\" alt=\"\" src=\"http:\/\/1.bp.blogspot.com\/-OrM4XmHJTkU\/Tol7hN2t8WI\/AAAAAAAADwA\/cFILzTdKpfY\/s400\/MONASTERIO-DE-RENDUFE-%25283%2529.jpg\" border=\"0\" \/><\/a><\/p>\n<div><a href=\"http:\/\/3.bp.blogspot.com\/-95K_6gWtgJk\/Tol7hERbkeI\/AAAAAAAADv4\/1sldpdA87Zo\/s1600\/MONASTERIO-DE-RENDUFE-%25284%2529.jpg\"><img decoding=\"async\" id=\"BLOGGER_PHOTO_ID_5659190214780490210\" style=\"FLOAT: left; MARGIN: 0px 10px 10px 0px; WIDTH: 400px; CURSOR: hand; HEIGHT: 300px\" alt=\"\" src=\"http:\/\/3.bp.blogspot.com\/-95K_6gWtgJk\/Tol7hERbkeI\/AAAAAAAADv4\/1sldpdA87Zo\/s400\/MONASTERIO-DE-RENDUFE-%25284%2529.jpg\" border=\"0\" \/><\/a><\/p>\n<div><a href=\"http:\/\/2.bp.blogspot.com\/-boIRe4Z5kLw\/Tol7g1oHpII\/AAAAAAAADvw\/tnVNTYizVL8\/s1600\/BOURO-001.jpg\"><img decoding=\"async\" id=\"BLOGGER_PHOTO_ID_5659190210849121410\" style=\"FLOAT: left; MARGIN: 0px 10px 10px 0px; WIDTH: 400px; CURSOR: hand; HEIGHT: 300px\" alt=\"\" src=\"http:\/\/2.bp.blogspot.com\/-boIRe4Z5kLw\/Tol7g1oHpII\/AAAAAAAADvw\/tnVNTYizVL8\/s400\/BOURO-001.jpg\" border=\"0\" \/><\/a><\/div>\n<p><\/p>\n<div align=\"justify\"><span style=\"font-size:130%;\">Por unas estradas bastante sinuosoas durante todo o d\u00eda continuamos a nosa viaxe ata Bouro, para tomar un caf\u00e9 e visitar esta pequena vila.<\/p>\n<p><\/span><\/p>\n<\/div>\n<p><\/p>\n<div><a href=\"http:\/\/3.bp.blogspot.com\/-U-qCm20Bt0M\/Tol7gyIoWMI\/AAAAAAAADvo\/eQTrx1FqylE\/s1600\/BOURO-002.jpg\"><img decoding=\"async\" id=\"BLOGGER_PHOTO_ID_5659190209911740610\" style=\"FLOAT: left; MARGIN: 0px 10px 10px 0px; WIDTH: 400px; CURSOR: hand; HEIGHT: 300px\" alt=\"\" src=\"http:\/\/3.bp.blogspot.com\/-U-qCm20Bt0M\/Tol7gyIoWMI\/AAAAAAAADvo\/eQTrx1FqylE\/s400\/BOURO-002.jpg\" border=\"0\" \/><\/a><\/p>\n<p><\/div>\n<p><\/p>\n<div align=\"justify\"><a href=\"http:\/\/1.bp.blogspot.com\/-XFwNRsl_EzY\/Tol7gvPfx_I\/AAAAAAAADvg\/8gSUUn6ltsQ\/s1600\/SANTUARIO-SAO-BENTO.jpg\"><img decoding=\"async\" id=\"BLOGGER_PHOTO_ID_5659190209135233010\" style=\"FLOAT: left; MARGIN: 0px 10px 10px 0px; WIDTH: 300px; CURSOR: hand; HEIGHT: 400px\" alt=\"\" src=\"http:\/\/1.bp.blogspot.com\/-XFwNRsl_EzY\/Tol7gvPfx_I\/AAAAAAAADvg\/8gSUUn6ltsQ\/s400\/SANTUARIO-SAO-BENTO.jpg\" border=\"0\" \/><\/a> <span style=\"font-size:130%;\">A nosa seguinte parada levounos ata o Monasterio Benedictino de San Bento da Porta Aberta, uns dos Santuarios de m\u00e1s devoci\u00f3n e m\u00e1is concurridos de Portugal, on celebramos a Misa.<\/span><\/p>\n<p><\/div>\n<p><\/p>\n<div><a href=\"http:\/\/4.bp.blogspot.com\/-EdF0JuFDlWw\/Tol7UdarRRI\/AAAAAAAADvY\/r2iSK4Y7Buk\/s1600\/SANTUARIO-SAO-BENTO-%25281%2529.jpg\"><img decoding=\"async\" id=\"BLOGGER_PHOTO_ID_5659189998191854866\" style=\"FLOAT: left; MARGIN: 0px 10px 10px 0px; WIDTH: 400px; CURSOR: hand; HEIGHT: 300px\" alt=\"\" src=\"http:\/\/4.bp.blogspot.com\/-EdF0JuFDlWw\/Tol7UdarRRI\/AAAAAAAADvY\/r2iSK4Y7Buk\/s400\/SANTUARIO-SAO-BENTO-%25281%2529.jpg\" border=\"0\" \/><\/a><\/p>\n<p><\/div>\n<p><\/p>\n<div><a href=\"http:\/\/4.bp.blogspot.com\/-JUBfakRu-V8\/Tol7UKtEUAI\/AAAAAAAADvQ\/ENRN32IQgm0\/s1600\/SANTUARIO-SAO-BENTO-%25282%2529.jpg\"><img decoding=\"async\" id=\"BLOGGER_PHOTO_ID_5659189993168719874\" style=\"FLOAT: left; MARGIN: 0px 10px 10px 0px; WIDTH: 400px; CURSOR: hand; HEIGHT: 300px\" alt=\"\" src=\"http:\/\/4.bp.blogspot.com\/-JUBfakRu-V8\/Tol7UKtEUAI\/AAAAAAAADvQ\/ENRN32IQgm0\/s400\/SANTUARIO-SAO-BENTO-%25282%2529.jpg\" border=\"0\" \/><\/a><\/p>\n<div><a href=\"http:\/\/3.bp.blogspot.com\/-fG7HOr-GKKs\/Tol7UBm_M2I\/AAAAAAAADvI\/0vn0GkxEpSU\/s1600\/SANTUARIO-SAO-BENTO-%25282%2529.jpg\"><img decoding=\"async\" id=\"BLOGGER_PHOTO_ID_5659189990727299938\" style=\"FLOAT: left; MARGIN: 0px 10px 10px 0px; WIDTH: 400px; CURSOR: hand; HEIGHT: 300px\" alt=\"\" src=\"http:\/\/3.bp.blogspot.com\/-fG7HOr-GKKs\/Tol7UBm_M2I\/AAAAAAAADvI\/0vn0GkxEpSU\/s400\/SANTUARIO-SAO-BENTO-%25282%2529.jpg\" border=\"0\" \/><\/a><\/p>\n<div><a href=\"http:\/\/4.bp.blogspot.com\/-RuKaW0CDrOo\/Tol7T1nxVfI\/AAAAAAAADvA\/ZzvR-o9b0zQ\/s1600\/SANTUARIO-SAO-BENTO-%25283%2529.jpg\"><img decoding=\"async\" id=\"BLOGGER_PHOTO_ID_5659189987509360114\" style=\"FLOAT: left; MARGIN: 0px 10px 10px 0px; WIDTH: 400px; CURSOR: hand; HEIGHT: 300px\" alt=\"\" src=\"http:\/\/4.bp.blogspot.com\/-RuKaW0CDrOo\/Tol7T1nxVfI\/AAAAAAAADvA\/ZzvR-o9b0zQ\/s400\/SANTUARIO-SAO-BENTO-%25283%2529.jpg\" border=\"0\" \/><\/a><\/p>\n<div align=\"justify\"><a href=\"http:\/\/4.bp.blogspot.com\/-XiaO-Aq4l4g\/Tol7T3y9RrI\/AAAAAAAADu4\/paeV9OCzIto\/s1600\/caldas%2Bde%2Bxeres.JPG\"><img decoding=\"async\" id=\"BLOGGER_PHOTO_ID_5659189988093150898\" style=\"FLOAT: left; MARGIN: 0px 10px 10px 0px; WIDTH: 311px; CURSOR: hand; HEIGHT: 288px\" alt=\"\" src=\"http:\/\/4.bp.blogspot.com\/-XiaO-Aq4l4g\/Tol7T3y9RrI\/AAAAAAAADu4\/paeV9OCzIto\/s400\/caldas%2Bde%2Bxeres.JPG\" border=\"0\" \/><\/a><br \/>Xa con unha chisca de fame diriximonos ata Caldas de G\u00e9res onde comemos un delicioso e abundante bacalaou na casa de Manuel no Restaurante \u00abO Pimp\u00e2o\u00bb, onde nos atenderos moi ben. O rematar a comida un pequenos paseo por Caldas de G\u00eares, esta pequena vila \u00abbalneario\u00bb situada en pleno Parque Nacional de Peneda-G\u00eares, moi preti\u00f1o de Espa\u00f1a, cruzando pola Fronteira de Portela do Home.<\/p>\n<p>Xa para rematar o d\u00eda por unhas carreteiras un tanto pesadas polas curvas, pero que sen d\u00fabida permiten disfrutar dunhas paisaxes espectaculares regresamos xa por Chaves facendo una pequeni\u00f1a parada en BOTICAS, para descansar e estirar as pernas.<\/div>\n<p><\/p>\n<div align=\"justify\"><\/div>\n<p><\/p>\n<div align=\"justify\">En fin un d\u00eda, se cadra un pouco cansado, pero precioso que ben mereceu a pena o esforzo, para disfrutar da palabra, da paisaxe, do bacalao, dos Santuarios, do Domingo, e sobre todo da amizade dos CEN liceistas que pasamos o d\u00eda xuntos. <\/div>\n<\/div>\n<\/div>\n<\/div>\n<\/div>\n<\/div>\n<\/div>\n","protected":false},"excerpt":{"rendered":"<p>Arrincamos o Curso, e arrincamos as Excursi\u00f3n do Liceo e da Secci\u00f3n de Arte e Historia. Como xa ven sendo tradicional neste \u00faltimos anos a primeira das excursions \u00e9 a Portugal para disfrutar da sua paisaxe e sobre todo do seu \u00abbacallau\u00bb. Pola estrada de une Ourense polo Lindoso e a fronteira da \u00abMadalena\u00bb chegamos [&hellip;]<\/p>\n","protected":false},"author":2,"featured_media":0,"comment_status":"open","ping_status":"closed","sticky":false,"template":"","format":"standard","meta":{"footnotes":""},"categories":[8,7],"tags":[],"class_list":["post-435","post","type-post","status-publish","format-standard","hentry","category-seccion-de-arte-e-historia","category-viaxes"],"_links":{"self":[{"href":"https:\/\/www.liceodeourense.com\/2.0\/index.php?rest_route=\/wp\/v2\/posts\/435","targetHints":{"allow":["GET"]}}],"collection":[{"href":"https:\/\/www.liceodeourense.com\/2.0\/index.php?rest_route=\/wp\/v2\/posts"}],"about":[{"href":"https:\/\/www.liceodeourense.com\/2.0\/index.php?rest_route=\/wp\/v2\/types\/post"}],"author":[{"embeddable":true,"href":"https:\/\/www.liceodeourense.com\/2.0\/index.php?rest_route=\/wp\/v2\/users\/2"}],"replies":[{"embeddable":true,"href":"https:\/\/www.liceodeourense.com\/2.0\/index.php?rest_route=%2Fwp%2Fv2%2Fcomments&post=435"}],"version-history":[{"count":0,"href":"https:\/\/www.liceodeourense.com\/2.0\/index.php?rest_route=\/wp\/v2\/posts\/435\/revisions"}],"wp:attachment":[{"href":"https:\/\/www.liceodeourense.com\/2.0\/index.php?rest_route=%2Fwp%2Fv2%2Fmedia&parent=435"}],"wp:term":[{"taxonomy":"category","embeddable":true,"href":"https:\/\/www.liceodeourense.com\/2.0\/index.php?rest_route=%2Fwp%2Fv2%2Fcategories&post=435"},{"taxonomy":"post_tag","embeddable":true,"href":"https:\/\/www.liceodeourense.com\/2.0\/index.php?rest_route=%2Fwp%2Fv2%2Ftags&post=435"}],"curies":[{"name":"wp","href":"https:\/\/api.w.org\/{rel}","templated":true}]}}