{"id":4311,"date":"2014-11-28T19:12:52","date_gmt":"2014-11-28T18:12:52","guid":{"rendered":"http:\/\/www.liceodeourense.com\/2.0\/?p=4311"},"modified":"2014-11-28T19:12:52","modified_gmt":"2014-11-28T18:12:52","slug":"convenio-de-colaboracion-entre-el-liceo-y-el-conservatorio-profesional-de-musica","status":"publish","type":"post","link":"https:\/\/www.liceodeourense.com\/2.0\/?p=4311","title":{"rendered":"CONVENIO DE COLABORACION ENTRE EL LICEO Y EL CONSERVATORIO PROFESIONAL DE MUSICA."},"content":{"rendered":"<h3 align=\"JUSTIFY\"><span style=\"color: #000000;\"><span style=\"font-family: Calibri, sans-serif;\"><span style=\"font-size: medium;\"><b>Jav<\/b><\/span><\/span><\/span><span style=\"color: #000000;\"><span style=\"font-family: Calibri, sans-serif;\"><span style=\"font-size: medium;\"><b>ier C<img loading=\"lazy\" decoding=\"async\" class=\"alignleft wp-image-4312 size-medium\" src=\"http:\/\/www.liceodeourense.com\/2.0\/wp-content\/uploads\/CONSERVATORIO-DE-MUSICA-1-300x225.jpg\" alt=\"CONSERVATORIO DE MUSICA (1)\" width=\"300\" height=\"225\" srcset=\"https:\/\/www.liceodeourense.com\/2.0\/wp-content\/uploads\/CONSERVATORIO-DE-MUSICA-1-300x225.jpg 300w, https:\/\/www.liceodeourense.com\/2.0\/wp-content\/uploads\/CONSERVATORIO-DE-MUSICA-1-1024x768.jpg 1024w\" sizes=\"auto, (max-width: 300px) 100vw, 300px\" \/>asares Mouri\u00f1o. Presidente del Liceo de Ourense en representaci\u00f3n de esta entidad y \u00a0<\/b><\/span><\/span><\/span><span style=\"color: #000000;\"><span style=\"font-family: Calibri, sans-serif;\"><span style=\"font-size: medium;\"><b>Purificaci\u00f3n Iglesias Pateiro.<\/b><\/span><\/span><\/span><span style=\"color: #000000;\"><span style=\"font-family: Calibri, sans-serif;\"><span style=\"font-size: medium;\"><b> Directora del Conservatorio Profesional de M\u00fasica de Ourense, firmaron en la ma\u00f1ana de hoy \u00a0un CONVENIO DE COLABORACI\u00d3N , en el que se m<\/b><\/span><\/span><\/span><span style=\"color: #000000;\"><span style=\"font-family: Calibri, sans-serif;\"><span style=\"font-size: medium;\"><b>anifies<\/b><\/span><\/span><\/span><span style=\"color: #000000;\"><span style=\"font-family: Calibri, sans-serif;\"><span style=\"font-size: medium;\"><b>tan la voluntad de establecer un v\u00ednculo entre ambas instituciones con la finalidad de beneficiar a los asociados de ambos y buscar la conjunci\u00f3n de ideas y actuaciones en pro del desarrollo cultural, intelectual y econ\u00f3mico de los ciudadanos de Ourense.<\/b><\/span><\/span><\/span><\/h3>\n<h3 align=\"JUSTIFY\"><span style=\"color: #000000;\"><span style=\"font-family: Calibri, sans-serif;\"><span style=\"font-size: medium;\"><b> Mas que nunca es necesaria la articulaci\u00f3n de la sociedad civil, de forma independiente, como apoyo imprescindible a los cargos electos y a las instituciones del Estado, por medio de sus asociaciones culturales, profesionales, empresariales, vecinales y de toda \u00edndole en beneficio de una mejor convivencia y desarrollo del ciudadano<\/b><\/span><\/span><\/span><\/h3>\n<h3 align=\"JUSTIFY\"><span style=\"color: #000000;\"><span style=\"font-family: Calibri, sans-serif;\"><span style=\"font-size: medium;\"><b> Sin interceder en la responsabilidad de las instituciones y administraciones p\u00fablicas, Ourense est\u00e1 necesitada de foros de opini\u00f3n y acci\u00f3n pac\u00edfica, c\u00edvica, argumentada y establecida por la concomitancia de las necesidades y orientaciones variadas de diversos grupos de inter\u00e9s, que llegan por propia voluntad a iniciativas <\/b><\/span><\/span><\/span><span style=\"font-size: medium;\"><b>comunes, que al final, son iniciativas de los ourensanos<\/b><\/span><\/h3>\n<h3 align=\"JUSTIFY\"><span style=\"font-size: medium;\"><b> De ah\u00ed que este protocolo de vinculaci\u00f3n entre estas dos instituciones quede abierto a otras cuantas m\u00e1s agrupaciones c\u00edvicas, no partidarias, mejor para la consecuci\u00f3n de propuestas que abarquen los mayores intereses posibles.<\/b><\/span><\/h3>\n<h3 align=\"JUSTIFY\"><span style=\"font-size: medium;\"><b> El Liceo de Ourense y el <\/b><\/span><span style=\"color: #000000;\"><span style=\"font-family: Calibri, sans-serif;\"><span style=\"font-size: medium;\"><b>Conservatorio Profesional de M\u00fasica de Ourense <\/b><\/span><\/span><\/span><b> <\/b><span style=\"font-size: medium;\"><b>se comprometen, por consiguiente, con la firma de este acuerdo a colaborar en aquellos actos culturales que consideren oportunos por beneficiar a sus asociados y\/o al desarrollo cultural, social y econ\u00f3mico de los ciudadanos ourensanos.<\/b><\/span><\/h3>\n<p align=\"JUSTIFY\">\n","protected":false},"excerpt":{"rendered":"<p>Javier Casares Mouri\u00f1o. Presidente del Liceo de Ourense en representaci\u00f3n de esta entidad y \u00a0Purificaci\u00f3n Iglesias Pateiro. Directora del Conservatorio Profesional de M\u00fasica de Ourense, firmaron en la ma\u00f1ana de hoy \u00a0un CONVENIO DE COLABORACI\u00d3N , en el que se manifiestan la voluntad de establecer un v\u00ednculo entre ambas instituciones con la finalidad de beneficiar [&hellip;]<\/p>\n","protected":false},"author":2,"featured_media":0,"comment_status":"open","ping_status":"closed","sticky":false,"template":"","format":"standard","meta":{"footnotes":""},"categories":[1],"tags":[],"class_list":["post-4311","post","type-post","status-publish","format-standard","hentry","category-sin-categoria"],"_links":{"self":[{"href":"https:\/\/www.liceodeourense.com\/2.0\/index.php?rest_route=\/wp\/v2\/posts\/4311","targetHints":{"allow":["GET"]}}],"collection":[{"href":"https:\/\/www.liceodeourense.com\/2.0\/index.php?rest_route=\/wp\/v2\/posts"}],"about":[{"href":"https:\/\/www.liceodeourense.com\/2.0\/index.php?rest_route=\/wp\/v2\/types\/post"}],"author":[{"embeddable":true,"href":"https:\/\/www.liceodeourense.com\/2.0\/index.php?rest_route=\/wp\/v2\/users\/2"}],"replies":[{"embeddable":true,"href":"https:\/\/www.liceodeourense.com\/2.0\/index.php?rest_route=%2Fwp%2Fv2%2Fcomments&post=4311"}],"version-history":[{"count":1,"href":"https:\/\/www.liceodeourense.com\/2.0\/index.php?rest_route=\/wp\/v2\/posts\/4311\/revisions"}],"predecessor-version":[{"id":4313,"href":"https:\/\/www.liceodeourense.com\/2.0\/index.php?rest_route=\/wp\/v2\/posts\/4311\/revisions\/4313"}],"wp:attachment":[{"href":"https:\/\/www.liceodeourense.com\/2.0\/index.php?rest_route=%2Fwp%2Fv2%2Fmedia&parent=4311"}],"wp:term":[{"taxonomy":"category","embeddable":true,"href":"https:\/\/www.liceodeourense.com\/2.0\/index.php?rest_route=%2Fwp%2Fv2%2Fcategories&post=4311"},{"taxonomy":"post_tag","embeddable":true,"href":"https:\/\/www.liceodeourense.com\/2.0\/index.php?rest_route=%2Fwp%2Fv2%2Ftags&post=4311"}],"curies":[{"name":"wp","href":"https:\/\/api.w.org\/{rel}","templated":true}]}}