{"id":4303,"date":"2014-11-28T18:55:33","date_gmt":"2014-11-28T17:55:33","guid":{"rendered":"http:\/\/www.liceodeourense.com\/2.0\/?p=4303"},"modified":"2014-11-28T18:55:33","modified_gmt":"2014-11-28T17:55:33","slug":"firma-convenio-de-colaboracion-entre-el-liceo-de-ourense-y-el-ilustre-colegio-de-medicos-de-ourense","status":"publish","type":"post","link":"https:\/\/www.liceodeourense.com\/2.0\/?p=4303","title":{"rendered":"FIRMA CONVENIO DE COLABORACI\u00d3N ENTRE   El Liceo de Ourense y el Ilustre Colegio de M\u00e9dicos de Ourense"},"content":{"rendered":"<p align=\"JUSTIFY\"><b><span style=\"font-size: x-large;\">FIRMA CONVENIO DE COLABORACI\u00d3N ENTRE\u00a0<\/span><\/b><\/p>\n<p align=\"JUSTIFY\"><span style=\"font-size: x-large;\"><b>El Liceo de Ourense y el <\/b><span style=\"color: #000000;\"><span style=\"font-family: Calibri, sans-serif;\"><b>Ilustre Colegio de M\u00e9dicos de Ourense<\/b><\/span><\/span><\/span><\/p>\n<h3 align=\"JUSTIFY\"><span style=\"font-size: large;\"><span style=\"font-family: Calibri, sans-serif;\"><b>Javier Casa<\/b><\/span><span style=\"color: #000000;\"><span style=\"font-family: Calibri, sans-serif;\"><b>res Mouri\u00f1o. Presidente del Liceo de Ourense \u00a0y \u00a0<\/b><\/span><\/span><\/span><span style=\"color: #000000;\"><span style=\"font-family: Calibri, sans-serif;\"><b>Jos\u00e9 Luis Jim\u00e9nez Mart\u00ednez. Presidente del Ilustre Colegio de M\u00e9dicos de <\/b><\/span><\/span><span style=\"color: #000000;\"><span style=\"font-family: Calibri, sans-serif;\"><b>Ourense, firmaron en la tarde de ayer un Convenio <img loading=\"lazy\" decoding=\"async\" class=\"alignleft wp-image-4304 size-medium\" src=\"http:\/\/www.liceodeourense.com\/2.0\/wp-content\/uploads\/COLEGIO-DE-MEDICOS-1-300x225.jpg\" alt=\"COLEGIO DE MEDICOS (1)\" width=\"300\" height=\"225\" srcset=\"https:\/\/www.liceodeourense.com\/2.0\/wp-content\/uploads\/COLEGIO-DE-MEDICOS-1-300x225.jpg 300w, https:\/\/www.liceodeourense.com\/2.0\/wp-content\/uploads\/COLEGIO-DE-MEDICOS-1-1024x768.jpg 1024w, https:\/\/www.liceodeourense.com\/2.0\/wp-content\/uploads\/COLEGIO-DE-MEDICOS-1.jpg 1056w\" sizes=\"auto, (max-width: 300px) 100vw, 300px\" \/>de Colaboraci\u00f3n para establecer\u00a0<\/b><\/span><\/span><b>establecer un v\u00ednculo entre ambas instituciones con la finalidad de beneficiar a los asociados de ambas entidades y buscar la conjunci\u00f3n de ideas y actuaciones en pro del desarrollo cultural, intelectual y econ\u00f3mico de los ciudadanos de Ourense.<\/b><\/h3>\n<h3 align=\"JUSTIFY\"><span style=\"font-size: large;\"><span style=\"color: #000000;\"><span style=\"font-family: Calibri, sans-serif;\"><b>Mas que nunca, hoy, es necesaria la articulaci\u00f3n de la sociedad civil, de forma independiente, como apoyo imprescindible a los cargos electos y a las instituciones del Estado, por medio de s<\/b><\/span><\/span><span style=\"color: #000000;\"><b>us asociaciones culturales, profesionales, empresariales, vecinales y de toda \u00edndole en b<\/b><\/span><b>eneficio de una mejor convivencia y desarrollo del ciudadano<\/b><\/span><\/h3>\n<h3 align=\"JUSTIFY\"><b><span style=\"font-size: large;\">Sin interferir en la responsabilidad de las instituciones y administraciones p\u00fablicas, Ourense est\u00e1 necesitada de foros de opini\u00f3n y acci\u00f3n pac\u00edfica, c\u00edvica, argumentada y establecida por la concomitancia de las necesidades y orientaciones variadas de diversos grupos de inter\u00e9s, que llegan por propia voluntad a iniciativas comunes, que al final, son iniciativas de los ourensanos<\/span><\/b><\/h3>\n<h3 align=\"JUSTIFY\"><b><span style=\"font-size: large;\">De ah\u00ed que este protocolo de vinculaci\u00f3n entre estas dos instituciones quede abierto a cuantas m\u00e1s agrupaciones c\u00edvicas, no partidarias, sea posible, para la mejor consecuci\u00f3n de propuestas que abarquen los mayores intereses posibles.<\/span><\/b><\/h3>\n<h3 align=\"JUSTIFY\"><span style=\"font-size: large;\"><b>El Liceo de Ourense y el <\/b><span style=\"color: #000000;\"><span style=\"font-family: Calibri, sans-serif;\"><b>Ilustre Colegio de M\u00e9dicos de Ourense <\/b><\/span><\/span><b>se comprometen, por consiguiente, con la firma de este acuerdo a colaborar en aquellos actos culturales que consideren oportunos para beneficiar a sus asociados y\/o al desarrollo cultural, social y econ\u00f3mico de los ciudadanos ourensanos.<\/b><\/span><\/h3>\n<p>&nbsp;<\/p>\n<p>&nbsp;<\/p>\n","protected":false},"excerpt":{"rendered":"<p>FIRMA CONVENIO DE COLABORACI\u00d3N ENTRE\u00a0 El Liceo de Ourense y el Ilustre Colegio de M\u00e9dicos de Ourense Javier Casares Mouri\u00f1o. Presidente del Liceo de Ourense \u00a0y \u00a0Jos\u00e9 Luis Jim\u00e9nez Mart\u00ednez. Presidente del Ilustre Colegio de M\u00e9dicos de Ourense, firmaron en la tarde de ayer un Convenio de Colaboraci\u00f3n para establecer\u00a0establecer un v\u00ednculo entre ambas instituciones [&hellip;]<\/p>\n","protected":false},"author":2,"featured_media":0,"comment_status":"open","ping_status":"closed","sticky":false,"template":"","format":"standard","meta":{"footnotes":""},"categories":[1],"tags":[],"class_list":["post-4303","post","type-post","status-publish","format-standard","hentry","category-sin-categoria"],"_links":{"self":[{"href":"https:\/\/www.liceodeourense.com\/2.0\/index.php?rest_route=\/wp\/v2\/posts\/4303","targetHints":{"allow":["GET"]}}],"collection":[{"href":"https:\/\/www.liceodeourense.com\/2.0\/index.php?rest_route=\/wp\/v2\/posts"}],"about":[{"href":"https:\/\/www.liceodeourense.com\/2.0\/index.php?rest_route=\/wp\/v2\/types\/post"}],"author":[{"embeddable":true,"href":"https:\/\/www.liceodeourense.com\/2.0\/index.php?rest_route=\/wp\/v2\/users\/2"}],"replies":[{"embeddable":true,"href":"https:\/\/www.liceodeourense.com\/2.0\/index.php?rest_route=%2Fwp%2Fv2%2Fcomments&post=4303"}],"version-history":[{"count":1,"href":"https:\/\/www.liceodeourense.com\/2.0\/index.php?rest_route=\/wp\/v2\/posts\/4303\/revisions"}],"predecessor-version":[{"id":4305,"href":"https:\/\/www.liceodeourense.com\/2.0\/index.php?rest_route=\/wp\/v2\/posts\/4303\/revisions\/4305"}],"wp:attachment":[{"href":"https:\/\/www.liceodeourense.com\/2.0\/index.php?rest_route=%2Fwp%2Fv2%2Fmedia&parent=4303"}],"wp:term":[{"taxonomy":"category","embeddable":true,"href":"https:\/\/www.liceodeourense.com\/2.0\/index.php?rest_route=%2Fwp%2Fv2%2Fcategories&post=4303"},{"taxonomy":"post_tag","embeddable":true,"href":"https:\/\/www.liceodeourense.com\/2.0\/index.php?rest_route=%2Fwp%2Fv2%2Ftags&post=4303"}],"curies":[{"name":"wp","href":"https:\/\/api.w.org\/{rel}","templated":true}]}}