{"id":430,"date":"2011-05-27T19:13:00","date_gmt":"2011-05-27T19:13:00","guid":{"rendered":"http:\/\/www.liceodeourense.com\/2.0\/concerto-da-banda-de-musica-de-ourense-nas-festas-do-socio-2011\/"},"modified":"2011-05-27T19:13:00","modified_gmt":"2011-05-27T19:13:00","slug":"concerto-da-banda-de-musica-de-ourense-nas-festas-do-socio-2011","status":"publish","type":"post","link":"https:\/\/www.liceodeourense.com\/2.0\/?p=430","title":{"rendered":"CONCERTO DA BANDA DE MUSICA DE OURENSE NAS FESTAS DO SOCIO 2011"},"content":{"rendered":"<p><a href=\"http:\/\/4.bp.blogspot.com\/-eA7ULsZ6oEg\/Td_44qOU_PI\/AAAAAAAADos\/Y2wXhJjsRlo\/s1600\/BANDA-DE-MUSICA-DE-OURENSE-.jpg\"><img decoding=\"async\" id=\"BLOGGER_PHOTO_ID_5611477313017674994\" style=\"FLOAT: left; MARGIN: 0px 10px 10px 0px; WIDTH: 400px; CURSOR: hand; HEIGHT: 300px\" alt=\"\" src=\"http:\/\/4.bp.blogspot.com\/-eA7ULsZ6oEg\/Td_44qOU_PI\/AAAAAAAADos\/Y2wXhJjsRlo\/s400\/BANDA-DE-MUSICA-DE-OURENSE-.jpg\" border=\"0\" \/><\/a><\/p>\n<div><a href=\"http:\/\/1.bp.blogspot.com\/-3UEZtuwXHVE\/Td_44hfxisI\/AAAAAAAADok\/p5WtFsZku44\/s1600\/BANDA-DE-MUSICA-002.jpg\"><img decoding=\"async\" id=\"BLOGGER_PHOTO_ID_5611477310674930370\" style=\"FLOAT: left; MARGIN: 0px 10px 10px 0px; WIDTH: 400px; CURSOR: hand; HEIGHT: 300px\" alt=\"\" src=\"http:\/\/1.bp.blogspot.com\/-3UEZtuwXHVE\/Td_44hfxisI\/AAAAAAAADok\/p5WtFsZku44\/s400\/BANDA-DE-MUSICA-002.jpg\" border=\"0\" \/><\/a><\/p>\n<p><\/div>\n<p><\/p>\n<div><a href=\"http:\/\/2.bp.blogspot.com\/-1KeOik1A8I4\/Td_44eRD_8I\/AAAAAAAADoc\/3-LuXWiApig\/s1600\/BANDA-DE-MUSICA-006.jpg\"><img decoding=\"async\" id=\"BLOGGER_PHOTO_ID_5611477309807919042\" style=\"FLOAT: left; MARGIN: 0px 10px 10px 0px; WIDTH: 400px; CURSOR: hand; HEIGHT: 300px\" alt=\"\" src=\"http:\/\/2.bp.blogspot.com\/-1KeOik1A8I4\/Td_44eRD_8I\/AAAAAAAADoc\/3-LuXWiApig\/s400\/BANDA-DE-MUSICA-006.jpg\" border=\"0\" \/><\/a><\/p>\n<div><a href=\"http:\/\/3.bp.blogspot.com\/-hkeSmxSFuOE\/Td_44C9FLnI\/AAAAAAAADoU\/esfV10Dd1ug\/s1600\/BANDA-DE-MUSICA-007.jpg\"><img decoding=\"async\" id=\"BLOGGER_PHOTO_ID_5611477302476353138\" style=\"FLOAT: left; MARGIN: 0px 10px 10px 0px; WIDTH: 400px; CURSOR: hand; HEIGHT: 300px\" alt=\"\" src=\"http:\/\/3.bp.blogspot.com\/-hkeSmxSFuOE\/Td_44C9FLnI\/AAAAAAAADoU\/esfV10Dd1ug\/s400\/BANDA-DE-MUSICA-007.jpg\" border=\"0\" \/><\/a><\/p>\n<p><\/div>\n<p><\/p>\n<div align=\"justify\"><span style=\"font-family:trebuchet ms;\">O noso agradecemento a Banda de M\u00fasica Municipal de Ourense pola s\u00faa colaboraci\u00f3n permanente, sempre desinteresada i explendida co Liceo de Ourense. Un concerto marabilloso o ofrecido hoxe no patio de columnas como acto central da semana das FESTAS DO SOCIO organizadas pola nosa entidades. GRACIAS E PARAB\u00c9NS.<\/span><\/div>\n<\/div>\n","protected":false},"excerpt":{"rendered":"<p>O noso agradecemento a Banda de M\u00fasica Municipal de Ourense pola s\u00faa colaboraci\u00f3n permanente, sempre desinteresada i explendida co Liceo de Ourense. Un concerto marabilloso o ofrecido hoxe no patio de columnas como acto central da semana das FESTAS DO SOCIO organizadas pola nosa entidades. GRACIAS E PARAB\u00c9NS.<\/p>\n","protected":false},"author":2,"featured_media":0,"comment_status":"open","ping_status":"closed","sticky":false,"template":"","format":"standard","meta":{"footnotes":""},"categories":[5],"tags":[],"class_list":["post-430","post","type-post","status-publish","format-standard","hentry","category-musica"],"_links":{"self":[{"href":"https:\/\/www.liceodeourense.com\/2.0\/index.php?rest_route=\/wp\/v2\/posts\/430","targetHints":{"allow":["GET"]}}],"collection":[{"href":"https:\/\/www.liceodeourense.com\/2.0\/index.php?rest_route=\/wp\/v2\/posts"}],"about":[{"href":"https:\/\/www.liceodeourense.com\/2.0\/index.php?rest_route=\/wp\/v2\/types\/post"}],"author":[{"embeddable":true,"href":"https:\/\/www.liceodeourense.com\/2.0\/index.php?rest_route=\/wp\/v2\/users\/2"}],"replies":[{"embeddable":true,"href":"https:\/\/www.liceodeourense.com\/2.0\/index.php?rest_route=%2Fwp%2Fv2%2Fcomments&post=430"}],"version-history":[{"count":0,"href":"https:\/\/www.liceodeourense.com\/2.0\/index.php?rest_route=\/wp\/v2\/posts\/430\/revisions"}],"wp:attachment":[{"href":"https:\/\/www.liceodeourense.com\/2.0\/index.php?rest_route=%2Fwp%2Fv2%2Fmedia&parent=430"}],"wp:term":[{"taxonomy":"category","embeddable":true,"href":"https:\/\/www.liceodeourense.com\/2.0\/index.php?rest_route=%2Fwp%2Fv2%2Fcategories&post=430"},{"taxonomy":"post_tag","embeddable":true,"href":"https:\/\/www.liceodeourense.com\/2.0\/index.php?rest_route=%2Fwp%2Fv2%2Ftags&post=430"}],"curies":[{"name":"wp","href":"https:\/\/api.w.org\/{rel}","templated":true}]}}