{"id":4286,"date":"2014-11-18T12:53:18","date_gmt":"2014-11-18T11:53:18","guid":{"rendered":"http:\/\/www.liceodeourense.com\/2.0\/?p=4286"},"modified":"2014-11-18T12:54:00","modified_gmt":"2014-11-18T11:54:00","slug":"presentacion-de-dos-libros-del-ramon-jimenez-perez","status":"publish","type":"post","link":"https:\/\/www.liceodeourense.com\/2.0\/?p=4286","title":{"rendered":"Presentaci\u00f3n de dos libros del Ram\u00f3n Jim\u00e9nez P\u00e9rez"},"content":{"rendered":"<h3 style=\"text-align: justify;\">En la tarde de ayer tuvimos la ocasi\u00f3n de conocer \u00a0dos nuevas creaciones literarias y edituriales \u00abEl baile del Emperatriz\u00bb,\u00a0y \u00abAs\u00ed me pierdo en las ciudades\u00bb de Ram\u00f3n Jim\u00e9nez P\u00e9rez.<\/h3>\n<h3 style=\"text-align: justify;\">El autor estuvo acompa\u00f1ado por\u00a0Lioba Simon Schuhmacher, Profesora Titular de la Universidad de Oviedo,<br \/>\nBasilio Rodr\u00edguez Ca\u00f1ada, presidente del Grupo Editorial Sial Pigmali\u00f3n, y\u00a0por el directivo del Liceo Ant\u00f3n Alonso.<\/h3>\n<h3 style=\"text-align: justify;\">Para finalizar esta tarde de literatura,el cantautor Emilio R\u00faa puso su m\u00fasica como broche de oro.<\/h3>\n<h3 style=\"text-align: justify;\"><a href=\"http:\/\/www.liceodeourense.com\/2.0\/wp-content\/uploads\/IMG-20141117-00735.jpg\"><img loading=\"lazy\" decoding=\"async\" class=\"alignleft wp-image-4287 size-large\" src=\"http:\/\/www.liceodeourense.com\/2.0\/wp-content\/uploads\/IMG-20141117-00735-1024x768.jpg\" alt=\"IMG-20141117-00735\" width=\"1024\" height=\"768\" srcset=\"https:\/\/www.liceodeourense.com\/2.0\/wp-content\/uploads\/IMG-20141117-00735-1024x768.jpg 1024w, https:\/\/www.liceodeourense.com\/2.0\/wp-content\/uploads\/IMG-20141117-00735-300x225.jpg 300w, https:\/\/www.liceodeourense.com\/2.0\/wp-content\/uploads\/IMG-20141117-00735.jpg 1280w\" sizes=\"auto, (max-width: 1024px) 100vw, 1024px\" \/><\/a><\/h3>\n<p>&nbsp;<\/p>\n<p>&nbsp;<\/p>\n<p><a href=\"http:\/\/www.liceodeourense.com\/2.0\/wp-content\/uploads\/10624680_1000542449972136_7203615872240178389_n.jpg\"><img loading=\"lazy\" decoding=\"async\" class=\"alignleft size-full wp-image-4290\" src=\"http:\/\/www.liceodeourense.com\/2.0\/wp-content\/uploads\/10624680_1000542449972136_7203615872240178389_n.jpg\" alt=\"10624680_1000542449972136_7203615872240178389_n\" width=\"296\" height=\"394\" srcset=\"https:\/\/www.liceodeourense.com\/2.0\/wp-content\/uploads\/10624680_1000542449972136_7203615872240178389_n.jpg 296w, https:\/\/www.liceodeourense.com\/2.0\/wp-content\/uploads\/10624680_1000542449972136_7203615872240178389_n-225x300.jpg 225w\" sizes=\"auto, (max-width: 296px) 100vw, 296px\" \/><\/a><a href=\"http:\/\/www.liceodeourense.com\/2.0\/wp-content\/uploads\/p-RAMON-JIMENEZ-PEREZ.jpg\"><img loading=\"lazy\" decoding=\"async\" class=\"alignleft size-full wp-image-4265\" src=\"http:\/\/www.liceodeourense.com\/2.0\/wp-content\/uploads\/p-RAMON-JIMENEZ-PEREZ.jpg\" alt=\"p-RAMON-JIMENEZ-PEREZ\" width=\"383\" height=\"248\" srcset=\"https:\/\/www.liceodeourense.com\/2.0\/wp-content\/uploads\/p-RAMON-JIMENEZ-PEREZ.jpg 383w, https:\/\/www.liceodeourense.com\/2.0\/wp-content\/uploads\/p-RAMON-JIMENEZ-PEREZ-300x194.jpg 300w\" sizes=\"auto, (max-width: 383px) 100vw, 383px\" \/><\/a><\/p>\n<p><a href=\"http:\/\/www.liceodeourense.com\/2.0\/wp-content\/uploads\/IMG-20141117-00739.jpg\"><img loading=\"lazy\" decoding=\"async\" class=\"alignleft wp-image-4289 size-large\" src=\"http:\/\/www.liceodeourense.com\/2.0\/wp-content\/uploads\/IMG-20141117-00739-e1416311563650-768x1024.jpg\" alt=\"IMG-20141117-00739\" width=\"768\" height=\"1024\" srcset=\"https:\/\/www.liceodeourense.com\/2.0\/wp-content\/uploads\/IMG-20141117-00739-e1416311563650-768x1024.jpg 768w, https:\/\/www.liceodeourense.com\/2.0\/wp-content\/uploads\/IMG-20141117-00739-e1416311563650-225x300.jpg 225w, https:\/\/www.liceodeourense.com\/2.0\/wp-content\/uploads\/IMG-20141117-00739-e1416311563650.jpg 960w\" sizes=\"auto, (max-width: 768px) 100vw, 768px\" \/><\/a><\/p>\n","protected":false},"excerpt":{"rendered":"<p>En la tarde de ayer tuvimos la ocasi\u00f3n de conocer \u00a0dos nuevas creaciones literarias y edituriales \u00abEl baile del Emperatriz\u00bb,\u00a0y \u00abAs\u00ed me pierdo en las ciudades\u00bb de Ram\u00f3n Jim\u00e9nez P\u00e9rez. El autor estuvo acompa\u00f1ado por\u00a0Lioba Simon Schuhmacher, Profesora Titular de la Universidad de Oviedo, Basilio Rodr\u00edguez Ca\u00f1ada, presidente del Grupo Editorial Sial Pigmali\u00f3n, y\u00a0por el [&hellip;]<\/p>\n","protected":false},"author":2,"featured_media":4290,"comment_status":"open","ping_status":"closed","sticky":false,"template":"","format":"standard","meta":{"footnotes":""},"categories":[6,1],"tags":[],"class_list":["post-4286","post","type-post","status-publish","format-standard","has-post-thumbnail","hentry","category-seccion-literatura","category-sin-categoria"],"_links":{"self":[{"href":"https:\/\/www.liceodeourense.com\/2.0\/index.php?rest_route=\/wp\/v2\/posts\/4286","targetHints":{"allow":["GET"]}}],"collection":[{"href":"https:\/\/www.liceodeourense.com\/2.0\/index.php?rest_route=\/wp\/v2\/posts"}],"about":[{"href":"https:\/\/www.liceodeourense.com\/2.0\/index.php?rest_route=\/wp\/v2\/types\/post"}],"author":[{"embeddable":true,"href":"https:\/\/www.liceodeourense.com\/2.0\/index.php?rest_route=\/wp\/v2\/users\/2"}],"replies":[{"embeddable":true,"href":"https:\/\/www.liceodeourense.com\/2.0\/index.php?rest_route=%2Fwp%2Fv2%2Fcomments&post=4286"}],"version-history":[{"count":1,"href":"https:\/\/www.liceodeourense.com\/2.0\/index.php?rest_route=\/wp\/v2\/posts\/4286\/revisions"}],"predecessor-version":[{"id":4291,"href":"https:\/\/www.liceodeourense.com\/2.0\/index.php?rest_route=\/wp\/v2\/posts\/4286\/revisions\/4291"}],"wp:featuredmedia":[{"embeddable":true,"href":"https:\/\/www.liceodeourense.com\/2.0\/index.php?rest_route=\/wp\/v2\/media\/4290"}],"wp:attachment":[{"href":"https:\/\/www.liceodeourense.com\/2.0\/index.php?rest_route=%2Fwp%2Fv2%2Fmedia&parent=4286"}],"wp:term":[{"taxonomy":"category","embeddable":true,"href":"https:\/\/www.liceodeourense.com\/2.0\/index.php?rest_route=%2Fwp%2Fv2%2Fcategories&post=4286"},{"taxonomy":"post_tag","embeddable":true,"href":"https:\/\/www.liceodeourense.com\/2.0\/index.php?rest_route=%2Fwp%2Fv2%2Ftags&post=4286"}],"curies":[{"name":"wp","href":"https:\/\/api.w.org\/{rel}","templated":true}]}}