{"id":4283,"date":"2014-11-16T12:38:38","date_gmt":"2014-11-16T11:38:38","guid":{"rendered":"http:\/\/www.liceodeourense.com\/2.0\/?p=4283"},"modified":"2014-11-18T12:44:16","modified_gmt":"2014-11-18T11:44:16","slug":"concerto-san-martino-coral-do-liceo","status":"publish","type":"post","link":"https:\/\/www.liceodeourense.com\/2.0\/?p=4283","title":{"rendered":"CONCERTO SAN MARTI\u00d1O CORAL DO LICEO"},"content":{"rendered":"<h3 style=\"text-align: justify;\">Como xa ven sendo habitual a CORAL DO LICEO ofreceu un concerto para os Socios do Liceo e para todos os amantes da m\u00fasica o pasado d\u00eda 14 de novembro, coincidindo coa festividade de SAN MARTI\u00d1O. Una mestura de m\u00fasicas nun repertorio que incluiu obras galegas dos mestres Vide ou Salgado Vald\u00e9s na primeira parte, e unha segunda parte con musica l\u00edrica adicada principalmente a zarzuelas.<\/h3>\n<h3 style=\"text-align: justify;\">Unha tarde m\u00e1is que disfrutamos do grand\u00edsimo facer da nosa Coral, disfrutamos da m\u00fasica, e fixemos LICEO.<\/h3>\n<h3 style=\"text-align: justify;\">Gracias a todos.<\/h3>\n<p>&nbsp;<\/p>\n<p><a href=\"http:\/\/www.liceodeourense.com\/2.0\/wp-content\/uploads\/IMG-20141114-WA003.jpg\"><img loading=\"lazy\" decoding=\"async\" class=\"alignleft size-full wp-image-4284\" src=\"http:\/\/www.liceodeourense.com\/2.0\/wp-content\/uploads\/IMG-20141114-WA003.jpg\" alt=\"IMG-20141114-WA003\" width=\"1056\" height=\"792\" srcset=\"https:\/\/www.liceodeourense.com\/2.0\/wp-content\/uploads\/IMG-20141114-WA003.jpg 1056w, https:\/\/www.liceodeourense.com\/2.0\/wp-content\/uploads\/IMG-20141114-WA003-300x225.jpg 300w, https:\/\/www.liceodeourense.com\/2.0\/wp-content\/uploads\/IMG-20141114-WA003-1024x768.jpg 1024w\" sizes=\"auto, (max-width: 1056px) 100vw, 1056px\" \/><\/a><\/p>\n","protected":false},"excerpt":{"rendered":"<p>Como xa ven sendo habitual a CORAL DO LICEO ofreceu un concerto para os Socios do Liceo e para todos os amantes da m\u00fasica o pasado d\u00eda 14 de novembro, coincidindo coa festividade de SAN MARTI\u00d1O. Una mestura de m\u00fasicas nun repertorio que incluiu obras galegas dos mestres Vide ou Salgado Vald\u00e9s na primeira parte, [&hellip;]<\/p>\n","protected":false},"author":2,"featured_media":0,"comment_status":"open","ping_status":"closed","sticky":false,"template":"","format":"standard","meta":{"footnotes":""},"categories":[1],"tags":[],"class_list":["post-4283","post","type-post","status-publish","format-standard","hentry","category-sin-categoria"],"_links":{"self":[{"href":"https:\/\/www.liceodeourense.com\/2.0\/index.php?rest_route=\/wp\/v2\/posts\/4283","targetHints":{"allow":["GET"]}}],"collection":[{"href":"https:\/\/www.liceodeourense.com\/2.0\/index.php?rest_route=\/wp\/v2\/posts"}],"about":[{"href":"https:\/\/www.liceodeourense.com\/2.0\/index.php?rest_route=\/wp\/v2\/types\/post"}],"author":[{"embeddable":true,"href":"https:\/\/www.liceodeourense.com\/2.0\/index.php?rest_route=\/wp\/v2\/users\/2"}],"replies":[{"embeddable":true,"href":"https:\/\/www.liceodeourense.com\/2.0\/index.php?rest_route=%2Fwp%2Fv2%2Fcomments&post=4283"}],"version-history":[{"count":1,"href":"https:\/\/www.liceodeourense.com\/2.0\/index.php?rest_route=\/wp\/v2\/posts\/4283\/revisions"}],"predecessor-version":[{"id":4285,"href":"https:\/\/www.liceodeourense.com\/2.0\/index.php?rest_route=\/wp\/v2\/posts\/4283\/revisions\/4285"}],"wp:attachment":[{"href":"https:\/\/www.liceodeourense.com\/2.0\/index.php?rest_route=%2Fwp%2Fv2%2Fmedia&parent=4283"}],"wp:term":[{"taxonomy":"category","embeddable":true,"href":"https:\/\/www.liceodeourense.com\/2.0\/index.php?rest_route=%2Fwp%2Fv2%2Fcategories&post=4283"},{"taxonomy":"post_tag","embeddable":true,"href":"https:\/\/www.liceodeourense.com\/2.0\/index.php?rest_route=%2Fwp%2Fv2%2Ftags&post=4283"}],"curies":[{"name":"wp","href":"https:\/\/api.w.org\/{rel}","templated":true}]}}