{"id":427,"date":"2011-05-26T09:07:00","date_gmt":"2011-05-26T09:07:00","guid":{"rendered":"http:\/\/www.liceodeourense.com\/2.0\/concierto-de-zarzuela-da-coral-do-liceo\/"},"modified":"2011-05-26T09:07:00","modified_gmt":"2011-05-26T09:07:00","slug":"concierto-de-zarzuela-da-coral-do-liceo","status":"publish","type":"post","link":"https:\/\/www.liceodeourense.com\/2.0\/?p=427","title":{"rendered":"CONCIERTO DE ZARZUELA DA CORAL DO LICEO"},"content":{"rendered":"<p><a href=\"http:\/\/3.bp.blogspot.com\/-p1xNCL9-cmA\/Td4YZI3WZWI\/AAAAAAAADkk\/15MFdC5X0Xw\/s1600\/CORAL-LICEO-01.jpg\"><img decoding=\"async\" id=\"BLOGGER_PHOTO_ID_5610949005905651042\" style=\"FLOAT: left; MARGIN: 0px 10px 10px 0px; WIDTH: 400px; CURSOR: hand; HEIGHT: 300px\" alt=\"\" src=\"http:\/\/3.bp.blogspot.com\/-p1xNCL9-cmA\/Td4YZI3WZWI\/AAAAAAAADkk\/15MFdC5X0Xw\/s400\/CORAL-LICEO-01.jpg\" border=\"0\" \/><\/a><\/p>\n<div align=\"justify\"><span style=\"font-family:trebuchet ms;font-size:130%;\">Extraordinario Concerto o da CORAL DO LICEO interpretado o pasado martes, 24 de xu\u00f1o, na programaci\u00f3n das FESTAS DO SOCIO da Entidade lice\u00edsta. Cun programa composto completamente por pezas de Zarzuela. Unha vez m\u00e1is a nos felicitaci\u00f3n a Yolanda Grela, Directora, e a todos os compo\u00f1entes da NOSA CORAL.<\/span> <\/div>\n<p><a href=\"http:\/\/1.bp.blogspot.com\/-UOl2G-6pcf0\/Td4YY22NrUI\/AAAAAAAADkc\/r6lAIRr4at4\/s1600\/CORAL-LICEO-02.jpg\"><img decoding=\"async\" id=\"BLOGGER_PHOTO_ID_5610949001069047106\" style=\"FLOAT: left; MARGIN: 0px 10px 10px 0px; WIDTH: 400px; CURSOR: hand; HEIGHT: 300px\" alt=\"\" src=\"http:\/\/1.bp.blogspot.com\/-UOl2G-6pcf0\/Td4YY22NrUI\/AAAAAAAADkc\/r6lAIRr4at4\/s400\/CORAL-LICEO-02.jpg\" border=\"0\" \/><\/a><\/p>\n<p><a href=\"http:\/\/2.bp.blogspot.com\/-zVLhvqBrXjw\/Td4YY9h2mkI\/AAAAAAAADkU\/CGD-btpmLyg\/s1600\/CORAL-LICEO-07.jpg\"><img decoding=\"async\" id=\"BLOGGER_PHOTO_ID_5610949002862697026\" style=\"FLOAT: left; MARGIN: 0px 10px 10px 0px; WIDTH: 400px; CURSOR: hand; HEIGHT: 300px\" alt=\"\" src=\"http:\/\/2.bp.blogspot.com\/-zVLhvqBrXjw\/Td4YY9h2mkI\/AAAAAAAADkU\/CGD-btpmLyg\/s400\/CORAL-LICEO-07.jpg\" border=\"0\" \/><\/a><\/p>\n<div><\/div>\n","protected":false},"excerpt":{"rendered":"<p>Extraordinario Concerto o da CORAL DO LICEO interpretado o pasado martes, 24 de xu\u00f1o, na programaci\u00f3n das FESTAS DO SOCIO da Entidade lice\u00edsta. Cun programa composto completamente por pezas de Zarzuela. Unha vez m\u00e1is a nos felicitaci\u00f3n a Yolanda Grela, Directora, e a todos os compo\u00f1entes da NOSA CORAL.<\/p>\n","protected":false},"author":2,"featured_media":0,"comment_status":"open","ping_status":"closed","sticky":false,"template":"","format":"standard","meta":{"footnotes":""},"categories":[4,5],"tags":[],"class_list":["post-427","post","type-post","status-publish","format-standard","hentry","category-liceo","category-musica"],"_links":{"self":[{"href":"https:\/\/www.liceodeourense.com\/2.0\/index.php?rest_route=\/wp\/v2\/posts\/427","targetHints":{"allow":["GET"]}}],"collection":[{"href":"https:\/\/www.liceodeourense.com\/2.0\/index.php?rest_route=\/wp\/v2\/posts"}],"about":[{"href":"https:\/\/www.liceodeourense.com\/2.0\/index.php?rest_route=\/wp\/v2\/types\/post"}],"author":[{"embeddable":true,"href":"https:\/\/www.liceodeourense.com\/2.0\/index.php?rest_route=\/wp\/v2\/users\/2"}],"replies":[{"embeddable":true,"href":"https:\/\/www.liceodeourense.com\/2.0\/index.php?rest_route=%2Fwp%2Fv2%2Fcomments&post=427"}],"version-history":[{"count":0,"href":"https:\/\/www.liceodeourense.com\/2.0\/index.php?rest_route=\/wp\/v2\/posts\/427\/revisions"}],"wp:attachment":[{"href":"https:\/\/www.liceodeourense.com\/2.0\/index.php?rest_route=%2Fwp%2Fv2%2Fmedia&parent=427"}],"wp:term":[{"taxonomy":"category","embeddable":true,"href":"https:\/\/www.liceodeourense.com\/2.0\/index.php?rest_route=%2Fwp%2Fv2%2Fcategories&post=427"},{"taxonomy":"post_tag","embeddable":true,"href":"https:\/\/www.liceodeourense.com\/2.0\/index.php?rest_route=%2Fwp%2Fv2%2Ftags&post=427"}],"curies":[{"name":"wp","href":"https:\/\/api.w.org\/{rel}","templated":true}]}}