{"id":423,"date":"2011-05-02T08:19:00","date_gmt":"2011-05-02T08:19:00","guid":{"rendered":"http:\/\/www.liceodeourense.com\/2.0\/ruta-padornelo-santuario-da-tuiza\/"},"modified":"2011-05-02T08:19:00","modified_gmt":"2011-05-02T08:19:00","slug":"ruta-padornelo-santuario-da-tuiza","status":"publish","type":"post","link":"https:\/\/www.liceodeourense.com\/2.0\/?p=423","title":{"rendered":"RUTA PADORNELO-SANTUARIO DA TUIZA"},"content":{"rendered":"<p><a href=\"http:\/\/4.bp.blogspot.com\/-yPK4L10RG9Q\/Tb5p10LIq5I\/AAAAAAAADgU\/bqz7QAdVJSI\/s1600\/DSC00599.jpg\"><img decoding=\"async\" id=\"BLOGGER_PHOTO_ID_5602031359754808210\" style=\"FLOAT: left; MARGIN: 0px 10px 10px 0px; WIDTH: 400px; CURSOR: hand; HEIGHT: 300px\" alt=\"\" src=\"http:\/\/4.bp.blogspot.com\/-yPK4L10RG9Q\/Tb5p10LIq5I\/AAAAAAAADgU\/bqz7QAdVJSI\/s400\/DSC00599.jpg\" border=\"0\" \/><\/a><\/p>\n<div align=\"justify\"><\/div>\n<p><\/p>\n<div align=\"justify\"><span style=\"font-family:verdana;color:#009900;\">Nova \u00abandaina\u00bb da Secci\u00f3n de Sendeirismo e Naturaleza do Liceo de Ourense, con Carlos Villarino e Alberto Rodr\u00edguez a cabeza. Una ruta que pertenece o \u00abCami\u00f1o de Santiago\u00bb na s\u00faa variante da \u00abV\u00eda da prata\u00bb, e que nos levou dende O Padornelo ata o Santuario da Tuiza, pasando por Aciberos &#8211; Lubian.<\/span><\/div>\n<p><\/p>\n<div align=\"justify\"><span style=\"font-family:verdana;color:#009900;\"><\/span><\/div>\n<p><\/p>\n<div align=\"justify\"><span style=\"color:#009900;\"><span style=\"font-family:verdana;\">Unha ruta m\u00e1is, un cami\u00f1o andado de amizade e a convivencia da que os compo\u00f1entes desta secci\u00f3n presumen e disfrutan. <\/span><br \/><\/span><\/div>\n<p><a href=\"http:\/\/3.bp.blogspot.com\/-eHb7sr310Ys\/Tb5potZoDNI\/AAAAAAAADgM\/jmh6BRQKn8o\/s1600\/DSC00598.jpg\"><img decoding=\"async\" id=\"BLOGGER_PHOTO_ID_5602031134598237394\" style=\"FLOAT: left; MARGIN: 0px 10px 10px 0px; WIDTH: 400px; CURSOR: hand; HEIGHT: 300px\" alt=\"\" src=\"http:\/\/3.bp.blogspot.com\/-eHb7sr310Ys\/Tb5potZoDNI\/AAAAAAAADgM\/jmh6BRQKn8o\/s400\/DSC00598.jpg\" border=\"0\" \/><\/a><\/p>\n<p><a href=\"http:\/\/4.bp.blogspot.com\/-W9z7J8_Gs2w\/Tb5poW32YjI\/AAAAAAAADgE\/9s5mSRsgq5Q\/s1600\/DSC00593.jpg\"><img decoding=\"async\" id=\"BLOGGER_PHOTO_ID_5602031128550990386\" style=\"FLOAT: left; MARGIN: 0px 10px 10px 0px; WIDTH: 400px; CURSOR: hand; HEIGHT: 300px\" alt=\"\" src=\"http:\/\/4.bp.blogspot.com\/-W9z7J8_Gs2w\/Tb5poW32YjI\/AAAAAAAADgE\/9s5mSRsgq5Q\/s400\/DSC00593.jpg\" border=\"0\" \/><\/a><\/p>\n<div><a href=\"http:\/\/1.bp.blogspot.com\/--x1zk9ur5lE\/Tb5poVRvIPI\/AAAAAAAADf8\/jgZqOHb31F0\/s1600\/DSC00592.jpg\"><img decoding=\"async\" id=\"BLOGGER_PHOTO_ID_5602031128122695922\" style=\"FLOAT: left; MARGIN: 0px 10px 10px 0px; WIDTH: 400px; CURSOR: hand; HEIGHT: 300px\" alt=\"\" src=\"http:\/\/1.bp.blogspot.com\/--x1zk9ur5lE\/Tb5poVRvIPI\/AAAAAAAADf8\/jgZqOHb31F0\/s400\/DSC00592.jpg\" border=\"0\" \/><\/a><\/p>\n<div><a href=\"http:\/\/4.bp.blogspot.com\/-y0XgGM1emdQ\/Tb5poDqPFZI\/AAAAAAAADf0\/QP-Gy53dSY4\/s1600\/DSC00590.jpg\"><img decoding=\"async\" id=\"BLOGGER_PHOTO_ID_5602031123393615250\" style=\"FLOAT: left; MARGIN: 0px 10px 10px 0px; WIDTH: 400px; CURSOR: hand; HEIGHT: 300px\" alt=\"\" src=\"http:\/\/4.bp.blogspot.com\/-y0XgGM1emdQ\/Tb5poDqPFZI\/AAAAAAAADf0\/QP-Gy53dSY4\/s400\/DSC00590.jpg\" border=\"0\" \/><\/a><\/p>\n<div><a href=\"http:\/\/2.bp.blogspot.com\/-ceilGJNXGcI\/Tb5pn7AW98I\/AAAAAAAADfs\/091R86lQ9dE\/s1600\/DSC00584.jpg\"><img decoding=\"async\" id=\"BLOGGER_PHOTO_ID_5602031121070487490\" style=\"FLOAT: left; MARGIN: 0px 10px 10px 0px; WIDTH: 400px; CURSOR: hand; HEIGHT: 300px\" alt=\"\" src=\"http:\/\/2.bp.blogspot.com\/-ceilGJNXGcI\/Tb5pn7AW98I\/AAAAAAAADfs\/091R86lQ9dE\/s400\/DSC00584.jpg\" border=\"0\" \/><\/a><\/p>\n<div><\/div>\n<\/div>\n<\/div>\n<\/div>\n","protected":false},"excerpt":{"rendered":"<p>Nova \u00abandaina\u00bb da Secci\u00f3n de Sendeirismo e Naturaleza do Liceo de Ourense, con Carlos Villarino e Alberto Rodr\u00edguez a cabeza. Una ruta que pertenece o \u00abCami\u00f1o de Santiago\u00bb na s\u00faa variante da \u00abV\u00eda da prata\u00bb, e que nos levou dende O Padornelo ata o Santuario da Tuiza, pasando por Aciberos &#8211; Lubian. Unha ruta m\u00e1is, [&hellip;]<\/p>\n","protected":false},"author":2,"featured_media":0,"comment_status":"open","ping_status":"closed","sticky":false,"template":"","format":"standard","meta":{"footnotes":""},"categories":[1],"tags":[],"class_list":["post-423","post","type-post","status-publish","format-standard","hentry","category-sin-categoria"],"_links":{"self":[{"href":"https:\/\/www.liceodeourense.com\/2.0\/index.php?rest_route=\/wp\/v2\/posts\/423","targetHints":{"allow":["GET"]}}],"collection":[{"href":"https:\/\/www.liceodeourense.com\/2.0\/index.php?rest_route=\/wp\/v2\/posts"}],"about":[{"href":"https:\/\/www.liceodeourense.com\/2.0\/index.php?rest_route=\/wp\/v2\/types\/post"}],"author":[{"embeddable":true,"href":"https:\/\/www.liceodeourense.com\/2.0\/index.php?rest_route=\/wp\/v2\/users\/2"}],"replies":[{"embeddable":true,"href":"https:\/\/www.liceodeourense.com\/2.0\/index.php?rest_route=%2Fwp%2Fv2%2Fcomments&post=423"}],"version-history":[{"count":0,"href":"https:\/\/www.liceodeourense.com\/2.0\/index.php?rest_route=\/wp\/v2\/posts\/423\/revisions"}],"wp:attachment":[{"href":"https:\/\/www.liceodeourense.com\/2.0\/index.php?rest_route=%2Fwp%2Fv2%2Fmedia&parent=423"}],"wp:term":[{"taxonomy":"category","embeddable":true,"href":"https:\/\/www.liceodeourense.com\/2.0\/index.php?rest_route=%2Fwp%2Fv2%2Fcategories&post=423"},{"taxonomy":"post_tag","embeddable":true,"href":"https:\/\/www.liceodeourense.com\/2.0\/index.php?rest_route=%2Fwp%2Fv2%2Ftags&post=423"}],"curies":[{"name":"wp","href":"https:\/\/api.w.org\/{rel}","templated":true}]}}