{"id":4228,"date":"2014-11-10T13:01:23","date_gmt":"2014-11-10T12:01:23","guid":{"rendered":"http:\/\/www.liceodeourense.com\/2.0\/?p=4228"},"modified":"2014-11-10T13:04:11","modified_gmt":"2014-11-10T12:04:11","slug":"cea-concerto-con-maria-do-ceo-2","status":"publish","type":"post","link":"https:\/\/www.liceodeourense.com\/2.0\/?p=4228","title":{"rendered":"Cea Concerto con Mar\u00eda do Ceo."},"content":{"rendered":"<h3 style=\"text-align: justify;\"><span style=\"color: #ff00ff;\">Outra noite para non esquecer, outra noite con Maria do Ceo, ela fai que cada noite sexa distinta no Liceo, despois dunha boa cea, con un bo vi\u00f1o, Mar\u00eda do Ceo converte a sala de tertulia do Liceo nun recuncho de taberna portuguesa, cunha m\u00e1xia arredor do fado, a que solo podemos calificar dun xeito. INESQUECIBLE.<\/span><\/h3>\n<h3 style=\"text-align: justify;\"><span style=\"color: #ff00ff;\">GRACIAS MAR\u00cdA DO CEO.<\/span><\/h3>\n<p><a href=\"http:\/\/www.liceodeourense.com\/2.0\/wp-content\/uploads\/CARTELMARIA-DO-CEO.jpg\"><img loading=\"lazy\" decoding=\"async\" class=\"alignleft wp-image-4212 size-medium\" src=\"http:\/\/www.liceodeourense.com\/2.0\/wp-content\/uploads\/CARTELMARIA-DO-CEO-212x300.jpg\" alt=\"CARTELMARIA DO CEO\" width=\"212\" height=\"300\" srcset=\"https:\/\/www.liceodeourense.com\/2.0\/wp-content\/uploads\/CARTELMARIA-DO-CEO-212x300.jpg 212w, https:\/\/www.liceodeourense.com\/2.0\/wp-content\/uploads\/CARTELMARIA-DO-CEO-723x1024.jpg 723w, https:\/\/www.liceodeourense.com\/2.0\/wp-content\/uploads\/CARTELMARIA-DO-CEO.jpg 1240w\" sizes=\"auto, (max-width: 212px) 100vw, 212px\" \/><\/a><\/p>\n<p>&nbsp;<\/p>\n<h4 style=\"text-align: justify;\">\u00abPara los que amamos la m\u00fasica que nos ofrece Mar\u00eda do Ceo, fu\u00e9 una noche genial, una velada entre amigos arropados por la envolvente y aterciopelada voz de \u00e9sta artista que ya casi todos los ourensanos notan como suya. Mar\u00eda, sin lugar a duda, se siente querida y admirada en \u00e9sta tierra de adopci\u00f3n, donde lleva viviendo y conviviendo desde hace unos cuantos a\u00f1os. Casi me atrever\u00eda a dec\u00edr, que se siente\u00bb Pontina\u00bb aunque ahora sea Pereiro de Agu\u00edar, el Concello que la cuenta <span class=\"text_exposed_show\">entre sus vecinos.<br \/>\nMar\u00eda do Ceo, un encanto de persona en las distancias cortas &#8211; es amiga de sus amigos y su solidridad, es digna de encomio adem\u00e1s de que canta<br \/>\neses \u00bb Fados com outro a\u00e7ento\u00bb como los propios \u00e1ngeles y mostr\u00e1ndose cercana de su p\u00fablico como lo hace, mezcl\u00e1ndose y paseando entre las mesas de los comensales, consigue que todo los aistentes la reciban de la manera m\u00e1s c\u00e1lida con la que se acoge a un amigo&#8230;. Con las sonrisas dibujadas en todos los rostros, las manos prontas para estallar en calidos aplausos que ella devueve con su expl\u00e9ndida sonrisa. Hermos\u00edsima esa tarde- noche de ayer y a la espera de un nuevo disco&#8230;. y no es SUE\u00d1OS COMPARTIDOS, si no \u00bb SUE\u00d1OS CUMPLIDOS\u00bb!!! En ese disco, hay una canci\u00f3n que me fascina y que Mar\u00eda, tuvo la deferencia de dedicarme, por que sabe que me encanta&#8230; como muchas de sus canciones, aunque de siempre \u00abOS TEUS OLHOS NEGROS\u00bb Canci\u00f3n das A\u00e7ores, me hizo sentirme profundamente bien cuando se la escucho cantar. Gracias por una noche como la de ayer con Pepe, su marido, con Alex su hijo, parte de su familia y un mont\u00f3n de amigos! Hasta muy pronto y seguimos con algo muy hermoso en lo que se est\u00e1 trabajando \u00bb ARMANDO LASTRA.<\/span><\/h4>\n","protected":false},"excerpt":{"rendered":"<p>Outra noite para non esquecer, outra noite con Maria do Ceo, ela fai que cada noite sexa distinta no Liceo, despois dunha boa cea, con un bo vi\u00f1o, Mar\u00eda do Ceo converte a sala de tertulia do Liceo nun recuncho de taberna portuguesa, cunha m\u00e1xia arredor do fado, a que solo podemos calificar dun xeito. [&hellip;]<\/p>\n","protected":false},"author":2,"featured_media":0,"comment_status":"open","ping_status":"closed","sticky":false,"template":"","format":"standard","meta":{"footnotes":""},"categories":[1],"tags":[],"class_list":["post-4228","post","type-post","status-publish","format-standard","hentry","category-sin-categoria"],"_links":{"self":[{"href":"https:\/\/www.liceodeourense.com\/2.0\/index.php?rest_route=\/wp\/v2\/posts\/4228","targetHints":{"allow":["GET"]}}],"collection":[{"href":"https:\/\/www.liceodeourense.com\/2.0\/index.php?rest_route=\/wp\/v2\/posts"}],"about":[{"href":"https:\/\/www.liceodeourense.com\/2.0\/index.php?rest_route=\/wp\/v2\/types\/post"}],"author":[{"embeddable":true,"href":"https:\/\/www.liceodeourense.com\/2.0\/index.php?rest_route=\/wp\/v2\/users\/2"}],"replies":[{"embeddable":true,"href":"https:\/\/www.liceodeourense.com\/2.0\/index.php?rest_route=%2Fwp%2Fv2%2Fcomments&post=4228"}],"version-history":[{"count":4,"href":"https:\/\/www.liceodeourense.com\/2.0\/index.php?rest_route=\/wp\/v2\/posts\/4228\/revisions"}],"predecessor-version":[{"id":4232,"href":"https:\/\/www.liceodeourense.com\/2.0\/index.php?rest_route=\/wp\/v2\/posts\/4228\/revisions\/4232"}],"wp:attachment":[{"href":"https:\/\/www.liceodeourense.com\/2.0\/index.php?rest_route=%2Fwp%2Fv2%2Fmedia&parent=4228"}],"wp:term":[{"taxonomy":"category","embeddable":true,"href":"https:\/\/www.liceodeourense.com\/2.0\/index.php?rest_route=%2Fwp%2Fv2%2Fcategories&post=4228"},{"taxonomy":"post_tag","embeddable":true,"href":"https:\/\/www.liceodeourense.com\/2.0\/index.php?rest_route=%2Fwp%2Fv2%2Ftags&post=4228"}],"curies":[{"name":"wp","href":"https:\/\/api.w.org\/{rel}","templated":true}]}}