{"id":4222,"date":"2014-11-07T12:40:04","date_gmt":"2014-11-07T11:40:04","guid":{"rendered":"http:\/\/www.liceodeourense.com\/2.0\/?p=4222"},"modified":"2014-11-10T12:55:59","modified_gmt":"2014-11-10T11:55:59","slug":"encontros-literarios-2014","status":"publish","type":"post","link":"https:\/\/www.liceodeourense.com\/2.0\/?p=4222","title":{"rendered":"Encontros Literarios 2014"},"content":{"rendered":"<p>&nbsp;<\/p>\n<h3 style=\"text-align: justify;\"><span style=\"color: #333399;\">Brillantes, \u00a0as\u00ed podemos calificar os XXIV Encontros Literarios nesta edici\u00f3n do 2014, dous conferencias dun grand\u00edsimo nivel literario e intelectual, tanto Bernardo Atxaga como M\u00e9ndez Ferr\u00edn. <\/span><\/h3>\n<h3 style=\"text-align: justify;\"><span style=\"color: #333399;\">Atxaga falou da importancia da lingua na historia dos pobos, como \u00abou eres escritor ou eres purista\u00bb, ou \u00abLa literatura cumple la funci\u00f3n de dar valor a los pueblos, a las gentes\u00bb. <\/span><\/h3>\n<h3 style=\"text-align: justify;\"><span style=\"color: #333399;\">Mendez Ferr\u00edn falounos da literatura da cidade de Ourense, desde a importancia do Padre Feixoo, \u00a0apresencia de Concepci\u00f3n Arenal ou Emilia Pardo Baz\u00e1n na nosa cidade, ata chegar os nosos d\u00edas. <\/span><\/h3>\n<h3 style=\"text-align: justify;\"><span style=\"color: #333399;\">Dende o Liceo queremos deixar constancia do noso agradecemento a Diputaci\u00f3n Provincial e a Universidade de Vigo, entidades que financia a C\u00e1tedra Carlos Casares, que patrocina estes encontros, e o noso permanente recordo a Carlos Casares e a Marcos Valc\u00e1rcel que foron, e ser\u00e1n sempre, os estandartes deses Encontros que lev\u00e1n xa case que un cuarto de s\u00e9culo.<\/span><\/h3>\n<p>&nbsp;<\/p>\n<p><a href=\"http:\/\/www.liceodeourense.com\/2.0\/wp-content\/uploads\/ENCONTROS-LITERARIOS.jpg\"><img loading=\"lazy\" decoding=\"async\" class=\"alignleft size-full wp-image-4201\" src=\"http:\/\/www.liceodeourense.com\/2.0\/wp-content\/uploads\/ENCONTROS-LITERARIOS.jpg\" alt=\"ENCONTROS LITERARIOS\" width=\"1200\" height=\"1217\" srcset=\"https:\/\/www.liceodeourense.com\/2.0\/wp-content\/uploads\/ENCONTROS-LITERARIOS.jpg 1200w, https:\/\/www.liceodeourense.com\/2.0\/wp-content\/uploads\/ENCONTROS-LITERARIOS-295x300.jpg 295w, https:\/\/www.liceodeourense.com\/2.0\/wp-content\/uploads\/ENCONTROS-LITERARIOS-1009x1024.jpg 1009w\" sizes=\"auto, (max-width: 1200px) 100vw, 1200px\" \/><\/a> <a href=\"http:\/\/www.liceodeourense.com\/2.0\/wp-content\/uploads\/ENCUENTROS-LITERARIOS2.jpg\"><img loading=\"lazy\" decoding=\"async\" class=\"alignleft size-full wp-image-4205\" src=\"http:\/\/www.liceodeourense.com\/2.0\/wp-content\/uploads\/ENCUENTROS-LITERARIOS2.jpg\" alt=\"ENCUENTROS LITERARIOS2\" width=\"1170\" height=\"1218\" srcset=\"https:\/\/www.liceodeourense.com\/2.0\/wp-content\/uploads\/ENCUENTROS-LITERARIOS2.jpg 1170w, https:\/\/www.liceodeourense.com\/2.0\/wp-content\/uploads\/ENCUENTROS-LITERARIOS2-288x300.jpg 288w, https:\/\/www.liceodeourense.com\/2.0\/wp-content\/uploads\/ENCUENTROS-LITERARIOS2-983x1024.jpg 983w\" sizes=\"auto, (max-width: 1170px) 100vw, 1170px\" \/><\/a><\/p>\n<p>&nbsp;<\/p>\n<p><a href=\"http:\/\/www.liceodeourense.com\/2.0\/wp-content\/uploads\/10604006_10152879966647953_2579051813595129556_o.jpg\"><img loading=\"lazy\" decoding=\"async\" class=\"alignleft wp-image-4223 size-large\" src=\"http:\/\/www.liceodeourense.com\/2.0\/wp-content\/uploads\/10604006_10152879966647953_2579051813595129556_o-1024x676.jpg\" alt=\"10604006_10152879966647953_2579051813595129556_o\" width=\"1024\" height=\"676\" srcset=\"https:\/\/www.liceodeourense.com\/2.0\/wp-content\/uploads\/10604006_10152879966647953_2579051813595129556_o-1024x676.jpg 1024w, https:\/\/www.liceodeourense.com\/2.0\/wp-content\/uploads\/10604006_10152879966647953_2579051813595129556_o-300x198.jpg 300w, https:\/\/www.liceodeourense.com\/2.0\/wp-content\/uploads\/10604006_10152879966647953_2579051813595129556_o.jpg 1200w\" sizes=\"auto, (max-width: 1024px) 100vw, 1024px\" \/><\/a><br \/>\n<a href=\"http:\/\/www.liceodeourense.com\/2.0\/wp-content\/uploads\/IMG-20141105-00695.jpg\"><img loading=\"lazy\" decoding=\"async\" class=\"aligncenter wp-image-4224 size-large\" src=\"http:\/\/www.liceodeourense.com\/2.0\/wp-content\/uploads\/IMG-20141105-00695-1024x768.jpg\" alt=\"IMG-20141105-00695\" width=\"1024\" height=\"768\" srcset=\"https:\/\/www.liceodeourense.com\/2.0\/wp-content\/uploads\/IMG-20141105-00695-1024x768.jpg 1024w, https:\/\/www.liceodeourense.com\/2.0\/wp-content\/uploads\/IMG-20141105-00695-300x225.jpg 300w\" sizes=\"auto, (max-width: 1024px) 100vw, 1024px\" \/><\/a><\/p>\n<p>&nbsp;<\/p>\n<p>&nbsp;<\/p>\n<p><a href=\"http:\/\/www.liceodeourense.com\/2.0\/wp-content\/uploads\/IMG-20141106-00707.jpg\"><img loading=\"lazy\" decoding=\"async\" class=\"alignleft wp-image-4225 size-large\" src=\"http:\/\/www.liceodeourense.com\/2.0\/wp-content\/uploads\/IMG-20141106-00707-1024x768.jpg\" alt=\"IMG-20141106-00707\" width=\"1024\" height=\"768\" srcset=\"https:\/\/www.liceodeourense.com\/2.0\/wp-content\/uploads\/IMG-20141106-00707-1024x768.jpg 1024w, https:\/\/www.liceodeourense.com\/2.0\/wp-content\/uploads\/IMG-20141106-00707-300x224.jpg 300w, https:\/\/www.liceodeourense.com\/2.0\/wp-content\/uploads\/IMG-20141106-00707.jpg 1792w\" sizes=\"auto, (max-width: 1024px) 100vw, 1024px\" \/><\/a><\/p>\n","protected":false},"excerpt":{"rendered":"<p>&nbsp; Brillantes, \u00a0as\u00ed podemos calificar os XXIV Encontros Literarios nesta edici\u00f3n do 2014, dous conferencias dun grand\u00edsimo nivel literario e intelectual, tanto Bernardo Atxaga como M\u00e9ndez Ferr\u00edn. Atxaga falou da importancia da lingua na historia dos pobos, como \u00abou eres escritor ou eres purista\u00bb, ou \u00abLa literatura cumple la funci\u00f3n de dar valor a los [&hellip;]<\/p>\n","protected":false},"author":2,"featured_media":4223,"comment_status":"open","ping_status":"closed","sticky":false,"template":"","format":"standard","meta":{"footnotes":""},"categories":[6],"tags":[],"class_list":["post-4222","post","type-post","status-publish","format-standard","has-post-thumbnail","hentry","category-seccion-literatura"],"_links":{"self":[{"href":"https:\/\/www.liceodeourense.com\/2.0\/index.php?rest_route=\/wp\/v2\/posts\/4222","targetHints":{"allow":["GET"]}}],"collection":[{"href":"https:\/\/www.liceodeourense.com\/2.0\/index.php?rest_route=\/wp\/v2\/posts"}],"about":[{"href":"https:\/\/www.liceodeourense.com\/2.0\/index.php?rest_route=\/wp\/v2\/types\/post"}],"author":[{"embeddable":true,"href":"https:\/\/www.liceodeourense.com\/2.0\/index.php?rest_route=\/wp\/v2\/users\/2"}],"replies":[{"embeddable":true,"href":"https:\/\/www.liceodeourense.com\/2.0\/index.php?rest_route=%2Fwp%2Fv2%2Fcomments&post=4222"}],"version-history":[{"count":2,"href":"https:\/\/www.liceodeourense.com\/2.0\/index.php?rest_route=\/wp\/v2\/posts\/4222\/revisions"}],"predecessor-version":[{"id":4227,"href":"https:\/\/www.liceodeourense.com\/2.0\/index.php?rest_route=\/wp\/v2\/posts\/4222\/revisions\/4227"}],"wp:featuredmedia":[{"embeddable":true,"href":"https:\/\/www.liceodeourense.com\/2.0\/index.php?rest_route=\/wp\/v2\/media\/4223"}],"wp:attachment":[{"href":"https:\/\/www.liceodeourense.com\/2.0\/index.php?rest_route=%2Fwp%2Fv2%2Fmedia&parent=4222"}],"wp:term":[{"taxonomy":"category","embeddable":true,"href":"https:\/\/www.liceodeourense.com\/2.0\/index.php?rest_route=%2Fwp%2Fv2%2Fcategories&post=4222"},{"taxonomy":"post_tag","embeddable":true,"href":"https:\/\/www.liceodeourense.com\/2.0\/index.php?rest_route=%2Fwp%2Fv2%2Ftags&post=4222"}],"curies":[{"name":"wp","href":"https:\/\/api.w.org\/{rel}","templated":true}]}}