{"id":422,"date":"2011-05-02T08:14:00","date_gmt":"2011-05-02T08:14:00","guid":{"rendered":"http:\/\/www.liceodeourense.com\/2.0\/conferencia-profesor-alonso-montero\/"},"modified":"2011-05-02T08:14:00","modified_gmt":"2011-05-02T08:14:00","slug":"conferencia-profesor-alonso-montero","status":"publish","type":"post","link":"https:\/\/www.liceodeourense.com\/2.0\/?p=422","title":{"rendered":"CONFERENCIA PROFESOR ALONSO MONTERO"},"content":{"rendered":"<p><a href=\"http:\/\/3.bp.blogspot.com\/-gkWbGAAGu9E\/Tb5n-leEXhI\/AAAAAAAADfk\/_6fv3DyUTys\/s1600\/ALONSO-MONTERO-001.jpg\"><img decoding=\"async\" id=\"BLOGGER_PHOTO_ID_5602029311403253266\" style=\"FLOAT: left; MARGIN: 0px 10px 10px 0px; WIDTH: 400px; CURSOR: hand; HEIGHT: 300px\" alt=\"\" src=\"http:\/\/3.bp.blogspot.com\/-gkWbGAAGu9E\/Tb5n-leEXhI\/AAAAAAAADfk\/_6fv3DyUTys\/s400\/ALONSO-MONTERO-001.jpg\" border=\"0\" \/><\/a><\/p>\n<p><\/p>\n<div align=\"justify\"><span style=\"font-family:trebuchet ms;font-size:130%;\">Iniciamos unha nova edici\u00f3n do CICLO DE CONFERENCIAS \u00abVISI\u00d3NS DE GALICIA\u00bb, que chega a s\u00faa novena edici\u00f3n, \u00e9 que este ano adicamos a ALVARO CUNQUEIRO. A primera das intervenci\u00f3ns foi a de Xes\u00fas Alonso Montero, que nos falou de ALVARO CUNQUEIRO XORNALISTA: ANTES E DESPOIS DE 1936&#8243;. Una intervenci\u00f3n a do Profesor Alonso Montero, coma sempre, elocuaz, documentada, expositiva, e que non deixa a nadie indiferente. A presentaci\u00f3n correou a cargo do compa\u00f1eiro da Secci\u00f3n de Literatura Xavier Casares.<\/span><\/div>\n<p><a href=\"http:\/\/4.bp.blogspot.com\/-eXZgaM4rxlo\/Tb5n-SZa9qI\/AAAAAAAADfc\/ppoeQxTocsg\/s1600\/ALONSO-MONTERO-002.jpg\"><img decoding=\"async\" id=\"BLOGGER_PHOTO_ID_5602029306283488930\" style=\"FLOAT: left; MARGIN: 0px 10px 10px 0px; WIDTH: 400px; CURSOR: hand; HEIGHT: 300px\" alt=\"\" src=\"http:\/\/4.bp.blogspot.com\/-eXZgaM4rxlo\/Tb5n-SZa9qI\/AAAAAAAADfc\/ppoeQxTocsg\/s400\/ALONSO-MONTERO-002.jpg\" border=\"0\" \/><\/a><\/p>\n<p><a href=\"http:\/\/3.bp.blogspot.com\/-54E2KNio5m8\/Tb5n-J_epQI\/AAAAAAAADfU\/D28rj3sBpPM\/s1600\/CONFERENCIA-ALONSO-MONTERO-.jpg\"><img decoding=\"async\" id=\"BLOGGER_PHOTO_ID_5602029304027194626\" style=\"FLOAT: left; MARGIN: 0px 10px 10px 0px; WIDTH: 400px; CURSOR: hand; HEIGHT: 300px\" alt=\"\" src=\"http:\/\/3.bp.blogspot.com\/-54E2KNio5m8\/Tb5n-J_epQI\/AAAAAAAADfU\/D28rj3sBpPM\/s400\/CONFERENCIA-ALONSO-MONTERO-.jpg\" border=\"0\" \/><\/a><\/p>\n<div><\/div>\n","protected":false},"excerpt":{"rendered":"<p>Iniciamos unha nova edici\u00f3n do CICLO DE CONFERENCIAS \u00abVISI\u00d3NS DE GALICIA\u00bb, que chega a s\u00faa novena edici\u00f3n, \u00e9 que este ano adicamos a ALVARO CUNQUEIRO. A primera das intervenci\u00f3ns foi a de Xes\u00fas Alonso Montero, que nos falou de ALVARO CUNQUEIRO XORNALISTA: ANTES E DESPOIS DE 1936&#8243;. Una intervenci\u00f3n a do Profesor Alonso Montero, coma [&hellip;]<\/p>\n","protected":false},"author":2,"featured_media":0,"comment_status":"open","ping_status":"closed","sticky":false,"template":"","format":"standard","meta":{"footnotes":""},"categories":[6],"tags":[],"class_list":["post-422","post","type-post","status-publish","format-standard","hentry","category-seccion-literatura"],"_links":{"self":[{"href":"https:\/\/www.liceodeourense.com\/2.0\/index.php?rest_route=\/wp\/v2\/posts\/422","targetHints":{"allow":["GET"]}}],"collection":[{"href":"https:\/\/www.liceodeourense.com\/2.0\/index.php?rest_route=\/wp\/v2\/posts"}],"about":[{"href":"https:\/\/www.liceodeourense.com\/2.0\/index.php?rest_route=\/wp\/v2\/types\/post"}],"author":[{"embeddable":true,"href":"https:\/\/www.liceodeourense.com\/2.0\/index.php?rest_route=\/wp\/v2\/users\/2"}],"replies":[{"embeddable":true,"href":"https:\/\/www.liceodeourense.com\/2.0\/index.php?rest_route=%2Fwp%2Fv2%2Fcomments&post=422"}],"version-history":[{"count":0,"href":"https:\/\/www.liceodeourense.com\/2.0\/index.php?rest_route=\/wp\/v2\/posts\/422\/revisions"}],"wp:attachment":[{"href":"https:\/\/www.liceodeourense.com\/2.0\/index.php?rest_route=%2Fwp%2Fv2%2Fmedia&parent=422"}],"wp:term":[{"taxonomy":"category","embeddable":true,"href":"https:\/\/www.liceodeourense.com\/2.0\/index.php?rest_route=%2Fwp%2Fv2%2Fcategories&post=422"},{"taxonomy":"post_tag","embeddable":true,"href":"https:\/\/www.liceodeourense.com\/2.0\/index.php?rest_route=%2Fwp%2Fv2%2Ftags&post=422"}],"curies":[{"name":"wp","href":"https:\/\/api.w.org\/{rel}","templated":true}]}}