{"id":4170,"date":"2014-10-19T08:42:45","date_gmt":"2014-10-19T07:42:45","guid":{"rendered":"http:\/\/www.liceodeourense.com\/2.0\/?p=4170"},"modified":"2014-10-20T08:46:48","modified_gmt":"2014-10-20T07:46:48","slug":"concerto-de-nani-garcia-trio","status":"publish","type":"post","link":"https:\/\/www.liceodeourense.com\/2.0\/?p=4170","title":{"rendered":"Concerto de Nani Garc\u00eda Trio."},"content":{"rendered":"<p>M\u00e1gnifico o Concerto o de onte no Liceo a cargo de Nani Garc\u00eda, Sim\u00f3n Garc\u00eda, e Miguel Cabana, compo\u00f1entes de Nani Garc\u00eda Tr\u00edo. Xenial, disfrutamos da boa m\u00fasica, do seu jazz directo.<\/p>\n<p><iframe loading=\"lazy\" title=\"Nani Garci\u0301a Tri\u0301o - Liceo de Ourense\" width=\"640\" height=\"360\" src=\"https:\/\/www.youtube.com\/embed\/_kHMNMavTwE?feature=oembed\" frameborder=\"0\" allow=\"accelerometer; autoplay; clipboard-write; encrypted-media; gyroscope; picture-in-picture; web-share\" referrerpolicy=\"strict-origin-when-cross-origin\" allowfullscreen><\/iframe><\/p>\n<p><a href=\"http:\/\/www.liceodeourense.com\/2.0\/wp-content\/uploads\/Nani-Garcia-tr\u00edo.jpeg\"><img loading=\"lazy\" decoding=\"async\" class=\"alignleft wp-image-4171 size-medium\" src=\"http:\/\/www.liceodeourense.com\/2.0\/wp-content\/uploads\/Nani-Garcia-tr\u00edo-300x164.jpeg\" alt=\"Nani Garcia tr\u00edo\" width=\"300\" height=\"164\" srcset=\"https:\/\/www.liceodeourense.com\/2.0\/wp-content\/uploads\/Nani-Garcia-tr\u00edo-300x164.jpeg 300w, https:\/\/www.liceodeourense.com\/2.0\/wp-content\/uploads\/Nani-Garcia-tr\u00edo-1024x562.jpeg 1024w, https:\/\/www.liceodeourense.com\/2.0\/wp-content\/uploads\/Nani-Garcia-tr\u00edo.jpeg 1114w\" sizes=\"auto, (max-width: 300px) 100vw, 300px\" \/><\/a><\/p>\n<p><a href=\"http:\/\/www.liceodeourense.com\/2.0\/wp-content\/uploads\/cartel-serendipia-Ourense-logo.jpg\"><img loading=\"lazy\" decoding=\"async\" class=\"alignleft wp-image-4144 size-medium\" src=\"http:\/\/www.liceodeourense.com\/2.0\/wp-content\/uploads\/cartel-serendipia-Ourense-logo-212x300.jpg\" alt=\"cartel serendipia Ourense logo\" width=\"212\" height=\"300\" srcset=\"https:\/\/www.liceodeourense.com\/2.0\/wp-content\/uploads\/cartel-serendipia-Ourense-logo-212x300.jpg 212w, https:\/\/www.liceodeourense.com\/2.0\/wp-content\/uploads\/cartel-serendipia-Ourense-logo-724x1024.jpg 724w, https:\/\/www.liceodeourense.com\/2.0\/wp-content\/uploads\/cartel-serendipia-Ourense-logo.jpg 1913w\" sizes=\"auto, (max-width: 212px) 100vw, 212px\" \/><\/a><\/p>\n","protected":false},"excerpt":{"rendered":"<p>M\u00e1gnifico o Concerto o de onte no Liceo a cargo de Nani Garc\u00eda, Sim\u00f3n Garc\u00eda, e Miguel Cabana, compo\u00f1entes de Nani Garc\u00eda Tr\u00edo. Xenial, disfrutamos da boa m\u00fasica, do seu jazz directo.<\/p>\n","protected":false},"author":2,"featured_media":4171,"comment_status":"open","ping_status":"closed","sticky":false,"template":"","format":"standard","meta":{"footnotes":""},"categories":[5],"tags":[],"class_list":["post-4170","post","type-post","status-publish","format-standard","has-post-thumbnail","hentry","category-musica"],"_links":{"self":[{"href":"https:\/\/www.liceodeourense.com\/2.0\/index.php?rest_route=\/wp\/v2\/posts\/4170","targetHints":{"allow":["GET"]}}],"collection":[{"href":"https:\/\/www.liceodeourense.com\/2.0\/index.php?rest_route=\/wp\/v2\/posts"}],"about":[{"href":"https:\/\/www.liceodeourense.com\/2.0\/index.php?rest_route=\/wp\/v2\/types\/post"}],"author":[{"embeddable":true,"href":"https:\/\/www.liceodeourense.com\/2.0\/index.php?rest_route=\/wp\/v2\/users\/2"}],"replies":[{"embeddable":true,"href":"https:\/\/www.liceodeourense.com\/2.0\/index.php?rest_route=%2Fwp%2Fv2%2Fcomments&post=4170"}],"version-history":[{"count":1,"href":"https:\/\/www.liceodeourense.com\/2.0\/index.php?rest_route=\/wp\/v2\/posts\/4170\/revisions"}],"predecessor-version":[{"id":4172,"href":"https:\/\/www.liceodeourense.com\/2.0\/index.php?rest_route=\/wp\/v2\/posts\/4170\/revisions\/4172"}],"wp:featuredmedia":[{"embeddable":true,"href":"https:\/\/www.liceodeourense.com\/2.0\/index.php?rest_route=\/wp\/v2\/media\/4171"}],"wp:attachment":[{"href":"https:\/\/www.liceodeourense.com\/2.0\/index.php?rest_route=%2Fwp%2Fv2%2Fmedia&parent=4170"}],"wp:term":[{"taxonomy":"category","embeddable":true,"href":"https:\/\/www.liceodeourense.com\/2.0\/index.php?rest_route=%2Fwp%2Fv2%2Fcategories&post=4170"},{"taxonomy":"post_tag","embeddable":true,"href":"https:\/\/www.liceodeourense.com\/2.0\/index.php?rest_route=%2Fwp%2Fv2%2Ftags&post=4170"}],"curies":[{"name":"wp","href":"https:\/\/api.w.org\/{rel}","templated":true}]}}