{"id":4160,"date":"2014-10-09T17:29:46","date_gmt":"2014-10-09T16:29:46","guid":{"rendered":"http:\/\/www.liceodeourense.com\/2.0\/?p=4160"},"modified":"2014-10-15T11:35:24","modified_gmt":"2014-10-15T10:35:24","slug":"seminario-b-j-feijoo-renovador-do-pensamento-da-ilustracion","status":"publish","type":"post","link":"https:\/\/www.liceodeourense.com\/2.0\/?p=4160","title":{"rendered":"SEMINARIO B.J. FEIJOO. RENOVADOR DO PENSAMENTO DA ILUSTRACI\u00d3N."},"content":{"rendered":"<div><\/div>\n<div><span style=\"font-family: arial, helvetica, sans-serif; font-size: large;\">Xa est\u00e1n dispo\u00f1ibles os audios e os textos das intervenci\u00f3ns do seminario \u00abB.J. Feijoo. Renovador do pensamento da ilustraci\u00f3n\u00bb que organizamos a semana pasada no Liceo de Ourense e no que vostede fixo a s\u00faa inscrici\u00f3n.<\/span><\/div>\n<p>&nbsp;<\/p>\n<p>http:\/\/consellodacultura.gal\/mediateca\/evento.php?id=200222<\/p>\n<p>&nbsp;<\/p>\n<p><a href=\"http:\/\/www.liceodeourense.com\/2.0\/wp-content\/uploads\/BzfdvONCUAABK3t.jpg\"><img loading=\"lazy\" decoding=\"async\" class=\"alignleft size-full wp-image-4165\" src=\"http:\/\/www.liceodeourense.com\/2.0\/wp-content\/uploads\/BzfdvONCUAABK3t.jpg\" alt=\"BzfdvONCUAABK3t\" width=\"600\" height=\"450\" srcset=\"https:\/\/www.liceodeourense.com\/2.0\/wp-content\/uploads\/BzfdvONCUAABK3t.jpg 600w, https:\/\/www.liceodeourense.com\/2.0\/wp-content\/uploads\/BzfdvONCUAABK3t-300x225.jpg 300w\" sizes=\"auto, (max-width: 600px) 100vw, 600px\" \/><\/a><a href=\"http:\/\/www.liceodeourense.com\/2.0\/wp-content\/uploads\/feijoo.jpg\"><img loading=\"lazy\" decoding=\"async\" class=\"alignleft wp-image-4142 size-large\" src=\"http:\/\/www.liceodeourense.com\/2.0\/wp-content\/uploads\/feijoo-1024x699.jpg\" alt=\"feijoo\" width=\"1024\" height=\"699\" srcset=\"https:\/\/www.liceodeourense.com\/2.0\/wp-content\/uploads\/feijoo-1024x699.jpg 1024w, https:\/\/www.liceodeourense.com\/2.0\/wp-content\/uploads\/feijoo-300x204.jpg 300w\" sizes=\"auto, (max-width: 1024px) 100vw, 1024px\" \/><\/a><\/p>\n<p>&nbsp;<\/p>\n<p>&nbsp;<\/p>\n<p>a<a href=\"http:\/\/www.liceodeourense.com\/2.0\/wp-content\/uploads\/SKMBT_C36014100111510.pdf\">SKMBT_C36014100111510<\/a> <a href=\"http:\/\/www.liceodeourense.com\/2.0\/wp-content\/uploads\/SKMBT_C36014100111511-1.pdf\">SKMBT_C36014100111511 (1)<\/a><\/p>\n","protected":false},"excerpt":{"rendered":"<p>Xa est\u00e1n dispo\u00f1ibles os audios e os textos das intervenci\u00f3ns do seminario \u00abB.J. Feijoo. Renovador do pensamento da ilustraci\u00f3n\u00bb que organizamos a semana pasada no Liceo de Ourense e no que vostede fixo a s\u00faa inscrici\u00f3n. &nbsp; http:\/\/consellodacultura.gal\/mediateca\/evento.php?id=200222 &nbsp; &nbsp; &nbsp; aSKMBT_C36014100111510 SKMBT_C36014100111511 (1)<\/p>\n","protected":false},"author":2,"featured_media":4165,"comment_status":"open","ping_status":"closed","sticky":false,"template":"","format":"standard","meta":{"footnotes":""},"categories":[1],"tags":[],"class_list":["post-4160","post","type-post","status-publish","format-standard","has-post-thumbnail","hentry","category-sin-categoria"],"_links":{"self":[{"href":"https:\/\/www.liceodeourense.com\/2.0\/index.php?rest_route=\/wp\/v2\/posts\/4160","targetHints":{"allow":["GET"]}}],"collection":[{"href":"https:\/\/www.liceodeourense.com\/2.0\/index.php?rest_route=\/wp\/v2\/posts"}],"about":[{"href":"https:\/\/www.liceodeourense.com\/2.0\/index.php?rest_route=\/wp\/v2\/types\/post"}],"author":[{"embeddable":true,"href":"https:\/\/www.liceodeourense.com\/2.0\/index.php?rest_route=\/wp\/v2\/users\/2"}],"replies":[{"embeddable":true,"href":"https:\/\/www.liceodeourense.com\/2.0\/index.php?rest_route=%2Fwp%2Fv2%2Fcomments&post=4160"}],"version-history":[{"count":5,"href":"https:\/\/www.liceodeourense.com\/2.0\/index.php?rest_route=\/wp\/v2\/posts\/4160\/revisions"}],"predecessor-version":[{"id":4164,"href":"https:\/\/www.liceodeourense.com\/2.0\/index.php?rest_route=\/wp\/v2\/posts\/4160\/revisions\/4164"}],"wp:featuredmedia":[{"embeddable":true,"href":"https:\/\/www.liceodeourense.com\/2.0\/index.php?rest_route=\/wp\/v2\/media\/4165"}],"wp:attachment":[{"href":"https:\/\/www.liceodeourense.com\/2.0\/index.php?rest_route=%2Fwp%2Fv2%2Fmedia&parent=4160"}],"wp:term":[{"taxonomy":"category","embeddable":true,"href":"https:\/\/www.liceodeourense.com\/2.0\/index.php?rest_route=%2Fwp%2Fv2%2Fcategories&post=4160"},{"taxonomy":"post_tag","embeddable":true,"href":"https:\/\/www.liceodeourense.com\/2.0\/index.php?rest_route=%2Fwp%2Fv2%2Ftags&post=4160"}],"curies":[{"name":"wp","href":"https:\/\/api.w.org\/{rel}","templated":true}]}}