{"id":4108,"date":"2014-09-25T12:03:01","date_gmt":"2014-09-25T11:03:01","guid":{"rendered":"http:\/\/www.liceodeourense.com\/2.0\/?p=4108"},"modified":"2014-09-25T12:06:17","modified_gmt":"2014-09-25T11:06:17","slug":"tertulia-arredor-de-carlos-casares-e-ourense","status":"publish","type":"post","link":"https:\/\/www.liceodeourense.com\/2.0\/?p=4108","title":{"rendered":"Tertulia arredor de Carlos Casares e Ourense."},"content":{"rendered":"<h3 style=\"text-align: justify;\">Celebrouse onte no Liceo una TERTULIA con t\u00edtulo de \u00bb \u00a0O OURENSE DE \u00a0CARLOS CASARES O CARLOS CASARES DE OURENSE\u00bb, na que participaron\u00a0Maribel Outeiri\u00f1o, Iago Seara, Gonzalo Iglesias Sueiro, Agust\u00edn Madarn\u00e1s, Alvaro Rodr\u00edguez, \u00a0Xabier Casares e \u00a0Manuel Guede.<\/h3>\n<h3 style=\"text-align: justify;\">Falouse moito de Casares e moito de Ourense, cada qu\u00e9n coas suas vivencias persoais con Carlos e coa nosa Cidade, quixeramos destacar a achega de Maribel Outeiri\u00f1o de una faceta de Carlos Casares pouco co\u00f1ecida como a de poeta, unha achega en forma de \u00abpoema de amor\u00bb que declamou de maneira xenial outro contertulio a vez que moderador Manuel Guede.<\/h3>\n<p><a href=\"http:\/\/www.liceodeourense.com\/2.0\/wp-content\/uploads\/TERTULIA-CARLOS-CASARES-01.jpg\"><img loading=\"lazy\" decoding=\"async\" class=\"alignleft wp-image-4109 size-full\" src=\"http:\/\/www.liceodeourense.com\/2.0\/wp-content\/uploads\/TERTULIA-CARLOS-CASARES-01.jpg\" alt=\"TERTULIA CARLOS CASARES 01\" width=\"960\" height=\"720\" srcset=\"https:\/\/www.liceodeourense.com\/2.0\/wp-content\/uploads\/TERTULIA-CARLOS-CASARES-01.jpg 960w, https:\/\/www.liceodeourense.com\/2.0\/wp-content\/uploads\/TERTULIA-CARLOS-CASARES-01-300x225.jpg 300w\" sizes=\"auto, (max-width: 960px) 100vw, 960px\" \/><\/a><\/p>\n<h3 style=\"text-align: justify;\">Gracias a todos por traernos no ser\u00e1n de onte a Casares a sala de tertulia do Liceo, onde el pasou tantas tardes cando vi\u00f1a a Ourense.<\/h3>\n<p>&nbsp;<\/p>\n<p><a href=\"http:\/\/www.liceodeourense.com\/2.0\/wp-content\/uploads\/TERTULIA-CARLOS-CASARES1.jpg\"><img loading=\"lazy\" decoding=\"async\" class=\"alignleft size-full wp-image-4101\" src=\"http:\/\/www.liceodeourense.com\/2.0\/wp-content\/uploads\/TERTULIA-CARLOS-CASARES1.jpg\" alt=\"TERTULIA CARLOS CASARES\" width=\"585\" height=\"1240\" srcset=\"https:\/\/www.liceodeourense.com\/2.0\/wp-content\/uploads\/TERTULIA-CARLOS-CASARES1.jpg 585w, https:\/\/www.liceodeourense.com\/2.0\/wp-content\/uploads\/TERTULIA-CARLOS-CASARES1-141x300.jpg 141w, https:\/\/www.liceodeourense.com\/2.0\/wp-content\/uploads\/TERTULIA-CARLOS-CASARES1-483x1024.jpg 483w\" sizes=\"auto, (max-width: 585px) 100vw, 585px\" \/><\/a><\/p>\n<p>&nbsp;<\/p>\n<p>&nbsp;<\/p>\n","protected":false},"excerpt":{"rendered":"<p>Celebrouse onte no Liceo una TERTULIA con t\u00edtulo de \u00bb \u00a0O OURENSE DE \u00a0CARLOS CASARES O CARLOS CASARES DE OURENSE\u00bb, na que participaron\u00a0Maribel Outeiri\u00f1o, Iago Seara, Gonzalo Iglesias Sueiro, Agust\u00edn Madarn\u00e1s, Alvaro Rodr\u00edguez, \u00a0Xabier Casares e \u00a0Manuel Guede. Falouse moito de Casares e moito de Ourense, cada qu\u00e9n coas suas vivencias persoais con Carlos e [&hellip;]<\/p>\n","protected":false},"author":2,"featured_media":4109,"comment_status":"open","ping_status":"closed","sticky":false,"template":"","format":"standard","meta":{"footnotes":""},"categories":[6,1],"tags":[],"class_list":["post-4108","post","type-post","status-publish","format-standard","has-post-thumbnail","hentry","category-seccion-literatura","category-sin-categoria"],"_links":{"self":[{"href":"https:\/\/www.liceodeourense.com\/2.0\/index.php?rest_route=\/wp\/v2\/posts\/4108","targetHints":{"allow":["GET"]}}],"collection":[{"href":"https:\/\/www.liceodeourense.com\/2.0\/index.php?rest_route=\/wp\/v2\/posts"}],"about":[{"href":"https:\/\/www.liceodeourense.com\/2.0\/index.php?rest_route=\/wp\/v2\/types\/post"}],"author":[{"embeddable":true,"href":"https:\/\/www.liceodeourense.com\/2.0\/index.php?rest_route=\/wp\/v2\/users\/2"}],"replies":[{"embeddable":true,"href":"https:\/\/www.liceodeourense.com\/2.0\/index.php?rest_route=%2Fwp%2Fv2%2Fcomments&post=4108"}],"version-history":[{"count":2,"href":"https:\/\/www.liceodeourense.com\/2.0\/index.php?rest_route=\/wp\/v2\/posts\/4108\/revisions"}],"predecessor-version":[{"id":4111,"href":"https:\/\/www.liceodeourense.com\/2.0\/index.php?rest_route=\/wp\/v2\/posts\/4108\/revisions\/4111"}],"wp:featuredmedia":[{"embeddable":true,"href":"https:\/\/www.liceodeourense.com\/2.0\/index.php?rest_route=\/wp\/v2\/media\/4109"}],"wp:attachment":[{"href":"https:\/\/www.liceodeourense.com\/2.0\/index.php?rest_route=%2Fwp%2Fv2%2Fmedia&parent=4108"}],"wp:term":[{"taxonomy":"category","embeddable":true,"href":"https:\/\/www.liceodeourense.com\/2.0\/index.php?rest_route=%2Fwp%2Fv2%2Fcategories&post=4108"},{"taxonomy":"post_tag","embeddable":true,"href":"https:\/\/www.liceodeourense.com\/2.0\/index.php?rest_route=%2Fwp%2Fv2%2Ftags&post=4108"}],"curies":[{"name":"wp","href":"https:\/\/api.w.org\/{rel}","templated":true}]}}