{"id":4105,"date":"2014-09-23T11:25:44","date_gmt":"2014-09-23T10:25:44","guid":{"rendered":"http:\/\/www.liceodeourense.com\/2.0\/?p=4105"},"modified":"2014-09-23T11:25:44","modified_gmt":"2014-09-23T10:25:44","slug":"el-liceo-y-la-asociacion-de-propietarios-de-fincas-urbanas-de-ourense-ratifican-con-su-firma-un-convenio-de-colaboracion","status":"publish","type":"post","link":"https:\/\/www.liceodeourense.com\/2.0\/?p=4105","title":{"rendered":"El Liceo y la Asociaci\u00f3n de Propietarios de Fincas Urbanas de Ourense ratifican con su firma un convenio de colaboraci\u00f3n."},"content":{"rendered":"<p style=\"text-align: justify;\"><a href=\"http:\/\/www.liceodeourense.com\/2.0\/wp-content\/uploads\/Asociacion-de-Propietarios-.jpg\"><img loading=\"lazy\" decoding=\"async\" class=\"alignleft size-full wp-image-4106\" src=\"http:\/\/www.liceodeourense.com\/2.0\/wp-content\/uploads\/Asociacion-de-Propietarios-.jpg\" alt=\"Asociacion-de-Propietarios-\" width=\"774\" height=\"500\" srcset=\"https:\/\/www.liceodeourense.com\/2.0\/wp-content\/uploads\/Asociacion-de-Propietarios-.jpg 774w, https:\/\/www.liceodeourense.com\/2.0\/wp-content\/uploads\/Asociacion-de-Propietarios--300x193.jpg 300w\" sizes=\"auto, (max-width: 774px) 100vw, 774px\" \/><\/a><\/p>\n<p style=\"text-align: justify;\"><span style=\"font-family: Calibri, sans-serif;\"><span style=\"font-size: medium;\"><b>Javier Casa<\/b><\/span><\/span><span style=\"color: #000000;\"><span style=\"font-family: Calibri, sans-serif;\"><span style=\"font-size: medium;\"><b>res Mouri\u00f1o. Presidente del Liceo de Ourense, y Pedro Seara Morales, \u00a0Presidente de la\u00a0<\/b><\/span><\/span><\/span><b>Asociaci\u00f3n de Propietarios de Fincas Urbanas de Ourense, firman un Convenio con el que establecer\u00a0<\/b><b>un v\u00ednculo entre ambas instituciones con la finalidad de beneficiar a los asociados de ambos y buscar la conjunci\u00f3n de ideas y actuaciones en pro del desarrollo cultural, intelectual y econ\u00f3mico de los ciudadanos de Ourense.<\/b><\/p>\n<p style=\"text-align: justify;\"><span style=\"font-size: medium;\"><b>El Liceo de Ourense y la <\/b><\/span><span style=\"color: #000000;\"><span style=\"font-family: Calibri, sans-serif;\"><span style=\"font-size: medium;\"><b>Asociaci\u00f3n de Propietarios de Fincas Urbanas de Ourense <\/b><\/span><\/span><\/span><span style=\"font-size: medium;\"><b>se comprometen, a colaborar en aquellos actos culturales que consideren oportunos por beneficiar a sus asociados y\/o al desarrollo cultural, social y econ\u00f3mico de los ciudadanos ourensanos.<\/b><\/span><\/p>\n<p style=\"text-align: justify;\">\n<h2 style=\"text-align: justify;\" align=\"JUSTIFY\"><\/h2>\n","protected":false},"excerpt":{"rendered":"<p>Javier Casares Mouri\u00f1o. Presidente del Liceo de Ourense, y Pedro Seara Morales, \u00a0Presidente de la\u00a0Asociaci\u00f3n de Propietarios de Fincas Urbanas de Ourense, firman un Convenio con el que establecer\u00a0un v\u00ednculo entre ambas instituciones con la finalidad de beneficiar a los asociados de ambos y buscar la conjunci\u00f3n de ideas y actuaciones en pro del desarrollo [&hellip;]<\/p>\n","protected":false},"author":2,"featured_media":4106,"comment_status":"open","ping_status":"closed","sticky":false,"template":"","format":"standard","meta":{"footnotes":""},"categories":[4],"tags":[],"class_list":["post-4105","post","type-post","status-publish","format-standard","has-post-thumbnail","hentry","category-liceo"],"_links":{"self":[{"href":"https:\/\/www.liceodeourense.com\/2.0\/index.php?rest_route=\/wp\/v2\/posts\/4105","targetHints":{"allow":["GET"]}}],"collection":[{"href":"https:\/\/www.liceodeourense.com\/2.0\/index.php?rest_route=\/wp\/v2\/posts"}],"about":[{"href":"https:\/\/www.liceodeourense.com\/2.0\/index.php?rest_route=\/wp\/v2\/types\/post"}],"author":[{"embeddable":true,"href":"https:\/\/www.liceodeourense.com\/2.0\/index.php?rest_route=\/wp\/v2\/users\/2"}],"replies":[{"embeddable":true,"href":"https:\/\/www.liceodeourense.com\/2.0\/index.php?rest_route=%2Fwp%2Fv2%2Fcomments&post=4105"}],"version-history":[{"count":1,"href":"https:\/\/www.liceodeourense.com\/2.0\/index.php?rest_route=\/wp\/v2\/posts\/4105\/revisions"}],"predecessor-version":[{"id":4107,"href":"https:\/\/www.liceodeourense.com\/2.0\/index.php?rest_route=\/wp\/v2\/posts\/4105\/revisions\/4107"}],"wp:featuredmedia":[{"embeddable":true,"href":"https:\/\/www.liceodeourense.com\/2.0\/index.php?rest_route=\/wp\/v2\/media\/4106"}],"wp:attachment":[{"href":"https:\/\/www.liceodeourense.com\/2.0\/index.php?rest_route=%2Fwp%2Fv2%2Fmedia&parent=4105"}],"wp:term":[{"taxonomy":"category","embeddable":true,"href":"https:\/\/www.liceodeourense.com\/2.0\/index.php?rest_route=%2Fwp%2Fv2%2Fcategories&post=4105"},{"taxonomy":"post_tag","embeddable":true,"href":"https:\/\/www.liceodeourense.com\/2.0\/index.php?rest_route=%2Fwp%2Fv2%2Ftags&post=4105"}],"curies":[{"name":"wp","href":"https:\/\/api.w.org\/{rel}","templated":true}]}}