{"id":316,"date":"2009-06-23T10:23:00","date_gmt":"2009-06-23T10:23:00","guid":{"rendered":"http:\/\/www.liceodeourense.com\/2.0\/excursion-do-liceo-os-ancares\/"},"modified":"2009-06-23T10:23:00","modified_gmt":"2009-06-23T10:23:00","slug":"excursion-do-liceo-os-ancares","status":"publish","type":"post","link":"https:\/\/www.liceodeourense.com\/2.0\/?p=316","title":{"rendered":"EXCURSION DO LICEO &quot;OS ANCARES&quot;"},"content":{"rendered":"<div align=\"justify\"><a href=\"http:\/\/3.bp.blogspot.com\/_ydtKUihSESg\/SkCwRekz-DI\/AAAAAAAABrQ\/C_KMeZceZhI\/s1600-h\/OS-ANCARES-001.jpg\"><img decoding=\"async\" id=\"BLOGGER_PHOTO_ID_5350470171627878450\" style=\"FLOAT: left; MARGIN: 0px 10px 10px 0px; WIDTH: 400px; CURSOR: hand; HEIGHT: 300px\" alt=\"\" src=\"http:\/\/3.bp.blogspot.com\/_ydtKUihSESg\/SkCwRekz-DI\/AAAAAAAABrQ\/C_KMeZceZhI\/s400\/OS-ANCARES-001.jpg\" border=\"0\" \/><\/a> <span style=\"font-family:verdana;\"><span style=\"font-size:130%;\">O Liceo rematou o Curso da Secci\u00f3n de Arte  Historia e a Secci\u00f3n de Sendeirismo, cunha <span style=\"color:#ff0000;\">Excursi\u00f3n Os Ancares <\/span>lugueses, nun d\u00eda longo, caluroso, pero que nos veu \u00abo pelo\u00bb, para a nosa visita. Empezamos o d\u00eda no <span style=\"color:#ff0000;\">Cebreiro<\/span>, inicio do Cami\u00f1o de Santiago en Galicia, cunha visita e a misa no <span style=\"color:#ff0000;\">Santuario de Santa Mar\u00eda La Real<\/span>. Despois comemos na Casa Rural \u00abCarolo\u00bb, por certo moi ben, gracias por todas as s\u00faas atenci\u00f3ns.  <\/span><br \/><\/span><\/div>\n<p><a href=\"http:\/\/1.bp.blogspot.com\/_ydtKUihSESg\/SkCwRNG-4cI\/AAAAAAAABrI\/moR-BPvht38\/s1600-h\/OS-ANCARES-002.jpg\"><img decoding=\"async\" id=\"BLOGGER_PHOTO_ID_5350470166939361730\" style=\"FLOAT: left; MARGIN: 0px 10px 10px 0px; WIDTH: 400px; CURSOR: hand; HEIGHT: 300px\" alt=\"\" src=\"http:\/\/1.bp.blogspot.com\/_ydtKUihSESg\/SkCwRNG-4cI\/AAAAAAAABrI\/moR-BPvht38\/s400\/OS-ANCARES-002.jpg\" border=\"0\" \/><\/a><\/p>\n<p><a href=\"http:\/\/2.bp.blogspot.com\/_ydtKUihSESg\/SkCwQxrsO6I\/AAAAAAAABrA\/ZERgZn219Dc\/s1600-h\/OS-ANCARES-003.jpg\"><img decoding=\"async\" id=\"BLOGGER_PHOTO_ID_5350470159577136034\" style=\"FLOAT: left; MARGIN: 0px 10px 10px 0px; WIDTH: 400px; CURSOR: hand; HEIGHT: 300px\" alt=\"\" src=\"http:\/\/2.bp.blogspot.com\/_ydtKUihSESg\/SkCwQxrsO6I\/AAAAAAAABrA\/ZERgZn219Dc\/s400\/OS-ANCARES-003.jpg\" border=\"0\" \/><\/a><\/p>\n<p><\/p>\n<div><a href=\"http:\/\/2.bp.blogspot.com\/_ydtKUihSESg\/SkCvuZLeLoI\/AAAAAAAABq4\/R7JT6laBhrA\/s1600-h\/OS-ANCARES-006.jpg\"><img decoding=\"async\" id=\"BLOGGER_PHOTO_ID_5350469568883994242\" style=\"FLOAT: left; MARGIN: 0px 10px 10px 0px; WIDTH: 400px; CURSOR: hand; HEIGHT: 300px\" alt=\"\" src=\"http:\/\/2.bp.blogspot.com\/_ydtKUihSESg\/SkCvuZLeLoI\/AAAAAAAABq4\/R7JT6laBhrA\/s400\/OS-ANCARES-006.jpg\" border=\"0\" \/><\/a><\/p>\n<div align=\"justify\"><a href=\"http:\/\/4.bp.blogspot.com\/_ydtKUihSESg\/SkCvt5FSPaI\/AAAAAAAABqw\/ZZEBHDYtEKM\/s1600-h\/OS-ANCARES-008.jpg\"><img decoding=\"async\" id=\"BLOGGER_PHOTO_ID_5350469560268111266\" style=\"FLOAT: left; MARGIN: 0px 10px 10px 0px; WIDTH: 400px; CURSOR: hand; HEIGHT: 300px\" alt=\"\" src=\"http:\/\/4.bp.blogspot.com\/_ydtKUihSESg\/SkCvt5FSPaI\/AAAAAAAABqw\/ZZEBHDYtEKM\/s400\/OS-ANCARES-008.jpg\" border=\"0\" \/><\/a><br \/><span style=\"font-size:130%;\">Despois do Xantar, comenzamos a nosa viaxe pola Serra <span style=\"color:#ff0000;\">dos Ancares<\/span>, cun percorrido complicado para os autobuses, pero gracias a pereicia de Angel e Oscar de Camino Bus, disfrutamos, por unha estrada chea de curvas, da impresionantes paisaxe dos Ancares ata chegar <span style=\"color:#ff0000;\">o Piornedo<\/span>. <\/span><\/p>\n<\/div>\n<div align=\"justify\"><a href=\"http:\/\/1.bp.blogspot.com\/_ydtKUihSESg\/SkCvtgX8JSI\/AAAAAAAABqo\/sUFzgdnsI28\/s1600-h\/OS-ANCARES-009.jpg\"><img decoding=\"async\" id=\"BLOGGER_PHOTO_ID_5350469553635468578\" style=\"FLOAT: left; MARGIN: 0px 10px 10px 0px; WIDTH: 400px; CURSOR: hand; HEIGHT: 300px\" alt=\"\" src=\"http:\/\/1.bp.blogspot.com\/_ydtKUihSESg\/SkCvtgX8JSI\/AAAAAAAABqo\/sUFzgdnsI28\/s400\/OS-ANCARES-009.jpg\" border=\"0\" \/><\/a> <span style=\"font-size:130%;\">Unha vez chegados a O Piornedo demos un paseo pola aldea para visitar as s\u00faas famosas <span style=\"color:#ff0000;\">\u00abpallozas\u00bb<\/span>, que serviron de vivenda dos lugare\u00f1os ata os anos 70.<\/span><\/p>\n<\/div>\n<div><a href=\"http:\/\/1.bp.blogspot.com\/_ydtKUihSESg\/SkCvtXoN3BI\/AAAAAAAABqg\/Vaku_yW9Ywo\/s1600-h\/OS-ANCARES-010.jpg\"><img decoding=\"async\" id=\"BLOGGER_PHOTO_ID_5350469551287819282\" style=\"FLOAT: left; MARGIN: 0px 10px 10px 0px; WIDTH: 300px; CURSOR: hand; HEIGHT: 400px\" alt=\"\" src=\"http:\/\/1.bp.blogspot.com\/_ydtKUihSESg\/SkCvtXoN3BI\/AAAAAAAABqg\/Vaku_yW9Ywo\/s400\/OS-ANCARES-010.jpg\" border=\"0\" \/><\/a><\/p>\n<p><\/div>\n<div align=\"justify\"><a href=\"http:\/\/4.bp.blogspot.com\/_ydtKUihSESg\/SkCvtCQpvYI\/AAAAAAAABqY\/x778ZESHaWY\/s1600-h\/navia-de-suarna.jpg\"><img decoding=\"async\" id=\"BLOGGER_PHOTO_ID_5350469545551838594\" style=\"FLOAT: left; MARGIN: 0px 10px 10px 0px; WIDTH: 400px; CURSOR: hand; HEIGHT: 320px\" alt=\"\" src=\"http:\/\/4.bp.blogspot.com\/_ydtKUihSESg\/SkCvtCQpvYI\/AAAAAAAABqY\/x778ZESHaWY\/s400\/navia-de-suarna.jpg\" border=\"0\" \/><\/a><\/p>\n<p><span style=\"font-size:130%;\">Para rematar a nosa visita Os Ancares, regresamos por <span style=\"color:#ff0000;\">Navia de Suarna<\/span>, e despois de un pequeno descanso de tanto autocar, regresamos a Ourense. Un d\u00eda espectacular, no que gozamos sobre todo da paisaxe destes paraxes impresionantes.<\/span> <\/p>\n<\/div>\n<p><a href=\"http:\/\/3.bp.blogspot.com\/_ydtKUihSESg\/SkCvasxyD3I\/AAAAAAAABqQ\/jeAQMPSEMwM\/s1600-h\/OS-ANCARES-006.jpg\"><\/a><\/p>\n<div> <\/div>\n<\/div>\n","protected":false},"excerpt":{"rendered":"<p>O Liceo rematou o Curso da Secci\u00f3n de Arte Historia e a Secci\u00f3n de Sendeirismo, cunha Excursi\u00f3n Os Ancares lugueses, nun d\u00eda longo, caluroso, pero que nos veu \u00abo pelo\u00bb, para a nosa visita. Empezamos o d\u00eda no Cebreiro, inicio do Cami\u00f1o de Santiago en Galicia, cunha visita e a misa no Santuario de Santa [&hellip;]<\/p>\n","protected":false},"author":2,"featured_media":0,"comment_status":"open","ping_status":"closed","sticky":false,"template":"","format":"standard","meta":{"footnotes":""},"categories":[8,7],"tags":[],"class_list":["post-316","post","type-post","status-publish","format-standard","hentry","category-seccion-de-arte-e-historia","category-viaxes"],"_links":{"self":[{"href":"https:\/\/www.liceodeourense.com\/2.0\/index.php?rest_route=\/wp\/v2\/posts\/316","targetHints":{"allow":["GET"]}}],"collection":[{"href":"https:\/\/www.liceodeourense.com\/2.0\/index.php?rest_route=\/wp\/v2\/posts"}],"about":[{"href":"https:\/\/www.liceodeourense.com\/2.0\/index.php?rest_route=\/wp\/v2\/types\/post"}],"author":[{"embeddable":true,"href":"https:\/\/www.liceodeourense.com\/2.0\/index.php?rest_route=\/wp\/v2\/users\/2"}],"replies":[{"embeddable":true,"href":"https:\/\/www.liceodeourense.com\/2.0\/index.php?rest_route=%2Fwp%2Fv2%2Fcomments&post=316"}],"version-history":[{"count":0,"href":"https:\/\/www.liceodeourense.com\/2.0\/index.php?rest_route=\/wp\/v2\/posts\/316\/revisions"}],"wp:attachment":[{"href":"https:\/\/www.liceodeourense.com\/2.0\/index.php?rest_route=%2Fwp%2Fv2%2Fmedia&parent=316"}],"wp:term":[{"taxonomy":"category","embeddable":true,"href":"https:\/\/www.liceodeourense.com\/2.0\/index.php?rest_route=%2Fwp%2Fv2%2Fcategories&post=316"},{"taxonomy":"post_tag","embeddable":true,"href":"https:\/\/www.liceodeourense.com\/2.0\/index.php?rest_route=%2Fwp%2Fv2%2Ftags&post=316"}],"curies":[{"name":"wp","href":"https:\/\/api.w.org\/{rel}","templated":true}]}}