{"id":237,"date":"2008-03-27T17:55:00","date_gmt":"2008-03-27T17:55:00","guid":{"rendered":"http:\/\/www.liceodeourense.com\/2.0\/xornada-adicada-a-poesia-i\/"},"modified":"2008-03-27T17:55:00","modified_gmt":"2008-03-27T17:55:00","slug":"xornada-adicada-a-poesia-i","status":"publish","type":"post","link":"https:\/\/www.liceodeourense.com\/2.0\/?p=237","title":{"rendered":"XORNADA ADICADA A POES\u00cdA (I)"},"content":{"rendered":"<div align=\"justify\">Conmemoraci\u00f3n do D\u00eda Mundial da Poes\u00eda.<\/div>\n<div align=\"justify\">Homenaxe a Curros Enr\u00edquez (no centenario da s\u00faa morte), a Lu\u00eds Pimentel e a Alfonso Alcaraz (nos 50 anos do seu pasamento; Alcaraz faleceu en decembro do 57).<\/div>\n<div align=\"justify\">17 h. Sala de Tertulia do Liceo: recital po\u00e9tico de alumnos\/as dos IES A Carballeira, Celanova e As Lagoas, acompa\u00f1ados de Teresa Devesa, Loli Conde e algunhas profesoras.<\/div>\n<div align=\"justify\">20 h. Sal\u00f3n Nobre: mesa redonda sobre Lu\u00eds Pimentel (na imaxe) e Alfonso Alcaraz, a cargo de Delf\u00edn Caseiro e o poeta V\u00edctor Campio. Modera M. Valc\u00e1rcel. <\/div>\n<div align=\"justify\"> <\/div>\n<div align=\"justify\"> <\/div>\n<div align=\"justify\">D\u00cdA MUNDIAL DA POES\u00cdA. <\/div>\n<div align=\"justify\">LICEO DE OURENSE. SECCI\u00d3N DE LITERATURA. <\/div>\n<div align=\"justify\">No LICEO de Ourense, xoves 27 de maio, 17,00 H. (sala de tertulia). <\/div>\n<div align=\"justify\">Lista de alumnos\/as e profesoras participantes.<\/div>\n<div align=\"justify\"> <\/div>\n<div align=\"justify\">POEMAS DE CURROS ENR\u00cdQUEZ (IES A CARBALLEIRA) <\/div>\n<div align=\"justify\">C\u00e1ntiga &#8230;&#8230;&#8230;&#8230;&#8230;&#8230;&#8230;&#8230;&#8230;&#8230;&#8230;Laura Blanco Rodr\u00edguez<\/div>\n<div align=\"justify\">Nouturnio&#8230;&#8230;&#8230;&#8230;&#8230;&#8230;&#8230;&#8230;&#8230;&#8230;&#8230;Alba Silva P\u00e9rez e Ana Rodr\u00edguez Est\u00e9vez<\/div>\n<div align=\"justify\">A Rosal\u00eda&#8230;&#8230;&#8230;&#8230;&#8230;&#8230;&#8230;&#8230;&#8230;&#8230;&#8230;Sandra Campos Fern\u00e1ndez<\/div>\n<div align=\"justify\">Xuramento&#8230;&#8230;&#8230;&#8230;&#8230;&#8230;&#8230;&#8230;&#8230;&#8230;&#8230;Nazaret Doval Est\u00e9vez<\/div>\n<div align=\"justify\">Sola&#8230;&#8230;&#8230;&#8230;&#8230;&#8230;&#8230;&#8230;&#8230;&#8230;&#8230;Francisca Losada Mena<\/div>\n<div align=\"justify\">\u00d3s mozos&#8230;&#8230;&#8230;&#8230;&#8230;&#8230;&#8230;&#8230;&#8230;&#8230;&#8230;Jos\u00e9 Manuel Salgado P\u00e9rez<\/div>\n<div align=\"justify\">Melod\u00eda gallega&#8230;&#8230;&#8230;&#8230;&#8230;&#8230;&#8230;&#8230;&#8230;&#8230;&#8230; Rebeca Padr\u00f3n Gonz\u00e1lez<\/div>\n<div align=\"justify\">A primaveira &#8230;&#8230;&#8230;&#8230;&#8230;&#8230;&#8230;&#8230;&#8230;&#8230;&#8230;Paula Campos Fern\u00e1ndez e Francisca Losada Mena<\/div>\n<div align=\"justify\">A nena na fonte    &#8230;&#8230;&#8230;&#8230;&#8230;&#8230;&#8230;&#8230;&#8230;&#8230;&#8230;Blanca G\u00f3mez Jim\u00e9nez<\/div>\n<div align=\"justify\">A fouce do av\u00f3  &#8230;&#8230;&#8230;&#8230;&#8230;&#8230;&#8230;&#8230;&#8230;&#8230;&#8230;Catarina Fern\u00e1ndez Traba<\/div>\n<div align=\"justify\">Tempro deserto &#8230;&#8230;&#8230;&#8230;&#8230;&#8230;&#8230;&#8230;&#8230;&#8230;&#8230;Paula Campos Fern\u00e1ndez<\/div>\n<div align=\"justify\">\u00c9vos a lengua gallega &#8230;&#8230;&#8230;&#8230;&#8230;&#8230;&#8230;&#8230;&#8230;&#8230;&#8230;Pablo Vaz Rol\u00e1n<\/div>\n<div align=\"justify\">\u00a1Ai!&#8230; &#8230;&#8230;&#8230;&#8230;&#8230;&#8230;&#8230;&#8230;&#8230;&#8230;&#8230;Alba De Maia Corbelle<\/div>\n<div align=\"justify\">O maio &#8230;&#8230;&#8230;&#8230;&#8230;&#8230;&#8230;&#8230;&#8230;&#8230;&#8230;Adri\u00e1n N\u00f3voa Sousa<\/div>\n<div align=\"justify\">En corso &#8230;&#8230;&#8230;&#8230;&#8230;&#8230;&#8230;&#8230;&#8230;&#8230;&#8230;Alba Silva P\u00e9rez<\/div>\n<div align=\"justify\">Pelegrinos a Roma &#8230;&#8230;&#8230;&#8230;&#8230;&#8230;&#8230;&#8230;&#8230;&#8230;&#8230;Den\u00eds Su\u00e1rez Sierra <\/div>\n<div align=\"justify\">Diante unha imaxe de I\u00f1igo de Loyola &#8230;&#8230;&#8230;&#8230;&#8230;&#8230;&#8230;&#8230;&#8230;&#8230;&#8230;Den\u00eds Su\u00e1rez Sierra<\/div>\n<div align=\"justify\">Na chegada a Ourense da Primeira locomotora &#8230;&#8230;&#8230;&#8230;&#8230;&#8230;&#8230;&#8230;&#8230;&#8230;&#8230;Laura Blanco Rodr\u00edguez Sandra Campos Fern\u00e1ndez<\/div>\n<div align=\"justify\">Crebar as liras&#8230;! &#8230;&#8230;&#8230;&#8230;&#8230;&#8230;&#8230;&#8230;&#8230;&#8230;&#8230;Milagros Roca Santos <\/div>\n<div align=\"justify\"> <\/div>\n<div align=\"justify\">POEMAS DE LU\u00cdS PIMENTEL (IES AS LAGOAS)<\/div>\n<div align=\"justify\">\u00bfTu que sabes&#8230;? &#8230;&#8230;&#8230;&#8230;&#8230;&#8230;&#8230;&#8230;&#8230;&#8230;&#8230;Patricia \u00c1lvarez L\u00f3pez<\/div>\n<div align=\"justify\">Paseo &#8230;&#8230;&#8230;&#8230;&#8230;&#8230;&#8230;&#8230;&#8230;&#8230;&#8230;Laura Mar\u00eda Casado Parada<\/div>\n<div align=\"justify\">A poes\u00eda \u00e9 o gran milagre do mundo &#8230;&#8230;&#8230;&#8230;&#8230;&#8230;&#8230;&#8230;&#8230;&#8230;&#8230;Gabriel Gavela Gonz\u00e1lez<\/div>\n<div align=\"justify\">Outra vez Rosal\u00eda &#8230;&#8230;&#8230;&#8230;&#8230;&#8230;&#8230;&#8230;&#8230;&#8230;&#8230;Mar\u00eda Gonz\u00e1lez Mart\u00ednez<\/div>\n<div align=\"justify\">Outra vez&#8230; &#8230;&#8230;&#8230;&#8230;&#8230;&#8230;&#8230;&#8230;&#8230;&#8230;&#8230;Daniel Lorenzo P\u00e9rez<\/div>\n<div align=\"justify\">Os noivos &#8230;&#8230;&#8230;&#8230;&#8230;&#8230;&#8230;&#8230;&#8230;&#8230;&#8230;Celia Parra D\u00edaz <\/div>\n<div align=\"justify\">Cunetas &#8230;&#8230;&#8230;&#8230;&#8230;&#8230;&#8230;&#8230;&#8230;&#8230;&#8230;Iv\u00e1n Testa V\u00e1zquez<\/div>\n<div align=\"justify\"> <\/div>\n<div align=\"justify\">POEMAS DE ALFONSO ALCARAZ (IES DE CELANOVA)<\/div>\n<div align=\"justify\">Se ti non te foras, amada<\/div>\n<div align=\"justify\">Amori\u00f1o, meu amor &#8230;&#8230;&#8230;&#8230;&#8230;&#8230;&#8230;&#8230;&#8230;&#8230;&#8230;Ux\u00eda V\u00e1zquez Rodr\u00edguez<\/div>\n<div align=\"justify\">Si tus manos me dieran esa flor<\/div>\n<div align=\"justify\">Est\u00e1 todo de nuevo<\/div>\n<div align=\"justify\">Soy un hombre tan s\u00f3lo &#8230;&#8230;&#8230;&#8230;&#8230;&#8230;&#8230;&#8230;&#8230;&#8230;&#8230;Loli Conde<\/div>\n<div align=\"justify\">Nanita, nanita, nana&#8230;&#8230;&#8230;&#8230;&#8230;&#8230;&#8230;&#8230;&#8230;&#8230;&#8230;Teresa Devesa<\/div>\n<div align=\"justify\">Sue\u00f1o y amor de la ciudad&#8230;&#8230;&#8230;&#8230;&#8230;&#8230;&#8230;&#8230;&#8230;&#8230;&#8230;Teresa Devesa e Loli Conde<\/div>\n<div align=\"justify\">\u00bfQu\u00e9 es lo que podr\u00e9 darte? &#8230;&#8230;&#8230;&#8230;&#8230;&#8230;&#8230;&#8230;&#8230;&#8230;&#8230;Teresa Devesa <\/div>\n<div align=\"justify\"> <\/div>\n","protected":false},"excerpt":{"rendered":"<p>Conmemoraci\u00f3n do D\u00eda Mundial da Poes\u00eda. Homenaxe a Curros Enr\u00edquez (no centenario da s\u00faa morte), a Lu\u00eds Pimentel e a Alfonso Alcaraz (nos 50 anos do seu pasamento; Alcaraz faleceu en decembro do 57). 17 h. Sala de Tertulia do Liceo: recital po\u00e9tico de alumnos\/as dos IES A Carballeira, Celanova e As Lagoas, acompa\u00f1ados de [&hellip;]<\/p>\n","protected":false},"author":2,"featured_media":0,"comment_status":"open","ping_status":"closed","sticky":false,"template":"","format":"standard","meta":{"footnotes":""},"categories":[6],"tags":[],"class_list":["post-237","post","type-post","status-publish","format-standard","hentry","category-seccion-literatura"],"_links":{"self":[{"href":"https:\/\/www.liceodeourense.com\/2.0\/index.php?rest_route=\/wp\/v2\/posts\/237","targetHints":{"allow":["GET"]}}],"collection":[{"href":"https:\/\/www.liceodeourense.com\/2.0\/index.php?rest_route=\/wp\/v2\/posts"}],"about":[{"href":"https:\/\/www.liceodeourense.com\/2.0\/index.php?rest_route=\/wp\/v2\/types\/post"}],"author":[{"embeddable":true,"href":"https:\/\/www.liceodeourense.com\/2.0\/index.php?rest_route=\/wp\/v2\/users\/2"}],"replies":[{"embeddable":true,"href":"https:\/\/www.liceodeourense.com\/2.0\/index.php?rest_route=%2Fwp%2Fv2%2Fcomments&post=237"}],"version-history":[{"count":0,"href":"https:\/\/www.liceodeourense.com\/2.0\/index.php?rest_route=\/wp\/v2\/posts\/237\/revisions"}],"wp:attachment":[{"href":"https:\/\/www.liceodeourense.com\/2.0\/index.php?rest_route=%2Fwp%2Fv2%2Fmedia&parent=237"}],"wp:term":[{"taxonomy":"category","embeddable":true,"href":"https:\/\/www.liceodeourense.com\/2.0\/index.php?rest_route=%2Fwp%2Fv2%2Fcategories&post=237"},{"taxonomy":"post_tag","embeddable":true,"href":"https:\/\/www.liceodeourense.com\/2.0\/index.php?rest_route=%2Fwp%2Fv2%2Ftags&post=237"}],"curies":[{"name":"wp","href":"https:\/\/api.w.org\/{rel}","templated":true}]}}