{"id":225,"date":"2008-01-30T15:36:00","date_gmt":"2008-01-30T15:36:00","guid":{"rendered":"http:\/\/www.liceodeourense.com\/2.0\/visita-da-conselleira-de-cultura-o-liceo\/"},"modified":"2008-01-30T15:36:00","modified_gmt":"2008-01-30T15:36:00","slug":"visita-da-conselleira-de-cultura-o-liceo","status":"publish","type":"post","link":"https:\/\/www.liceodeourense.com\/2.0\/?p=225","title":{"rendered":"VISITA DA CONSELLEIRA DE CULTURA O LICEO"},"content":{"rendered":"<div align=\"justify\"><a href=\"http:\/\/bp3.blogger.com\/_ydtKUihSESg\/R6Ca0R-spLI\/AAAAAAAAAHk\/oHCgAVeZtsI\/s1600-h\/conselleira+(4).jpg\"><img decoding=\"async\" id=\"BLOGGER_PHOTO_ID_5161295395936838834\" style=\"FLOAT: left; MARGIN: 0px 10px 10px 0px; CURSOR: hand\" alt=\"\" src=\"http:\/\/bp3.blogger.com\/_ydtKUihSESg\/R6Ca0R-spLI\/AAAAAAAAAHk\/oHCgAVeZtsI\/s400\/conselleira+(4).jpg\" border=\"0\" \/><\/a> A Conselleira de Cultura e Deporte da Xunta de Galicia, Anxela Bugallo, acompa\u00f1ada do Director Xeral de Patrimonio, Felipe Arias, e do Delegado da Conselleria en Ourense, Xos\u00e9 Carlos Sierra, visitou na ma\u00f1\u00e1 de hoxe O Liceo de Ourense, onde recibiu as explicaci\u00f3ns das obras que vai a llevar a cabo a propia Conseller\u00eda, que sera a intervenci\u00f3n no Sal\u00f3n Noble e no Claustro da 1\u00aa Planta do Pazo dos Oca Valladares sede da Entidade lice\u00edsta. <\/div>\n<div align=\"justify\"> <\/div>\n<div align=\"justify\">A Conselleira foi recibida polo Presidente do Liceo, Jos\u00e9 Carlos Mart\u00ednez-Pedrayo, acompa\u00f1ado por parte da Xunta Directiva. <\/div>\n<p><a href=\"http:\/\/bp2.blogger.com\/_ydtKUihSESg\/R6CamB-spKI\/AAAAAAAAAHc\/PyjPW3tsnxo\/s1600-h\/conselleira+(6).jpg\"><img decoding=\"async\" id=\"BLOGGER_PHOTO_ID_5161295151123702946\" style=\"FLOAT: left; MARGIN: 0px 10px 10px 0px; CURSOR: hand\" alt=\"\" src=\"http:\/\/bp2.blogger.com\/_ydtKUihSESg\/R6CamB-spKI\/AAAAAAAAAHc\/PyjPW3tsnxo\/s400\/conselleira+(6).jpg\" border=\"0\" \/><\/a><\/p>\n<p><a href=\"http:\/\/bp2.blogger.com\/_ydtKUihSESg\/R6CaWB-spJI\/AAAAAAAAAHU\/3z8Uy1vkQhs\/s1600-h\/conselleira+(1).jpg\"><img decoding=\"async\" id=\"BLOGGER_PHOTO_ID_5161294876245795986\" style=\"FLOAT: left; MARGIN: 0px 10px 10px 0px; CURSOR: hand\" alt=\"\" src=\"http:\/\/bp2.blogger.com\/_ydtKUihSESg\/R6CaWB-spJI\/AAAAAAAAAHU\/3z8Uy1vkQhs\/s400\/conselleira+(1).jpg\" border=\"0\" \/><\/a><\/p>\n<p><\/p>\n<div><\/div>\n","protected":false},"excerpt":{"rendered":"<p>A Conselleira de Cultura e Deporte da Xunta de Galicia, Anxela Bugallo, acompa\u00f1ada do Director Xeral de Patrimonio, Felipe Arias, e do Delegado da Conselleria en Ourense, Xos\u00e9 Carlos Sierra, visitou na ma\u00f1\u00e1 de hoxe O Liceo de Ourense, onde recibiu as explicaci\u00f3ns das obras que vai a llevar a cabo a propia Conseller\u00eda, que [&hellip;]<\/p>\n","protected":false},"author":2,"featured_media":0,"comment_status":"open","ping_status":"closed","sticky":false,"template":"","format":"standard","meta":{"footnotes":""},"categories":[4],"tags":[],"class_list":["post-225","post","type-post","status-publish","format-standard","hentry","category-liceo"],"_links":{"self":[{"href":"https:\/\/www.liceodeourense.com\/2.0\/index.php?rest_route=\/wp\/v2\/posts\/225","targetHints":{"allow":["GET"]}}],"collection":[{"href":"https:\/\/www.liceodeourense.com\/2.0\/index.php?rest_route=\/wp\/v2\/posts"}],"about":[{"href":"https:\/\/www.liceodeourense.com\/2.0\/index.php?rest_route=\/wp\/v2\/types\/post"}],"author":[{"embeddable":true,"href":"https:\/\/www.liceodeourense.com\/2.0\/index.php?rest_route=\/wp\/v2\/users\/2"}],"replies":[{"embeddable":true,"href":"https:\/\/www.liceodeourense.com\/2.0\/index.php?rest_route=%2Fwp%2Fv2%2Fcomments&post=225"}],"version-history":[{"count":0,"href":"https:\/\/www.liceodeourense.com\/2.0\/index.php?rest_route=\/wp\/v2\/posts\/225\/revisions"}],"wp:attachment":[{"href":"https:\/\/www.liceodeourense.com\/2.0\/index.php?rest_route=%2Fwp%2Fv2%2Fmedia&parent=225"}],"wp:term":[{"taxonomy":"category","embeddable":true,"href":"https:\/\/www.liceodeourense.com\/2.0\/index.php?rest_route=%2Fwp%2Fv2%2Fcategories&post=225"},{"taxonomy":"post_tag","embeddable":true,"href":"https:\/\/www.liceodeourense.com\/2.0\/index.php?rest_route=%2Fwp%2Fv2%2Ftags&post=225"}],"curies":[{"name":"wp","href":"https:\/\/api.w.org\/{rel}","templated":true}]}}