{"id":2236,"date":"2012-12-14T11:30:32","date_gmt":"2012-12-14T10:30:32","guid":{"rendered":"http:\/\/www.liceodeourense.com\/2.0\/?p=2236"},"modified":"2012-12-14T11:55:44","modified_gmt":"2012-12-14T10:55:44","slug":"presentacion-a-noite-branca-de-francisco-x-fernandez-naval","status":"publish","type":"post","link":"https:\/\/www.liceodeourense.com\/2.0\/?p=2236","title":{"rendered":"Presentaci\u00f3n A noite branca  de Francisco X. Fern\u00e1ndez Naval"},"content":{"rendered":"<p>&nbsp;<\/p>\n<h2 align=\"center\"><span style=\"color: #ff0000;\"><a href=\"http:\/\/www.liceodeourense.com\/2.0\/wp-content\/uploads\/portada-a-noite-branca.jpg\"><img loading=\"lazy\" decoding=\"async\" class=\"alignleft size-full wp-image-2238\" title=\"portada a noite branca\" alt=\"\" src=\"http:\/\/www.liceodeourense.com\/2.0\/wp-content\/uploads\/portada-a-noite-branca.jpg\" width=\"200\" height=\"304\" srcset=\"https:\/\/www.liceodeourense.com\/2.0\/wp-content\/uploads\/portada-a-noite-branca.jpg 200w, https:\/\/www.liceodeourense.com\/2.0\/wp-content\/uploads\/portada-a-noite-branca-197x300.jpg 197w\" sizes=\"auto, (max-width: 200px) 100vw, 200px\" \/><\/a>Presentaci\u00f3n do libro \u00a0<strong><em>A noite branca \u00a0<\/em><\/strong>de Francisco X. Fern\u00e1ndez Naval<\/span><\/h2>\n<p>&nbsp;<\/p>\n<p>&nbsp;<\/p>\n<h4 align=\"center\"><span style=\"color: #3366ff;\">O acto, que contar\u00e1 coa participaci\u00f3n de <strong>Lu\u00eds Manuel Garc\u00eda Ma\u00f1\u00e1<\/strong>,<\/span><\/h4>\n<h4><\/h4>\n<h4 align=\"center\"><span style=\"color: #3366ff;\"><strong>Xos\u00e9 M. N\u00fa\u00f1ez Seixas <\/strong>(LMU, M\u00fanich), que intervir\u00e1 a trav\u00e9s de skype,<\/span><\/h4>\n<h4><\/h4>\n<h4 align=\"center\"><span style=\"color: #3366ff;\"><strong>Fran Alonso<\/strong> e o autor,ter\u00e1 lugar o <strong>venres<\/strong>, <strong>14 <\/strong>de decembro, \u00e1s <strong>20,00 horas<\/strong>,<\/span><\/h4>\n<h4><\/h4>\n<h4 align=\"center\"><span style=\"color: #3366ff;\">no <strong>Sal\u00f3n Noble do Liceo de Ourense<\/strong>, r\u00faa Valent\u00edn Lamas Carvajal, 5 Ourense.<\/span><\/h4>\n<h4><\/h4>\n<h4 align=\"center\"><span style=\"color: #3366ff;\">\u00a0<\/span><\/h4>\n<h4><\/h4>\n<h4 align=\"center\"><span style=\"color: #3366ff;\">Acompa\u00f1amento musical de <strong>Jos\u00e9 Luis Fern\u00e1ndez Carnicero<\/strong>.<\/span><\/h4>\n<p>&nbsp;<\/p>\n<p>&nbsp;<\/p>\n<h5 align=\"right\">Ao remate servirase un vi\u00f1o ofrecido por Colecci\u00f3n Costeira.<\/h5>\n<h5><\/h5>\n<h5><\/h5>\n<p>&nbsp;<\/p>\n<div>\n<h6 align=\"center\"><strong>\u00abA noite branca\u00bb de Francisco X. Fern\u00e1ndez Naval<\/strong><\/h6>\n<\/div>\n<h6><\/h6>\n<h6 align=\"center\"><em>A noite branca <\/em>\u00e9 unha novela de gran calado, de lectura seductora e decisiva<\/h6>\n<h6><\/h6>\n<h6 align=\"center\">na traxectoria literaria de Fern\u00e1ndez Naval.<\/h6>\n<h6><\/h6>\n<h6 align=\"center\"><\/h6>\n<h6><\/h6>\n<h6>Marcos sente a necesidade de co\u00f1ecer e contar unha parte esquecida do seu pasado familiar cando descobre varias fotograf\u00edas e un feixe de cartas escritas por un voluntario da Divisi\u00f3n Azul, enviadas desde a fronte rusa en 1941, e atopadas no interior dunha caixa de marmelo.<\/h6>\n<h6><\/h6>\n<h6>Coa axuda da s\u00faa nai, o escritor inicia un proceso de investigaci\u00f3n e de recuperaci\u00f3n da memoria que o leva desde A Habana da emigraci\u00f3n galega ata a fronte do r\u00edo Volchov e o cerco de Leningrado, atravesando a Europa sacudida pola II Guerra Mundial.<\/h6>\n<h6><\/h6>\n<h6>Catro voces van debullando un conxunto de historias entretecidas, que son protagonizadas por unha galer\u00eda de personaxes entre os que destacan Alfredo, o autor das cartas; a s\u00faa nai Mar\u00eda Lu\u00edsa; os membros do pelot\u00f3n do que el forma parte; cidad\u00e1ns rusos atrapados pola crueldade da guerra; nenos, exiliados republicanos; xudeus e soldados alem\u00e1ns que son testemu\u00f1as da viaxe da Divisi\u00f3n cara \u00e1 fronte do leste.<\/h6>\n<h6><\/h6>\n<h6>Coa ribeira do Mi\u00f1o como centro e un mundo convulso como escenario, Fern\u00e1ndez Naval constr\u00fae en <em>A noite branca<\/em> unha narraci\u00f3n emocionante, intensa, que lle permite recobrar personaxes e xeograf\u00edas da s\u00faa primeira novela <em>O bosque das antas<\/em> (Premio Xerais 1988). <em>A noite branca<\/em> \u00e9 unha novela de gran calado, de lectura seductora e decisiva na traxectoria literaria de Fern\u00e1ndez Naval.<\/h6>\n<h6><\/h6>\n<h6><em>\u00a0<\/em><\/h6>\n<h6><\/h6>\n<h6><strong>Francisco X. Fern\u00e1ndez Naval <\/strong>(Ourense,1956) \u00e9 poeta e narrador. Recibiu o Premio Cidade de Ourense de poes\u00eda en 1980 e en 2007 polos libros <em>A fonte abaga\u00f1ada <\/em>e <em>Mi\u00f1o, <\/em>respectivamente;\u00a0 o Premio Xerais de Novela en 1988 pola obra <em>O bosque das antas<\/em> e o Premio de Poes\u00eda Fiz Vergara Vilari\u00f1o 2010 por <em>Bater de sombras<\/em>. \u00c9 autor dunha ampla obra en galego, que incl\u00fae poes\u00eda, novela, relatos, ensaio, literatura infantil, xuvenil e de viaxes, gui\u00f3ns cinematogr\u00e1ficos e teatro. Algunhas das s\u00faas obras traduc\u00edronse a linguas como o castel\u00e1n, \u00e9uscaro, catal\u00e1n, franc\u00e9s, \u00e1rabe e portugu\u00e9s.<\/h6>\n<p>&nbsp;<\/p>\n","protected":false},"excerpt":{"rendered":"<p>&nbsp; Presentaci\u00f3n do libro \u00a0A noite branca \u00a0de Francisco X. Fern\u00e1ndez Naval &nbsp; &nbsp; O acto, que contar\u00e1 coa participaci\u00f3n de Lu\u00eds Manuel Garc\u00eda Ma\u00f1\u00e1, Xos\u00e9 M. N\u00fa\u00f1ez Seixas (LMU, M\u00fanich), que intervir\u00e1 a trav\u00e9s de skype, Fran Alonso e o autor,ter\u00e1 lugar o venres, 14 de decembro, \u00e1s 20,00 horas, no Sal\u00f3n Noble do [&hellip;]<\/p>\n","protected":false},"author":2,"featured_media":2238,"comment_status":"open","ping_status":"closed","sticky":false,"template":"","format":"standard","meta":{"footnotes":""},"categories":[6],"tags":[],"class_list":["post-2236","post","type-post","status-publish","format-standard","has-post-thumbnail","hentry","category-seccion-literatura"],"_links":{"self":[{"href":"https:\/\/www.liceodeourense.com\/2.0\/index.php?rest_route=\/wp\/v2\/posts\/2236","targetHints":{"allow":["GET"]}}],"collection":[{"href":"https:\/\/www.liceodeourense.com\/2.0\/index.php?rest_route=\/wp\/v2\/posts"}],"about":[{"href":"https:\/\/www.liceodeourense.com\/2.0\/index.php?rest_route=\/wp\/v2\/types\/post"}],"author":[{"embeddable":true,"href":"https:\/\/www.liceodeourense.com\/2.0\/index.php?rest_route=\/wp\/v2\/users\/2"}],"replies":[{"embeddable":true,"href":"https:\/\/www.liceodeourense.com\/2.0\/index.php?rest_route=%2Fwp%2Fv2%2Fcomments&post=2236"}],"version-history":[{"count":4,"href":"https:\/\/www.liceodeourense.com\/2.0\/index.php?rest_route=\/wp\/v2\/posts\/2236\/revisions"}],"predecessor-version":[{"id":2268,"href":"https:\/\/www.liceodeourense.com\/2.0\/index.php?rest_route=\/wp\/v2\/posts\/2236\/revisions\/2268"}],"wp:featuredmedia":[{"embeddable":true,"href":"https:\/\/www.liceodeourense.com\/2.0\/index.php?rest_route=\/wp\/v2\/media\/2238"}],"wp:attachment":[{"href":"https:\/\/www.liceodeourense.com\/2.0\/index.php?rest_route=%2Fwp%2Fv2%2Fmedia&parent=2236"}],"wp:term":[{"taxonomy":"category","embeddable":true,"href":"https:\/\/www.liceodeourense.com\/2.0\/index.php?rest_route=%2Fwp%2Fv2%2Fcategories&post=2236"},{"taxonomy":"post_tag","embeddable":true,"href":"https:\/\/www.liceodeourense.com\/2.0\/index.php?rest_route=%2Fwp%2Fv2%2Ftags&post=2236"}],"curies":[{"name":"wp","href":"https:\/\/api.w.org\/{rel}","templated":true}]}}