{"id":18408,"date":"2026-04-23T10:48:22","date_gmt":"2026-04-23T09:48:22","guid":{"rendered":"https:\/\/www.liceodeourense.com\/2.0\/?p=18408"},"modified":"2026-04-23T10:52:14","modified_gmt":"2026-04-23T09:52:14","slug":"composicion-junta-directiva","status":"publish","type":"post","link":"https:\/\/www.liceodeourense.com\/2.0\/?p=18408","title":{"rendered":"COMPOSICION JUNTA DIRECTIVA."},"content":{"rendered":"<blockquote>\n<h1><span style=\"color: #000080;\">Junta Directiva de El Liceo\u00a0 de Ourense<\/span><\/h1>\n<h3>PRESIDENTE<\/h3>\n<h3>D. Javier Casares Mouri\u00f1o<\/h3>\n<h3>VICEPRESIDENTE<\/h3>\n<h3>D. Armando Gonz\u00e1lez L\u00f3pez<\/h3>\n<h3>SECRETARIO<\/h3>\n<h3>D\u00f1a.\u00a0 Rosa Est\u00e9vez Redonet<\/h3>\n<h3>CONTADOR<\/h3>\n<h3>D.\u00a0 Amadeo Rodr\u00edguez Pi\u00f1eiro<\/h3>\n<h3>TESORERO<\/h3>\n<h3>D.\u00a0 Jacinto Seara Amigo<\/h3>\n<h3>BIBLIOTECARIO<\/h3>\n<h3>D. Manuel Jaime Mart\u00ednez Rapela<\/h3>\n<h3>VOCALES<\/h3>\n<h3>D. Joaqu\u00edn Bello Filgueira<\/h3>\n<h3>D. Ant\u00f3n Alonso Su\u00e1rez<\/h3>\n<h3>D. Jos\u00e9 Luis Fern\u00e1ndez D\u00edaz<\/h3>\n<h3>D. Jos\u00e9 Luis Sousa L\u00f3pez<\/h3>\n<\/blockquote>\n","protected":false},"excerpt":{"rendered":"<p>Junta Directiva de El Liceo\u00a0 de Ourense PRESIDENTE D. Javier Casares Mouri\u00f1o VICEPRESIDENTE D. Armando Gonz\u00e1lez L\u00f3pez SECRETARIO D\u00f1a.\u00a0 Rosa Est\u00e9vez Redonet CONTADOR D.\u00a0 Amadeo Rodr\u00edguez Pi\u00f1eiro TESORERO D.\u00a0 Jacinto Seara Amigo BIBLIOTECARIO D. Manuel Jaime Mart\u00ednez Rapela VOCALES D. Joaqu\u00edn Bello Filgueira D. Ant\u00f3n Alonso Su\u00e1rez D. Jos\u00e9 Luis Fern\u00e1ndez D\u00edaz D. Jos\u00e9 Luis [&hellip;]<\/p>\n","protected":false},"author":2,"featured_media":18410,"comment_status":"open","ping_status":"closed","sticky":false,"template":"","format":"standard","meta":{"footnotes":""},"categories":[54,24],"tags":[],"class_list":["post-18408","post","type-post","status-publish","format-standard","has-post-thumbnail","hentry","category-eusonsociodoliceo","category-actividade-social"],"_links":{"self":[{"href":"https:\/\/www.liceodeourense.com\/2.0\/index.php?rest_route=\/wp\/v2\/posts\/18408","targetHints":{"allow":["GET"]}}],"collection":[{"href":"https:\/\/www.liceodeourense.com\/2.0\/index.php?rest_route=\/wp\/v2\/posts"}],"about":[{"href":"https:\/\/www.liceodeourense.com\/2.0\/index.php?rest_route=\/wp\/v2\/types\/post"}],"author":[{"embeddable":true,"href":"https:\/\/www.liceodeourense.com\/2.0\/index.php?rest_route=\/wp\/v2\/users\/2"}],"replies":[{"embeddable":true,"href":"https:\/\/www.liceodeourense.com\/2.0\/index.php?rest_route=%2Fwp%2Fv2%2Fcomments&post=18408"}],"version-history":[{"count":1,"href":"https:\/\/www.liceodeourense.com\/2.0\/index.php?rest_route=\/wp\/v2\/posts\/18408\/revisions"}],"predecessor-version":[{"id":18409,"href":"https:\/\/www.liceodeourense.com\/2.0\/index.php?rest_route=\/wp\/v2\/posts\/18408\/revisions\/18409"}],"wp:featuredmedia":[{"embeddable":true,"href":"https:\/\/www.liceodeourense.com\/2.0\/index.php?rest_route=\/wp\/v2\/media\/18410"}],"wp:attachment":[{"href":"https:\/\/www.liceodeourense.com\/2.0\/index.php?rest_route=%2Fwp%2Fv2%2Fmedia&parent=18408"}],"wp:term":[{"taxonomy":"category","embeddable":true,"href":"https:\/\/www.liceodeourense.com\/2.0\/index.php?rest_route=%2Fwp%2Fv2%2Fcategories&post=18408"},{"taxonomy":"post_tag","embeddable":true,"href":"https:\/\/www.liceodeourense.com\/2.0\/index.php?rest_route=%2Fwp%2Fv2%2Ftags&post=18408"}],"curies":[{"name":"wp","href":"https:\/\/api.w.org\/{rel}","templated":true}]}}