{"id":18237,"date":"2026-03-10T22:32:06","date_gmt":"2026-03-10T21:32:06","guid":{"rendered":"https:\/\/www.liceodeourense.com\/2.0\/?p=18237"},"modified":"2026-03-12T11:34:58","modified_gmt":"2026-03-12T10:34:58","slug":"ciclo-falando-con-fernando-alanon","status":"publish","type":"post","link":"https:\/\/www.liceodeourense.com\/2.0\/?p=18237","title":{"rendered":"CICLO FALANDO CON&#8230;&#8230; FERNANDO ALA\u00d1ON"},"content":{"rendered":"<blockquote>\n<h3><span data-olk-copy-source=\"MessageBody\">Nova edici\u00f3n no Liceo de Ourense do ciclo de \u201cFalando con\u201d, nesta vez con Fernando Ala\u00f1\u00f3n, Maxistrado do TSXG. Nunha hora e poucos minutos, f\u00edxose un repaso \u00e1 situaci\u00f3n actual da Xustiza, nestes tempos tan convulsos e cr\u00edticos. Fernando Ala\u00f1\u00f3n, Maxistrado do Tribunal Superior de Xustiza de Galiza, contestou \u00e1s preguntas de Armando Gonz\u00e1lez L\u00f3pez, Directivo do Liceo, ante un p\u00fablico atento e interesado, como demostraron as m\u00faltiple preguntas realizadas por este, ao final do acto. \u00a0\u00bf\u00c9 xorda a xustiza amais de cega? refer\u00edndose aos xu\u00edzos paralelos na r\u00faa e nos medios. \u00bfDeben escoller os Partidos Pol\u00edticos aos representantes xudiciais e da fiscal\u00eda? \u00bfExiste a presunci\u00f3n de inocencia na lei do \u201cS\u00f3 o Si \u00e9 Si?\u00bfC\u00famprese co Plan Galego de Normalizaci\u00f3n Ling\u00fc\u00edstica\u201d no mundo xudicial? e outras moitas cuesti\u00f3ns que quedaron aclaradas. <\/span><\/h3>\n<h3><span data-olk-copy-source=\"MessageBody\">O noso agradecemento a Fernando Ala\u00f1on por participar neste ciclo e todas as personas que nos acompa\u00f1aron nesta edici\u00f3n.<\/span><\/h3>\n<p><img loading=\"lazy\" decoding=\"async\" class=\"alignnone size-full wp-image-18239\" src=\"https:\/\/www.liceodeourense.com\/2.0\/wp-content\/uploads\/FERNANDO-ALANON-02.jpg\" alt=\"\" width=\"979\" height=\"734\" srcset=\"https:\/\/www.liceodeourense.com\/2.0\/wp-content\/uploads\/FERNANDO-ALANON-02.jpg 979w, https:\/\/www.liceodeourense.com\/2.0\/wp-content\/uploads\/FERNANDO-ALANON-02-300x225.jpg 300w, https:\/\/www.liceodeourense.com\/2.0\/wp-content\/uploads\/FERNANDO-ALANON-02-768x576.jpg 768w\" sizes=\"auto, (max-width: 979px) 100vw, 979px\" \/><img loading=\"lazy\" decoding=\"async\" class=\"alignnone size-full wp-image-18205\" src=\"https:\/\/www.liceodeourense.com\/2.0\/wp-content\/uploads\/FERNANDO-ALANON.jpg\" alt=\"\" width=\"1654\" height=\"2338\" srcset=\"https:\/\/www.liceodeourense.com\/2.0\/wp-content\/uploads\/FERNANDO-ALANON.jpg 1654w, https:\/\/www.liceodeourense.com\/2.0\/wp-content\/uploads\/FERNANDO-ALANON-212x300.jpg 212w, https:\/\/www.liceodeourense.com\/2.0\/wp-content\/uploads\/FERNANDO-ALANON-724x1024.jpg 724w, https:\/\/www.liceodeourense.com\/2.0\/wp-content\/uploads\/FERNANDO-ALANON-768x1086.jpg 768w, https:\/\/www.liceodeourense.com\/2.0\/wp-content\/uploads\/FERNANDO-ALANON-1087x1536.jpg 1087w, https:\/\/www.liceodeourense.com\/2.0\/wp-content\/uploads\/FERNANDO-ALANON-1449x2048.jpg 1449w\" sizes=\"auto, (max-width: 1654px) 100vw, 1654px\" \/><\/p>\n<p>&nbsp;<\/p><\/blockquote>\n","protected":false},"excerpt":{"rendered":"<p>Nova edici\u00f3n no Liceo de Ourense do ciclo de \u201cFalando con\u201d, nesta vez con Fernando Ala\u00f1\u00f3n, Maxistrado do TSXG. Nunha hora e poucos minutos, f\u00edxose un repaso \u00e1 situaci\u00f3n actual da Xustiza, nestes tempos tan convulsos e cr\u00edticos. Fernando Ala\u00f1\u00f3n, Maxistrado do Tribunal Superior de Xustiza de Galiza, contestou \u00e1s preguntas de Armando Gonz\u00e1lez L\u00f3pez, [&hellip;]<\/p>\n","protected":false},"author":2,"featured_media":18238,"comment_status":"open","ping_status":"closed","sticky":false,"template":"","format":"standard","meta":{"footnotes":""},"categories":[62],"tags":[],"class_list":["post-18237","post","type-post","status-publish","format-standard","has-post-thumbnail","hentry","category-ciclo-falando-con"],"_links":{"self":[{"href":"https:\/\/www.liceodeourense.com\/2.0\/index.php?rest_route=\/wp\/v2\/posts\/18237","targetHints":{"allow":["GET"]}}],"collection":[{"href":"https:\/\/www.liceodeourense.com\/2.0\/index.php?rest_route=\/wp\/v2\/posts"}],"about":[{"href":"https:\/\/www.liceodeourense.com\/2.0\/index.php?rest_route=\/wp\/v2\/types\/post"}],"author":[{"embeddable":true,"href":"https:\/\/www.liceodeourense.com\/2.0\/index.php?rest_route=\/wp\/v2\/users\/2"}],"replies":[{"embeddable":true,"href":"https:\/\/www.liceodeourense.com\/2.0\/index.php?rest_route=%2Fwp%2Fv2%2Fcomments&post=18237"}],"version-history":[{"count":1,"href":"https:\/\/www.liceodeourense.com\/2.0\/index.php?rest_route=\/wp\/v2\/posts\/18237\/revisions"}],"predecessor-version":[{"id":18240,"href":"https:\/\/www.liceodeourense.com\/2.0\/index.php?rest_route=\/wp\/v2\/posts\/18237\/revisions\/18240"}],"wp:featuredmedia":[{"embeddable":true,"href":"https:\/\/www.liceodeourense.com\/2.0\/index.php?rest_route=\/wp\/v2\/media\/18238"}],"wp:attachment":[{"href":"https:\/\/www.liceodeourense.com\/2.0\/index.php?rest_route=%2Fwp%2Fv2%2Fmedia&parent=18237"}],"wp:term":[{"taxonomy":"category","embeddable":true,"href":"https:\/\/www.liceodeourense.com\/2.0\/index.php?rest_route=%2Fwp%2Fv2%2Fcategories&post=18237"},{"taxonomy":"post_tag","embeddable":true,"href":"https:\/\/www.liceodeourense.com\/2.0\/index.php?rest_route=%2Fwp%2Fv2%2Ftags&post=18237"}],"curies":[{"name":"wp","href":"https:\/\/api.w.org\/{rel}","templated":true}]}}