{"id":18232,"date":"2026-03-09T21:24:54","date_gmt":"2026-03-09T20:24:54","guid":{"rendered":"https:\/\/www.liceodeourense.com\/2.0\/?p=18232"},"modified":"2026-03-10T18:50:23","modified_gmt":"2026-03-10T17:50:23","slug":"pandereteiras-do-liceo-concerto-dia-internacional-da-muller-2","status":"publish","type":"post","link":"https:\/\/www.liceodeourense.com\/2.0\/?p=18232","title":{"rendered":"PANDERETEIRAS DO LICEO : CONCERTO DIA INTERNACIONAL DA MULLER"},"content":{"rendered":"<blockquote>\n<h3><b>Como ya ven sendo tradicional, e desgraciadamente con m\u00e1is necesidade que nunca, coas PANADERETEIRAD DO LICEO\u00a0 conmemoramos aquel 8 de marzo de 1908 cando un grupo de traballadoras textiles da f\u00e1brica Cotton de Nueva York levou a cabo una serie de manifestaci\u00f3ns en reclamo de melloras laborais<\/b>. Nesta ocasi\u00f3n estiveron acompa\u00f1adas no escenario do Liceo das Pandereteiras xuveniles da Asociaci\u00f3n de Veci\u00f1os de Loureiro.<\/h3>\n<h3>Norabora pola iniciativa e tam\u00e9n o noso agradecemento a Marina Tall\u00f3n pola introducci\u00f3n, os textos e a poes\u00edas do acto.<\/h3>\n<p><img loading=\"lazy\" decoding=\"async\" class=\"alignnone size-full wp-image-18234\" src=\"https:\/\/www.liceodeourense.com\/2.0\/wp-content\/uploads\/PANDERETEIRAS-DIA-MULLER-02.jpg\" alt=\"\" width=\"768\" height=\"1024\" srcset=\"https:\/\/www.liceodeourense.com\/2.0\/wp-content\/uploads\/PANDERETEIRAS-DIA-MULLER-02.jpg 768w, https:\/\/www.liceodeourense.com\/2.0\/wp-content\/uploads\/PANDERETEIRAS-DIA-MULLER-02-225x300.jpg 225w\" sizes=\"auto, (max-width: 768px) 100vw, 768px\" \/> <img loading=\"lazy\" decoding=\"async\" class=\"alignnone size-full wp-image-18235\" src=\"https:\/\/www.liceodeourense.com\/2.0\/wp-content\/uploads\/PANDERETEIRAS-DIA-MULLER-03.jpg\" alt=\"\" width=\"1024\" height=\"768\" srcset=\"https:\/\/www.liceodeourense.com\/2.0\/wp-content\/uploads\/PANDERETEIRAS-DIA-MULLER-03.jpg 1024w, https:\/\/www.liceodeourense.com\/2.0\/wp-content\/uploads\/PANDERETEIRAS-DIA-MULLER-03-300x225.jpg 300w, https:\/\/www.liceodeourense.com\/2.0\/wp-content\/uploads\/PANDERETEIRAS-DIA-MULLER-03-768x576.jpg 768w\" sizes=\"auto, (max-width: 1024px) 100vw, 1024px\" \/><\/p>\n<p><img loading=\"lazy\" decoding=\"async\" class=\"alignnone wp-image-18208\" src=\"https:\/\/www.liceodeourense.com\/2.0\/wp-content\/uploads\/PANDERETEIRAS-DIA-DA-MULLER.jpg\" alt=\"\" width=\"1024\" height=\"1447\" srcset=\"https:\/\/www.liceodeourense.com\/2.0\/wp-content\/uploads\/PANDERETEIRAS-DIA-DA-MULLER.jpg 1654w, https:\/\/www.liceodeourense.com\/2.0\/wp-content\/uploads\/PANDERETEIRAS-DIA-DA-MULLER-212x300.jpg 212w, https:\/\/www.liceodeourense.com\/2.0\/wp-content\/uploads\/PANDERETEIRAS-DIA-DA-MULLER-724x1024.jpg 724w, https:\/\/www.liceodeourense.com\/2.0\/wp-content\/uploads\/PANDERETEIRAS-DIA-DA-MULLER-768x1086.jpg 768w, https:\/\/www.liceodeourense.com\/2.0\/wp-content\/uploads\/PANDERETEIRAS-DIA-DA-MULLER-1087x1536.jpg 1087w, https:\/\/www.liceodeourense.com\/2.0\/wp-content\/uploads\/PANDERETEIRAS-DIA-DA-MULLER-1449x2048.jpg 1449w\" sizes=\"auto, (max-width: 1024px) 100vw, 1024px\" \/><\/p><\/blockquote>\n","protected":false},"excerpt":{"rendered":"<p>Como ya ven sendo tradicional, e desgraciadamente con m\u00e1is necesidade que nunca, coas PANADERETEIRAD DO LICEO\u00a0 conmemoramos aquel 8 de marzo de 1908 cando un grupo de traballadoras textiles da f\u00e1brica Cotton de Nueva York levou a cabo una serie de manifestaci\u00f3ns en reclamo de melloras laborais. Nesta ocasi\u00f3n estiveron acompa\u00f1adas no escenario do Liceo [&hellip;]<\/p>\n","protected":false},"author":2,"featured_media":18233,"comment_status":"open","ping_status":"closed","sticky":false,"template":"","format":"standard","meta":{"footnotes":""},"categories":[1],"tags":[],"class_list":["post-18232","post","type-post","status-publish","format-standard","has-post-thumbnail","hentry","category-sin-categoria"],"_links":{"self":[{"href":"https:\/\/www.liceodeourense.com\/2.0\/index.php?rest_route=\/wp\/v2\/posts\/18232","targetHints":{"allow":["GET"]}}],"collection":[{"href":"https:\/\/www.liceodeourense.com\/2.0\/index.php?rest_route=\/wp\/v2\/posts"}],"about":[{"href":"https:\/\/www.liceodeourense.com\/2.0\/index.php?rest_route=\/wp\/v2\/types\/post"}],"author":[{"embeddable":true,"href":"https:\/\/www.liceodeourense.com\/2.0\/index.php?rest_route=\/wp\/v2\/users\/2"}],"replies":[{"embeddable":true,"href":"https:\/\/www.liceodeourense.com\/2.0\/index.php?rest_route=%2Fwp%2Fv2%2Fcomments&post=18232"}],"version-history":[{"count":1,"href":"https:\/\/www.liceodeourense.com\/2.0\/index.php?rest_route=\/wp\/v2\/posts\/18232\/revisions"}],"predecessor-version":[{"id":18236,"href":"https:\/\/www.liceodeourense.com\/2.0\/index.php?rest_route=\/wp\/v2\/posts\/18232\/revisions\/18236"}],"wp:featuredmedia":[{"embeddable":true,"href":"https:\/\/www.liceodeourense.com\/2.0\/index.php?rest_route=\/wp\/v2\/media\/18233"}],"wp:attachment":[{"href":"https:\/\/www.liceodeourense.com\/2.0\/index.php?rest_route=%2Fwp%2Fv2%2Fmedia&parent=18232"}],"wp:term":[{"taxonomy":"category","embeddable":true,"href":"https:\/\/www.liceodeourense.com\/2.0\/index.php?rest_route=%2Fwp%2Fv2%2Fcategories&post=18232"},{"taxonomy":"post_tag","embeddable":true,"href":"https:\/\/www.liceodeourense.com\/2.0\/index.php?rest_route=%2Fwp%2Fv2%2Ftags&post=18232"}],"curies":[{"name":"wp","href":"https:\/\/api.w.org\/{rel}","templated":true}]}}