{"id":18210,"date":"2026-02-26T20:41:27","date_gmt":"2026-02-26T19:41:27","guid":{"rendered":"https:\/\/www.liceodeourense.com\/2.0\/?p=18210"},"modified":"2026-02-26T20:41:27","modified_gmt":"2026-02-26T19:41:27","slug":"a-asamblea-de-socios-do-liceo-reelixe-a-xabier-casares-mourino-como-presidente-da-entide-liceista","status":"publish","type":"post","link":"https:\/\/www.liceodeourense.com\/2.0\/?p=18210","title":{"rendered":"A ASAMBLEA DE SOCIOS DO LICEO REELIXE A XABIER CASARES MOURI\u00d1O COMO PRESIDENTE DA ENTIDE LICE\u00cdSTA."},"content":{"rendered":"<blockquote>\n<h1 class=\"x_elementToProof\" data-olk-copy-source=\"MessageBody\">A ASAMBLEA DE SOCIOS DO LICEO REELIXE A XABIER CASARES MOURI\u00d1O COMO PRESIDENTE DA ENTIDE LICE\u00cdSTA.<\/h1>\n<h3>El Liceo de Ourense celebrou na tarde do xoves 26 de febreiro a s\u00faa Asemblea Xeral Ordinaria, onde os Socios reelexiron como Presidente da Entidade a Xabier Casares Mouri\u00f1o, ratificando a s\u00faa xesti\u00f3n e a da s\u00faa xunta directiva un\u00e1mimente.<\/h3>\n<h3>Nunha asamblea na que adem\u00e1is se aprobaron as contas xerais da Sociedade, e se deron conta das actividades m\u00e1is importantes que tiveron lugar no ano pasado 2025.<\/h3>\n<h3>O 2.025 foi un ano especial para a nosa socidade; cumpl\u00edronse 175 anos de vida do Liceo, 175 anos de presencia activa na vida cultural e social de Ourense, 175 anos promocionando a realizaci\u00f3n de tertulias, xogos e deportes, levando a cabo actividades festivas e sociais, fomentando o ocio a convivencia e a formaci\u00f3n entre os socios.<\/h3>\n<h3><a name=\"x__GoBack\"><\/a>O 2.025 foi, adem\u00e1is de cumplirse o seu 175 aniversario, o ano no que a sociedade lice\u00edsta recibiu por parte do Concello de Ourense a Medalla de Ouro da Cidade, en reco\u00f1ecemento \u00e1 labor de fomento da cultura, as artes e a educaci\u00f3n, e \u00e1 sua contribuci\u00f3n \u00e1 creaci\u00f3n dun esp\u00edrito cidad\u00e1n aberto \u00e1 tolerancia e ao pluralismo. Esta medalla sup\u00f3n o reco\u00f1ecemento a 175 anos de traballo das distintas Xuntas Directivas e dos socios que puxeron ao Liceo, desde o seu inicio, na primeira fila dos acontecementos culturais e sociais que se desenolaron na nosa cidade.<\/h3>\n<h3>O Liceo, sempre foi unha sociedade implicada na colaboraci\u00f3n con outras entidades que carecen de espacios propios para o desenrolo das suas actividades. Son numerosas as sociedades non gubernamentais que solicitan a s\u00faa axuda. Esta axuda \u00e9 moi valorada por organismos como a Deputaci\u00f3n, que nos seus presupostos, consta unha importante axuda econ\u00f3mica para a Entidade lice\u00edsta.<\/h3>\n<h3>O Liceo manten unha estreita colaboraci\u00f3n coa Sociedade Filat\u00e9lica Mi\u00f1o, coa Sociedade \u201cOs Cogordos\u201d, e Tam\u00e9n co Foro Liceo no que est\u00e1n integrados Colexios Profesionais e colectivos empresariais, levando a cabo traballos orientados a mellorar a situaci\u00f3n, en moitos aspectos precaria, da nosa provincia e que se fan chegar aos partidos pol\u00edticos e instituci\u00f3ns por si lle poden ser de utilidade no seu traballo, sempre en beneficio de Ourense e dos ourensans.<\/h3>\n<h3>A Asemblea do Liceo manifestou e seu orgullo por ser considerados como unha das sociedades culturais m\u00e1is activas de Galicia. O pasado ano 2.025, celebr\u00e1ronse un total de 435 actividades, entre as que destacar\u00edamos as literarias, concertos musicais, exposoci\u00f3ns e conferencias. Co ciclo \u201cLemrando a\u2026\u201d r\u00e9ndese un cai\u00f1oso homenaxe a persoas que deixaron un \u201cselo\u201d no mundo da cultura, da empresa e da ciencia, en Ourense. E co ciclo \u201cFalando con\u2026\u201d traemos a personaxes que nos poden dar a s\u00faa interesante opini\u00f3n en t\u00e9mas de actualidade.<\/h3>\n<p><img loading=\"lazy\" decoding=\"async\" class=\"alignnone size-full wp-image-18212\" src=\"https:\/\/www.liceodeourense.com\/2.0\/wp-content\/uploads\/ASAMBLEA-2026-4.jpg\" alt=\"\" width=\"1082\" height=\"522\" srcset=\"https:\/\/www.liceodeourense.com\/2.0\/wp-content\/uploads\/ASAMBLEA-2026-4.jpg 1082w, https:\/\/www.liceodeourense.com\/2.0\/wp-content\/uploads\/ASAMBLEA-2026-4-300x145.jpg 300w, https:\/\/www.liceodeourense.com\/2.0\/wp-content\/uploads\/ASAMBLEA-2026-4-1024x494.jpg 1024w, https:\/\/www.liceodeourense.com\/2.0\/wp-content\/uploads\/ASAMBLEA-2026-4-768x371.jpg 768w\" sizes=\"auto, (max-width: 1082px) 100vw, 1082px\" \/><\/p><\/blockquote>\n","protected":false},"excerpt":{"rendered":"<p>A ASAMBLEA DE SOCIOS DO LICEO REELIXE A XABIER CASARES MOURI\u00d1O COMO PRESIDENTE DA ENTIDE LICE\u00cdSTA. El Liceo de Ourense celebrou na tarde do xoves 26 de febreiro a s\u00faa Asemblea Xeral Ordinaria, onde os Socios reelexiron como Presidente da Entidade a Xabier Casares Mouri\u00f1o, ratificando a s\u00faa xesti\u00f3n e a da s\u00faa xunta directiva [&hellip;]<\/p>\n","protected":false},"author":2,"featured_media":18211,"comment_status":"open","ping_status":"closed","sticky":false,"template":"","format":"standard","meta":{"footnotes":""},"categories":[54,4],"tags":[],"class_list":["post-18210","post","type-post","status-publish","format-standard","has-post-thumbnail","hentry","category-eusonsociodoliceo","category-liceo"],"_links":{"self":[{"href":"https:\/\/www.liceodeourense.com\/2.0\/index.php?rest_route=\/wp\/v2\/posts\/18210","targetHints":{"allow":["GET"]}}],"collection":[{"href":"https:\/\/www.liceodeourense.com\/2.0\/index.php?rest_route=\/wp\/v2\/posts"}],"about":[{"href":"https:\/\/www.liceodeourense.com\/2.0\/index.php?rest_route=\/wp\/v2\/types\/post"}],"author":[{"embeddable":true,"href":"https:\/\/www.liceodeourense.com\/2.0\/index.php?rest_route=\/wp\/v2\/users\/2"}],"replies":[{"embeddable":true,"href":"https:\/\/www.liceodeourense.com\/2.0\/index.php?rest_route=%2Fwp%2Fv2%2Fcomments&post=18210"}],"version-history":[{"count":1,"href":"https:\/\/www.liceodeourense.com\/2.0\/index.php?rest_route=\/wp\/v2\/posts\/18210\/revisions"}],"predecessor-version":[{"id":18213,"href":"https:\/\/www.liceodeourense.com\/2.0\/index.php?rest_route=\/wp\/v2\/posts\/18210\/revisions\/18213"}],"wp:featuredmedia":[{"embeddable":true,"href":"https:\/\/www.liceodeourense.com\/2.0\/index.php?rest_route=\/wp\/v2\/media\/18211"}],"wp:attachment":[{"href":"https:\/\/www.liceodeourense.com\/2.0\/index.php?rest_route=%2Fwp%2Fv2%2Fmedia&parent=18210"}],"wp:term":[{"taxonomy":"category","embeddable":true,"href":"https:\/\/www.liceodeourense.com\/2.0\/index.php?rest_route=%2Fwp%2Fv2%2Fcategories&post=18210"},{"taxonomy":"post_tag","embeddable":true,"href":"https:\/\/www.liceodeourense.com\/2.0\/index.php?rest_route=%2Fwp%2Fv2%2Ftags&post=18210"}],"curies":[{"name":"wp","href":"https:\/\/api.w.org\/{rel}","templated":true}]}}