{"id":17914,"date":"2025-11-12T22:48:51","date_gmt":"2025-11-12T21:48:51","guid":{"rendered":"https:\/\/www.liceodeourense.com\/2.0\/?p=17914"},"modified":"2025-11-13T11:20:38","modified_gmt":"2025-11-13T10:20:38","slug":"un-ano-mas-y-como-es-tradicion-y-de-las-buenas-d-miguel-angel-gonzalez-garcia-en-san-martino-2","status":"publish","type":"post","link":"https:\/\/www.liceodeourense.com\/2.0\/?p=17914","title":{"rendered":"Un a\u00f1o m\u00e1s.. y como es tradici\u00f3n.. y de las buenas.. D. MIGUEL ANGEL GONZALEZ GARCIA en SAN MARTI\u00d1O"},"content":{"rendered":"<blockquote>\n<h3 lang=\"es-MX\" align=\"JUSTIFY\">Continuando con la programaci\u00f3n que El Liceo organiza alrededor de la Festividad del Patr\u00f3n de nuestra Ciudad: San Marti\u00f1o, tuvo lugar, hoy mi\u00e9rcoles 13 de noviembre, con la Conferencia de D. Miguel \u00c1ngel Gonz\u00e1lez Garc\u00eda, con el t\u00edtulo \u201cDiez libros claves para la Historia de Ourense\u201d.<\/h3>\n<h3 lang=\"es-MX\" align=\"JUSTIFY\">Don Miguel \u00c1ngel es Socio de Honor del Liceo, por merecimiento, por justicia, y adem\u00e1s \u00e9l presume de esa distinci\u00f3n, con el hemos disfrutado multitud de conferencias, muchas de ellas alrededor de la festividad de nuestro Patr\u00f3n San Mart\u00edn. GRACIAS MIGUEL por todas y cada una de tus intervenciones, en especial esta Conferencia,\u00a0 en el 175 aniversario de nuestra Entidad.<\/h3>\n<h3 lang=\"es-MX\" align=\"JUSTIFY\">D. Miguel Angel hizo recorrido por los diez libros claves para la Historia de Ourense, desde el Misal Auriense de 1494; el titulado \u00abNoticias hist\u00f3ricas de la Santa Iglesia Catedral de Orense\u00bb, de 1726, escrito por el Obispo Dr. Fr. Joan Mu\u00f1oz de la Cueba;\u00a0 \u00abLa Espa\u00f1a Sagrada\u00bb en su tomo XVII dedicado a nuestra Catedral, del a\u00f1o 1758 y Fr. Herique Florez, y publicado en Madrid;\u00a0 \u00abLa Catedral de Ourense\u00bb de 1916 de D. Manuel S\u00e1nchez Arteaga, que tuvo una actualizaci\u00f3n y revisi\u00f3n por el Profesor Saco; \u00abCr\u00f3nica de los Obispos de Orense\u00bb de 1897 de D. Benito Fern\u00e1ndez Alonso y editado en Ourense;\u00a0 \u00abDel Orense Antiguo\u00bb\u00a0 de D. Jos\u00e9 Adrio Men\u00e9ndez, publicado en 1935.\u00a0 Un recuerdo tambi\u00e9n para el libro del propio Adrio Men\u00e9ndez dedicado al Liceo Recreo Orensano publicado en 1930;\u00a0 En 1943 se publicada \u00abLa Capilla y Santuario del Sant\u00edsimo Cristo de la Catedral de Orense\u00bb, Por D. Jes\u00fas Ferros Couselo y D. Joaqu\u00edn Lorenz\u00f3 Fern\u00e1ndez &#8211; Ben cho Sey- ; \u00abLa construcci\u00f3n de la Catedral de Orense\u00bb de 1954\u00a0 publicado en Santiago de Compostela por D. Jos\u00e9 Manuel Pita Andrade;\u00a0 y ya acerc\u00e1ndonos a nuestros d\u00edas el publicado en 1964 \u00abDel Ourense Monumental\u00bb\u00a0 escrito por D. Vicente Risco con los dibujos de Conde Corbal; 1969 por D. Florentino L\u00f3pez Cuevillas \u00abCosas de Orense\u00bb;\u00a0 \u00a0ya en 1996 \u00abLa M\u00fasica en la Catedral de Orense\u00bb del antecesor de D. Miguel \u00c1ngel, D. Emilio Duro Pe\u00f1a;\u00a0 y para finalizar este recorrido por los libros de la historia de Ourense un recuerdo muy\u00a0 especial para D. Juan Carlos Rivas Fern\u00e1ndez, que nos ha dejado recientemente con sus libros \u00abAntig\u00fcedad del episcopado auriense\u00bb de 2003 y \u00abA Ponte Maior\u00bb.<\/h3>\n<h3 lang=\"es-MX\" align=\"JUSTIFY\">Una extrarodinaria conferencia, con su verbo f\u00e1cil y su manera cercana de exponer los temas, que haga que uno salga con la sensaci\u00f3n de haber recibido una bocanada de ilustraci\u00f3n y conocimiento, y como siempre de aprender algo m\u00e1s de nuestra ciudad. Reiteramos D. Miguel \u00c1ngel. MUCHAS GRACIAS.<\/h3>\n<\/blockquote>\n","protected":false},"excerpt":{"rendered":"<p>Continuando con la programaci\u00f3n que El Liceo organiza alrededor de la Festividad del Patr\u00f3n de nuestra Ciudad: San Marti\u00f1o, tuvo lugar, hoy mi\u00e9rcoles 13 de noviembre, con la Conferencia de D. Miguel \u00c1ngel Gonz\u00e1lez Garc\u00eda, con el t\u00edtulo \u201cDiez libros claves para la Historia de Ourense\u201d. Don Miguel \u00c1ngel es Socio de Honor del Liceo, [&hellip;]<\/p>\n","protected":false},"author":2,"featured_media":17915,"comment_status":"open","ping_status":"closed","sticky":false,"template":"","format":"standard","meta":{"footnotes":""},"categories":[43],"tags":[],"class_list":["post-17914","post","type-post","status-publish","format-standard","has-post-thumbnail","hentry","category-conferencias"],"_links":{"self":[{"href":"https:\/\/www.liceodeourense.com\/2.0\/index.php?rest_route=\/wp\/v2\/posts\/17914","targetHints":{"allow":["GET"]}}],"collection":[{"href":"https:\/\/www.liceodeourense.com\/2.0\/index.php?rest_route=\/wp\/v2\/posts"}],"about":[{"href":"https:\/\/www.liceodeourense.com\/2.0\/index.php?rest_route=\/wp\/v2\/types\/post"}],"author":[{"embeddable":true,"href":"https:\/\/www.liceodeourense.com\/2.0\/index.php?rest_route=\/wp\/v2\/users\/2"}],"replies":[{"embeddable":true,"href":"https:\/\/www.liceodeourense.com\/2.0\/index.php?rest_route=%2Fwp%2Fv2%2Fcomments&post=17914"}],"version-history":[{"count":2,"href":"https:\/\/www.liceodeourense.com\/2.0\/index.php?rest_route=\/wp\/v2\/posts\/17914\/revisions"}],"predecessor-version":[{"id":17917,"href":"https:\/\/www.liceodeourense.com\/2.0\/index.php?rest_route=\/wp\/v2\/posts\/17914\/revisions\/17917"}],"wp:featuredmedia":[{"embeddable":true,"href":"https:\/\/www.liceodeourense.com\/2.0\/index.php?rest_route=\/wp\/v2\/media\/17915"}],"wp:attachment":[{"href":"https:\/\/www.liceodeourense.com\/2.0\/index.php?rest_route=%2Fwp%2Fv2%2Fmedia&parent=17914"}],"wp:term":[{"taxonomy":"category","embeddable":true,"href":"https:\/\/www.liceodeourense.com\/2.0\/index.php?rest_route=%2Fwp%2Fv2%2Fcategories&post=17914"},{"taxonomy":"post_tag","embeddable":true,"href":"https:\/\/www.liceodeourense.com\/2.0\/index.php?rest_route=%2Fwp%2Fv2%2Ftags&post=17914"}],"curies":[{"name":"wp","href":"https:\/\/api.w.org\/{rel}","templated":true}]}}