{"id":17869,"date":"2025-10-31T21:34:11","date_gmt":"2025-10-31T20:34:11","guid":{"rendered":"https:\/\/www.liceodeourense.com\/2.0\/?p=17869"},"modified":"2025-11-01T18:38:03","modified_gmt":"2025-11-01T17:38:03","slug":"magnifica-interpretacion-de-la-pianista-maria-iciar-serrano-quinones-de-la-obra-pedro-y-el-lobo","status":"publish","type":"post","link":"https:\/\/www.liceodeourense.com\/2.0\/?p=17869","title":{"rendered":"Magn\u00edfica interpretaci\u00f3n de la pianista Mar\u00eda Ic\u00edar Serrano Qui\u00f1ones de la obra \u00abPedro y el lobo\u00bb."},"content":{"rendered":"<blockquote>\n<h3>En la tarde de hoy no visit\u00f3 la\u00a0 pianista Mar\u00eda Ic\u00edar Serrano Qui\u00f1ones, qui\u00e9n nos ofreci\u00f3 una magn\u00edfica interperaci\u00f3n de Pedro y el lobo (Op.67), es una obra sinf\u00f3nica del compositor ruso Sergu\u00e9i Prok\u00f3fiev,en forma de cuento\u00a0 musical dedicado\u00a0 a los ni\u00f1os. Fue escrita en 1936, y el compositor adapt\u00f3 la m\u00fasica al texto, incluyendo un narrador adem\u00e1s de la orquesta.En realidad, lo escribi\u00f3 para todos los p\u00fablicos: ni\u00f1os y adultos,de manera que pudieran asistir todos juntos al concierto. Disfrutamos de escuchar estas piezas para piano, que son la versi\u00f3n sinf\u00f3nica para un solo instrumento musical. Cada pieza representa a un personaje o situaci\u00f3n del cuento, que ella misma fue presentando al p\u00fablico para seguir la narraci\u00f3n.<\/h3>\n<\/blockquote>\n<p><img loading=\"lazy\" decoding=\"async\" class=\"alignnone size-full wp-image-17871\" src=\"https:\/\/www.liceodeourense.com\/2.0\/wp-content\/uploads\/ICIAR-SERRANO-04.jpg\" alt=\"\" width=\"1094\" height=\"821\" srcset=\"https:\/\/www.liceodeourense.com\/2.0\/wp-content\/uploads\/ICIAR-SERRANO-04.jpg 1094w, https:\/\/www.liceodeourense.com\/2.0\/wp-content\/uploads\/ICIAR-SERRANO-04-300x225.jpg 300w, https:\/\/www.liceodeourense.com\/2.0\/wp-content\/uploads\/ICIAR-SERRANO-04-1024x768.jpg 1024w, https:\/\/www.liceodeourense.com\/2.0\/wp-content\/uploads\/ICIAR-SERRANO-04-768x576.jpg 768w\" sizes=\"auto, (max-width: 1094px) 100vw, 1094px\" \/> <img loading=\"lazy\" decoding=\"async\" class=\"alignnone size-full wp-image-17872\" src=\"https:\/\/www.liceodeourense.com\/2.0\/wp-content\/uploads\/ICIAR-SERRANO-05.jpg\" alt=\"\" width=\"821\" height=\"1094\" srcset=\"https:\/\/www.liceodeourense.com\/2.0\/wp-content\/uploads\/ICIAR-SERRANO-05.jpg 821w, https:\/\/www.liceodeourense.com\/2.0\/wp-content\/uploads\/ICIAR-SERRANO-05-225x300.jpg 225w, https:\/\/www.liceodeourense.com\/2.0\/wp-content\/uploads\/ICIAR-SERRANO-05-768x1023.jpg 768w\" sizes=\"auto, (max-width: 821px) 100vw, 821px\" \/><img loading=\"lazy\" decoding=\"async\" class=\"alignnone size-full wp-image-17845\" src=\"https:\/\/www.liceodeourense.com\/2.0\/wp-content\/uploads\/2-CONCIERTO-ICIAR-SERRANO.jpg\" alt=\"\" width=\"1654\" height=\"2338\" srcset=\"https:\/\/www.liceodeourense.com\/2.0\/wp-content\/uploads\/2-CONCIERTO-ICIAR-SERRANO.jpg 1654w, https:\/\/www.liceodeourense.com\/2.0\/wp-content\/uploads\/2-CONCIERTO-ICIAR-SERRANO-212x300.jpg 212w, https:\/\/www.liceodeourense.com\/2.0\/wp-content\/uploads\/2-CONCIERTO-ICIAR-SERRANO-724x1024.jpg 724w, https:\/\/www.liceodeourense.com\/2.0\/wp-content\/uploads\/2-CONCIERTO-ICIAR-SERRANO-768x1086.jpg 768w, https:\/\/www.liceodeourense.com\/2.0\/wp-content\/uploads\/2-CONCIERTO-ICIAR-SERRANO-1087x1536.jpg 1087w, https:\/\/www.liceodeourense.com\/2.0\/wp-content\/uploads\/2-CONCIERTO-ICIAR-SERRANO-1449x2048.jpg 1449w\" sizes=\"auto, (max-width: 1654px) 100vw, 1654px\" \/><\/p>\n<div><\/div>\n","protected":false},"excerpt":{"rendered":"<p>En la tarde de hoy no visit\u00f3 la\u00a0 pianista Mar\u00eda Ic\u00edar Serrano Qui\u00f1ones, qui\u00e9n nos ofreci\u00f3 una magn\u00edfica interperaci\u00f3n de Pedro y el lobo (Op.67), es una obra sinf\u00f3nica del compositor ruso Sergu\u00e9i Prok\u00f3fiev,en forma de cuento\u00a0 musical dedicado\u00a0 a los ni\u00f1os. Fue escrita en 1936, y el compositor adapt\u00f3 la m\u00fasica al texto, incluyendo [&hellip;]<\/p>\n","protected":false},"author":2,"featured_media":17870,"comment_status":"open","ping_status":"closed","sticky":false,"template":"","format":"standard","meta":{"footnotes":""},"categories":[5],"tags":[],"class_list":["post-17869","post","type-post","status-publish","format-standard","has-post-thumbnail","hentry","category-musica"],"_links":{"self":[{"href":"https:\/\/www.liceodeourense.com\/2.0\/index.php?rest_route=\/wp\/v2\/posts\/17869","targetHints":{"allow":["GET"]}}],"collection":[{"href":"https:\/\/www.liceodeourense.com\/2.0\/index.php?rest_route=\/wp\/v2\/posts"}],"about":[{"href":"https:\/\/www.liceodeourense.com\/2.0\/index.php?rest_route=\/wp\/v2\/types\/post"}],"author":[{"embeddable":true,"href":"https:\/\/www.liceodeourense.com\/2.0\/index.php?rest_route=\/wp\/v2\/users\/2"}],"replies":[{"embeddable":true,"href":"https:\/\/www.liceodeourense.com\/2.0\/index.php?rest_route=%2Fwp%2Fv2%2Fcomments&post=17869"}],"version-history":[{"count":2,"href":"https:\/\/www.liceodeourense.com\/2.0\/index.php?rest_route=\/wp\/v2\/posts\/17869\/revisions"}],"predecessor-version":[{"id":17874,"href":"https:\/\/www.liceodeourense.com\/2.0\/index.php?rest_route=\/wp\/v2\/posts\/17869\/revisions\/17874"}],"wp:featuredmedia":[{"embeddable":true,"href":"https:\/\/www.liceodeourense.com\/2.0\/index.php?rest_route=\/wp\/v2\/media\/17870"}],"wp:attachment":[{"href":"https:\/\/www.liceodeourense.com\/2.0\/index.php?rest_route=%2Fwp%2Fv2%2Fmedia&parent=17869"}],"wp:term":[{"taxonomy":"category","embeddable":true,"href":"https:\/\/www.liceodeourense.com\/2.0\/index.php?rest_route=%2Fwp%2Fv2%2Fcategories&post=17869"},{"taxonomy":"post_tag","embeddable":true,"href":"https:\/\/www.liceodeourense.com\/2.0\/index.php?rest_route=%2Fwp%2Fv2%2Ftags&post=17869"}],"curies":[{"name":"wp","href":"https:\/\/api.w.org\/{rel}","templated":true}]}}