{"id":17587,"date":"2025-05-30T22:48:05","date_gmt":"2025-05-30T21:48:05","guid":{"rendered":"https:\/\/www.liceodeourense.com\/2.0\/?p=17587"},"modified":"2025-06-02T10:57:26","modified_gmt":"2025-06-02T09:57:26","slug":"increible-concerto-de-carlos-domiguez","status":"publish","type":"post","link":"https:\/\/www.liceodeourense.com\/2.0\/?p=17587","title":{"rendered":"INCRE\u00cdBLE CONCERTO DE  CARLOS DOMIGUEZ. &#8230;"},"content":{"rendered":"<blockquote>\n<h2>O cantautor madrile\u00f1o con ra\u00edces no Bolo\u00a0 regresou o escenario do Liceo de Ourense, nesta ocasi\u00f3n acompa\u00f1ado de Antonio Pinto,\u00a0 coa xira de presentaci\u00f3n do seu disco \u00abUn tempo mellor\u00bb, que percorreu Espa\u00f1a e o L\u00edbano, pa\u00eds no que viviu momentos moi especiais e que gardar\u00e1 para sempre na s\u00faa memoria, onde tam\u00e9n viviu a \u00abchoiva\u00bb de m\u00edsiles de Israel mentres cantaba sobre un escenario.<\/h2>\n<h2>Carlos Dom\u00ednguez, cantautor e f\u00edsico de Madrid con ra\u00edces no Bolo, terra coa que mant\u00e9n un forte v\u00ednculo e que visita cada ver\u00e1n, prepara un novo traballo con Hayfa Nour Yeghiayan, a soprano coa que interpretou \u00abBeirut\u00bb, un traballo que lle levou a realizar unha xira por tres cidades do L\u00edbano (Beirut, Tr\u00edpoli e Baalbek) o pasado mes de abril, convidado polo Instituto Cervantes, que foi todo un \u00e9xito, a pesar de que un deses concertos desenvolveuse baixo o son de m\u00edsiles. Comprometido con L\u00edbano e, en definitiva, con todo o que ten que ver coa paz, a xustiza, a esperanza e o amor, Carlos Dom\u00ednguez atopa na m\u00fasica a s\u00faa forma de expresi\u00f3n, pero tam\u00e9n na escritura pois escribe relatos que plasma no seu blog \u00abCanci\u00f3ns veladas\u00bb. \u00abUn tempo mellor\u00bb \u00e9 o terceiro disco de Carlos Dom\u00ednguez, que se iniciou na m\u00fasica hai m\u00e1is de 20 anos con algunhas par\u00e9nteses marcadas polo devir da vida. A m\u00fasica \u00e9 unha parte indisoluble da s\u00faa existencia, que compatibiliza co seu traballo como f\u00edsico e director do Laboratorio de Tecnolox\u00eda de Pol\u00edmeros da Universidade Rey Juan Carlos.<\/h2>\n<p><img loading=\"lazy\" decoding=\"async\" class=\"alignnone size-full wp-image-17589\" src=\"https:\/\/www.liceodeourense.com\/2.0\/wp-content\/uploads\/CARLOS-DOMINGUEZ-03-1.jpg\" alt=\"\" width=\"1094\" height=\"821\" srcset=\"https:\/\/www.liceodeourense.com\/2.0\/wp-content\/uploads\/CARLOS-DOMINGUEZ-03-1.jpg 1094w, https:\/\/www.liceodeourense.com\/2.0\/wp-content\/uploads\/CARLOS-DOMINGUEZ-03-1-300x225.jpg 300w, https:\/\/www.liceodeourense.com\/2.0\/wp-content\/uploads\/CARLOS-DOMINGUEZ-03-1-1024x768.jpg 1024w, https:\/\/www.liceodeourense.com\/2.0\/wp-content\/uploads\/CARLOS-DOMINGUEZ-03-1-768x576.jpg 768w\" sizes=\"auto, (max-width: 1094px) 100vw, 1094px\" \/> <img loading=\"lazy\" decoding=\"async\" class=\"alignnone size-full wp-image-17590\" src=\"https:\/\/www.liceodeourense.com\/2.0\/wp-content\/uploads\/CARLOS-DOMINGUEZ-04-1.jpg\" alt=\"\" width=\"1094\" height=\"821\" srcset=\"https:\/\/www.liceodeourense.com\/2.0\/wp-content\/uploads\/CARLOS-DOMINGUEZ-04-1.jpg 1094w, https:\/\/www.liceodeourense.com\/2.0\/wp-content\/uploads\/CARLOS-DOMINGUEZ-04-1-300x225.jpg 300w, https:\/\/www.liceodeourense.com\/2.0\/wp-content\/uploads\/CARLOS-DOMINGUEZ-04-1-1024x768.jpg 1024w, https:\/\/www.liceodeourense.com\/2.0\/wp-content\/uploads\/CARLOS-DOMINGUEZ-04-1-768x576.jpg 768w\" sizes=\"auto, (max-width: 1094px) 100vw, 1094px\" \/><img loading=\"lazy\" decoding=\"async\" class=\"alignnone size-full wp-image-17462\" src=\"https:\/\/www.liceodeourense.com\/2.0\/wp-content\/uploads\/CARLOS-DOMINGUEZ-1.jpg\" alt=\"\" width=\"793\" height=\"1123\" srcset=\"https:\/\/www.liceodeourense.com\/2.0\/wp-content\/uploads\/CARLOS-DOMINGUEZ-1.jpg 793w, https:\/\/www.liceodeourense.com\/2.0\/wp-content\/uploads\/CARLOS-DOMINGUEZ-1-212x300.jpg 212w, https:\/\/www.liceodeourense.com\/2.0\/wp-content\/uploads\/CARLOS-DOMINGUEZ-1-723x1024.jpg 723w, https:\/\/www.liceodeourense.com\/2.0\/wp-content\/uploads\/CARLOS-DOMINGUEZ-1-768x1088.jpg 768w\" sizes=\"auto, (max-width: 793px) 100vw, 793px\" \/><\/p>\n<h2><\/h2>\n<\/blockquote>\n","protected":false},"excerpt":{"rendered":"<p>O cantautor madrile\u00f1o con ra\u00edces no Bolo\u00a0 regresou o escenario do Liceo de Ourense, nesta ocasi\u00f3n acompa\u00f1ado de Antonio Pinto,\u00a0 coa xira de presentaci\u00f3n do seu disco \u00abUn tempo mellor\u00bb, que percorreu Espa\u00f1a e o L\u00edbano, pa\u00eds no que viviu momentos moi especiais e que gardar\u00e1 para sempre na s\u00faa memoria, onde tam\u00e9n viviu a [&hellip;]<\/p>\n","protected":false},"author":2,"featured_media":17588,"comment_status":"open","ping_status":"closed","sticky":false,"template":"","format":"standard","meta":{"footnotes":""},"categories":[5,21],"tags":[],"class_list":["post-17587","post","type-post","status-publish","format-standard","has-post-thumbnail","hentry","category-musica","category-musica-concertos-patio-de-columnas"],"_links":{"self":[{"href":"https:\/\/www.liceodeourense.com\/2.0\/index.php?rest_route=\/wp\/v2\/posts\/17587","targetHints":{"allow":["GET"]}}],"collection":[{"href":"https:\/\/www.liceodeourense.com\/2.0\/index.php?rest_route=\/wp\/v2\/posts"}],"about":[{"href":"https:\/\/www.liceodeourense.com\/2.0\/index.php?rest_route=\/wp\/v2\/types\/post"}],"author":[{"embeddable":true,"href":"https:\/\/www.liceodeourense.com\/2.0\/index.php?rest_route=\/wp\/v2\/users\/2"}],"replies":[{"embeddable":true,"href":"https:\/\/www.liceodeourense.com\/2.0\/index.php?rest_route=%2Fwp%2Fv2%2Fcomments&post=17587"}],"version-history":[{"count":1,"href":"https:\/\/www.liceodeourense.com\/2.0\/index.php?rest_route=\/wp\/v2\/posts\/17587\/revisions"}],"predecessor-version":[{"id":17591,"href":"https:\/\/www.liceodeourense.com\/2.0\/index.php?rest_route=\/wp\/v2\/posts\/17587\/revisions\/17591"}],"wp:featuredmedia":[{"embeddable":true,"href":"https:\/\/www.liceodeourense.com\/2.0\/index.php?rest_route=\/wp\/v2\/media\/17588"}],"wp:attachment":[{"href":"https:\/\/www.liceodeourense.com\/2.0\/index.php?rest_route=%2Fwp%2Fv2%2Fmedia&parent=17587"}],"wp:term":[{"taxonomy":"category","embeddable":true,"href":"https:\/\/www.liceodeourense.com\/2.0\/index.php?rest_route=%2Fwp%2Fv2%2Fcategories&post=17587"},{"taxonomy":"post_tag","embeddable":true,"href":"https:\/\/www.liceodeourense.com\/2.0\/index.php?rest_route=%2Fwp%2Fv2%2Ftags&post=17587"}],"curies":[{"name":"wp","href":"https:\/\/api.w.org\/{rel}","templated":true}]}}