{"id":17440,"date":"2025-04-21T21:51:11","date_gmt":"2025-04-21T20:51:11","guid":{"rendered":"https:\/\/www.liceodeourense.com\/2.0\/?p=17440"},"modified":"2025-04-22T20:51:52","modified_gmt":"2025-04-22T19:51:52","slug":"extraordinario-concerto-sacro-da-coral-do-liceo-2","status":"publish","type":"post","link":"https:\/\/www.liceodeourense.com\/2.0\/?p=17440","title":{"rendered":"EXTRAORDINARIO CONCERTO SACRO DA CORAL DO LICEO."},"content":{"rendered":"<h3>Hoxe, Luns de Pascua,\u00a0 na Iglesia de Santa Mar\u00eda Nai, a Coral do Liceo ofrecreu o seu tradicional Concerto Sacro, cun programa extraordinario interpretado maxistralmente. Noraboa a todos\/as os coralistas e a s\u00faa Directora Yolanda Grela. Moitas gracias todos os que nos acompa\u00f1aron e que encheron non so f\u00edsicamente o templo, sen\u00f3n que lle deron todo\u00a0 o seu calor a coral cos seus aplausos. Tam\u00e9n o noso agradecemento o Cabildo da Catedral por permitirnos celebrar na Iglesia este concerto.<\/h3>\n<p><img loading=\"lazy\" decoding=\"async\" class=\"alignnone size-full wp-image-17441\" src=\"https:\/\/www.liceodeourense.com\/2.0\/wp-content\/uploads\/CORAL-SACRO-02.jpg\" alt=\"\" width=\"1824\" height=\"1368\" srcset=\"https:\/\/www.liceodeourense.com\/2.0\/wp-content\/uploads\/CORAL-SACRO-02.jpg 1824w, https:\/\/www.liceodeourense.com\/2.0\/wp-content\/uploads\/CORAL-SACRO-02-300x225.jpg 300w, https:\/\/www.liceodeourense.com\/2.0\/wp-content\/uploads\/CORAL-SACRO-02-1024x768.jpg 1024w, https:\/\/www.liceodeourense.com\/2.0\/wp-content\/uploads\/CORAL-SACRO-02-768x576.jpg 768w, https:\/\/www.liceodeourense.com\/2.0\/wp-content\/uploads\/CORAL-SACRO-02-1536x1152.jpg 1536w\" sizes=\"auto, (max-width: 1824px) 100vw, 1824px\" \/><\/p>\n<p>&nbsp;<\/p>\n<p><iframe loading=\"lazy\" title=\"YouTube video player\" src=\"https:\/\/www.youtube.com\/embed\/j-0oerfMIvA?si=LsQPfoAyCwetLZOu\" width=\"560\" height=\"315\" frameborder=\"0\" allowfullscreen=\"allowfullscreen\"><\/iframe><\/p>\n<p><iframe loading=\"lazy\" title=\"YouTube video player\" src=\"https:\/\/www.youtube.com\/embed\/dT2pwS6PVyM?si=qJ7MysCHqR7vk8X2\" width=\"560\" height=\"315\" frameborder=\"0\" allowfullscreen=\"allowfullscreen\"><\/iframe><\/p>\n<p><iframe loading=\"lazy\" title=\"YouTube video player\" src=\"https:\/\/www.youtube.com\/embed\/FokqOxf7APo?si=o4RJCfdjIhzzQI4v\" width=\"560\" height=\"315\" frameborder=\"0\" allowfullscreen=\"allowfullscreen\"><\/iframe><\/p>\n<p><iframe loading=\"lazy\" title=\"YouTube video player\" src=\"https:\/\/www.youtube.com\/embed\/jTei0u7ph8s?si=GvUiXO8hq6_d1Fjl\" width=\"560\" height=\"315\" frameborder=\"0\" allowfullscreen=\"allowfullscreen\"><\/iframe><\/p>\n","protected":false},"excerpt":{"rendered":"<p>Hoxe, Luns de Pascua,\u00a0 na Iglesia de Santa Mar\u00eda Nai, a Coral do Liceo ofrecreu o seu tradicional Concerto Sacro, cun programa extraordinario interpretado maxistralmente. Noraboa a todos\/as os coralistas e a s\u00faa Directora Yolanda Grela. Moitas gracias todos os que nos acompa\u00f1aron e que encheron non so f\u00edsicamente o templo, sen\u00f3n que lle deron [&hellip;]<\/p>\n","protected":false},"author":2,"featured_media":17442,"comment_status":"open","ping_status":"closed","sticky":false,"template":"","format":"standard","meta":{"footnotes":""},"categories":[14],"tags":[],"class_list":["post-17440","post","type-post","status-publish","format-standard","has-post-thumbnail","hentry","category-musica-coral-liceo"],"_links":{"self":[{"href":"https:\/\/www.liceodeourense.com\/2.0\/index.php?rest_route=\/wp\/v2\/posts\/17440","targetHints":{"allow":["GET"]}}],"collection":[{"href":"https:\/\/www.liceodeourense.com\/2.0\/index.php?rest_route=\/wp\/v2\/posts"}],"about":[{"href":"https:\/\/www.liceodeourense.com\/2.0\/index.php?rest_route=\/wp\/v2\/types\/post"}],"author":[{"embeddable":true,"href":"https:\/\/www.liceodeourense.com\/2.0\/index.php?rest_route=\/wp\/v2\/users\/2"}],"replies":[{"embeddable":true,"href":"https:\/\/www.liceodeourense.com\/2.0\/index.php?rest_route=%2Fwp%2Fv2%2Fcomments&post=17440"}],"version-history":[{"count":1,"href":"https:\/\/www.liceodeourense.com\/2.0\/index.php?rest_route=\/wp\/v2\/posts\/17440\/revisions"}],"predecessor-version":[{"id":17443,"href":"https:\/\/www.liceodeourense.com\/2.0\/index.php?rest_route=\/wp\/v2\/posts\/17440\/revisions\/17443"}],"wp:featuredmedia":[{"embeddable":true,"href":"https:\/\/www.liceodeourense.com\/2.0\/index.php?rest_route=\/wp\/v2\/media\/17442"}],"wp:attachment":[{"href":"https:\/\/www.liceodeourense.com\/2.0\/index.php?rest_route=%2Fwp%2Fv2%2Fmedia&parent=17440"}],"wp:term":[{"taxonomy":"category","embeddable":true,"href":"https:\/\/www.liceodeourense.com\/2.0\/index.php?rest_route=%2Fwp%2Fv2%2Fcategories&post=17440"},{"taxonomy":"post_tag","embeddable":true,"href":"https:\/\/www.liceodeourense.com\/2.0\/index.php?rest_route=%2Fwp%2Fv2%2Ftags&post=17440"}],"curies":[{"name":"wp","href":"https:\/\/api.w.org\/{rel}","templated":true}]}}