{"id":17103,"date":"2024-12-29T20:29:56","date_gmt":"2024-12-29T19:29:56","guid":{"rendered":"https:\/\/www.liceodeourense.com\/2.0\/?p=17103"},"modified":"2024-12-30T12:53:00","modified_gmt":"2024-12-30T11:53:00","slug":"magnifico-espectaculo-do-mago-deimi","status":"publish","type":"post","link":"https:\/\/www.liceodeourense.com\/2.0\/?p=17103","title":{"rendered":"MAGN\u00cdFICO ESPECT\u00c1CULO DO MAGO DEIMI."},"content":{"rendered":"<h3>MAGN\u00cdFICO ESPECT\u00c1CULO DO MAGO DEIMI, para pechar o ano no LICEO, da gusto cuando o p\u00fablico se entrega da maneira que o fixeron hoxe e colabora con un mestre da maxia, e DEIMI o supo \u00abcamelar\u00bb para disfrutar dunha tarde preciosa de diversi\u00f3n e m\u00e1xia. MOITAS GRACIAS DEIMI.. E moitas gracias a todos os que nos acompa\u00f1astedes en especial os amigos de ASPANAS.<\/h3>\n<p><img loading=\"lazy\" decoding=\"async\" class=\"alignnone size-full wp-image-17104\" src=\"https:\/\/www.liceodeourense.com\/2.0\/wp-content\/uploads\/MAGO-DEIMI-03.jpg\" alt=\"\" width=\"912\" height=\"684\" srcset=\"https:\/\/www.liceodeourense.com\/2.0\/wp-content\/uploads\/MAGO-DEIMI-03.jpg 912w, https:\/\/www.liceodeourense.com\/2.0\/wp-content\/uploads\/MAGO-DEIMI-03-300x225.jpg 300w, https:\/\/www.liceodeourense.com\/2.0\/wp-content\/uploads\/MAGO-DEIMI-03-768x576.jpg 768w\" sizes=\"auto, (max-width: 912px) 100vw, 912px\" \/> <img loading=\"lazy\" decoding=\"async\" class=\"alignnone size-full wp-image-17106\" src=\"https:\/\/www.liceodeourense.com\/2.0\/wp-content\/uploads\/MAGO-DEIMI-05.jpg\" alt=\"\" width=\"684\" height=\"912\" srcset=\"https:\/\/www.liceodeourense.com\/2.0\/wp-content\/uploads\/MAGO-DEIMI-05.jpg 684w, https:\/\/www.liceodeourense.com\/2.0\/wp-content\/uploads\/MAGO-DEIMI-05-225x300.jpg 225w\" sizes=\"auto, (max-width: 684px) 100vw, 684px\" \/><img loading=\"lazy\" decoding=\"async\" class=\"alignnone size-full wp-image-17094\" src=\"https:\/\/www.liceodeourense.com\/2.0\/wp-content\/uploads\/MAGO-DEIMI-v2.jpg\" alt=\"\" width=\"1283\" height=\"1814\" srcset=\"https:\/\/www.liceodeourense.com\/2.0\/wp-content\/uploads\/MAGO-DEIMI-v2.jpg 1283w, https:\/\/www.liceodeourense.com\/2.0\/wp-content\/uploads\/MAGO-DEIMI-v2-212x300.jpg 212w, https:\/\/www.liceodeourense.com\/2.0\/wp-content\/uploads\/MAGO-DEIMI-v2-724x1024.jpg 724w, https:\/\/www.liceodeourense.com\/2.0\/wp-content\/uploads\/MAGO-DEIMI-v2-768x1086.jpg 768w, https:\/\/www.liceodeourense.com\/2.0\/wp-content\/uploads\/MAGO-DEIMI-v2-1086x1536.jpg 1086w\" sizes=\"auto, (max-width: 1283px) 100vw, 1283px\" \/><\/p>\n<p>&nbsp;<\/p>\n","protected":false},"excerpt":{"rendered":"<p>MAGN\u00cdFICO ESPECT\u00c1CULO DO MAGO DEIMI, para pechar o ano no LICEO, da gusto cuando o p\u00fablico se entrega da maneira que o fixeron hoxe e colabora con un mestre da maxia, e DEIMI o supo \u00abcamelar\u00bb para disfrutar dunha tarde preciosa de diversi\u00f3n e m\u00e1xia. MOITAS GRACIAS DEIMI.. E moitas gracias a todos os que [&hellip;]<\/p>\n","protected":false},"author":2,"featured_media":17105,"comment_status":"open","ping_status":"closed","sticky":false,"template":"","format":"standard","meta":{"footnotes":""},"categories":[9],"tags":[],"class_list":["post-17103","post","type-post","status-publish","format-standard","has-post-thumbnail","hentry","category-varios"],"_links":{"self":[{"href":"https:\/\/www.liceodeourense.com\/2.0\/index.php?rest_route=\/wp\/v2\/posts\/17103","targetHints":{"allow":["GET"]}}],"collection":[{"href":"https:\/\/www.liceodeourense.com\/2.0\/index.php?rest_route=\/wp\/v2\/posts"}],"about":[{"href":"https:\/\/www.liceodeourense.com\/2.0\/index.php?rest_route=\/wp\/v2\/types\/post"}],"author":[{"embeddable":true,"href":"https:\/\/www.liceodeourense.com\/2.0\/index.php?rest_route=\/wp\/v2\/users\/2"}],"replies":[{"embeddable":true,"href":"https:\/\/www.liceodeourense.com\/2.0\/index.php?rest_route=%2Fwp%2Fv2%2Fcomments&post=17103"}],"version-history":[{"count":2,"href":"https:\/\/www.liceodeourense.com\/2.0\/index.php?rest_route=\/wp\/v2\/posts\/17103\/revisions"}],"predecessor-version":[{"id":17111,"href":"https:\/\/www.liceodeourense.com\/2.0\/index.php?rest_route=\/wp\/v2\/posts\/17103\/revisions\/17111"}],"wp:featuredmedia":[{"embeddable":true,"href":"https:\/\/www.liceodeourense.com\/2.0\/index.php?rest_route=\/wp\/v2\/media\/17105"}],"wp:attachment":[{"href":"https:\/\/www.liceodeourense.com\/2.0\/index.php?rest_route=%2Fwp%2Fv2%2Fmedia&parent=17103"}],"wp:term":[{"taxonomy":"category","embeddable":true,"href":"https:\/\/www.liceodeourense.com\/2.0\/index.php?rest_route=%2Fwp%2Fv2%2Fcategories&post=17103"},{"taxonomy":"post_tag","embeddable":true,"href":"https:\/\/www.liceodeourense.com\/2.0\/index.php?rest_route=%2Fwp%2Fv2%2Ftags&post=17103"}],"curies":[{"name":"wp","href":"https:\/\/api.w.org\/{rel}","templated":true}]}}